{"id":379467,"date":"2025-09-10T05:16:13","date_gmt":"2025-09-10T05:16:13","guid":{"rendered":"https:\/\/www.europesays.com\/fr\/379467\/"},"modified":"2025-09-10T05:16:13","modified_gmt":"2025-09-10T05:16:13","slug":"alizee-sa-propre-fille-sest-occupee-de-son-make-up-pour-ses-25-ans-a-lolympia","status":"publish","type":"post","link":"https:\/\/www.europesays.com\/fr\/379467\/","title":{"rendered":"Aliz\u00e9e : sa propre fille s\u2019est occup\u00e9e de son make-up pour ses 25 ans \u00e0 l\u2019Olympia"},"content":{"rendered":"<p>Si <a href=\"https:\/\/www.public.fr\/tag\/alizee\" target=\"_blank\" rel=\"noopener\">Aliz\u00e9e<\/a> se fait de plus en plus discr\u00e8te et a fait le choix de s\u2019\u00e9loigner de la sc\u00e8ne m\u00e9diatique depuis sa victoire dans <strong>Danse avec les stars<\/strong> en 2013, ses fans ne l\u2019ont jamais oubli\u00e9e. La preuve, avec <a href=\"https:\/\/www.public.fr\/alizee-avant-son-olympia-sa-fille-annily-publie-une-video-inattendue\" target=\"_blank\" rel=\"noopener\">ses deux concerts \u00e0 l\u2019Olympia<\/a>, \u00e0 guichets ferm\u00e9s, pour <strong><a href=\"https:\/\/www.public.fr\/elle-est-decedee-annily-la-fille-dalizee-fait-une-triste-confidence\" target=\"_blank\" rel=\"noopener\">la maman d\u2019Annily Chatelain<\/a><\/strong>.\u00a0<\/p>\n<p>En effet, les 7 et 8 septembre 2025, l\u2019interpr\u00e8te de <strong>Moi\u2026 Lolita<\/strong> a rempli l\u2019Olympia deux soirs d\u2019affil\u00e9 pour c\u00e9l\u00e9brer ses 25 ans de carri\u00e8re. Pour cet \u00e9v\u00e9nement important, la compagne de <a href=\"https:\/\/www.public.fr\/tag\/gregoire-lyonnet\" target=\"_blank\" rel=\"noopener\">Gregoire Lyonnet<\/a> n\u2019a d\u2019ailleurs pas choisi cette salle au hasard.<\/p>\n<p>Deux concerts sp\u00e9ciaux pour Aliz\u00e9e<\/p>\n<p>Dans les colonnes de BFMTV, Aliz\u00e9e a en effet expliqu\u00e9 pour quelles raisons son choix s\u2019\u00e9tait port\u00e9 sur l\u2019Olympia pour ces deux concerts \u00e9v\u00e9nements. \u00ab\u00a0C\u2019est une salle vraiment mythique, les plus grands sont pass\u00e9s par l\u00e0. Je ne voyais pas d\u2019autres endroits pour faire cet anniversaire\u00a0\u00bb, a-t-elle expliqu\u00e9.<\/p>\n<p>En ce qui concerne les chansons interpr\u00e9t\u00e9es sur la sc\u00e8ne parisienne, <a href=\"https:\/\/vsd.fr\/51768-alizee-avec-annily-telle-mere-telle-fille\/\" target=\"_blank\" rel=\"noopener\">la maman d\u2019Annily Chatelain<\/a> a souhait\u00e9 sonder son public avant de valider la liste finale. \u00ab\u00a0<strong>Cet anniversaire ce n\u2019\u00e9tait pas que le mien<\/strong>, c\u2019\u00e9tait aussi celui du public\u00a0\u00bb, a-t-elle rappel\u00e9 dans un premier temps.<\/p>\n<p>Avant de poursuivre :\u00a0 \u00ab\u00a0donc pour que tout le monde soit content du d\u00e9but \u00e0 la fin (&#8230;) on a fait un sondage sur plusieurs semaines et <strong>on a pris les chansons qui avaient le plus de pourcentage<\/strong>\u00ab\u00a0. Pour prendre du plaisir, et \u00e9galement faire plaisir \u00e0 son public, la chanteuse \u00e2g\u00e9e de 41 ans a donc souhait\u00e9 interroger ceux qui la suivent depuis ses d\u00e9buts.<\/p>\n<p>De fait, les spectateurs pr\u00e9sents \u00e0 l\u2019Olympia ont pu chanter et se replonger dans le pass\u00e9 en encourageant Aliz\u00e9e sur sc\u00e8ne, reprendre ses plus grands tubes. En passant de J\u2019en ai marre \u00e0 J\u2019ai pas vingt ans, ou encore, sans surprise, <strong>Moi\u2026 Lolita<\/strong>.\u00a0<\/p>\n<p>Sa fille, Annily, s&rsquo;occupe de son make-up pour l&rsquo;Olympia<\/p>\n<p>En plus des chansons iconiques, la chanteuse de 41 ans a d\u00e9cid\u00e9 de porter les tenues qu\u2019elle arborait autrefois. Des tenues que l\u2019on doit d\u2019ailleurs \u00e0 Myl\u00e8ne Farmer comme le rappellent nos confr\u00e8res de BFMTV.\u00a0<\/p>\n<p>\u00ab\u00a0J&rsquo;ai demand\u00e9 \u00e0 Myl\u00e8ne de fouiller dans ses archives et elle a \u00e9videmment tout gard\u00e9. Avec Myl\u00e8ne on se parle tr\u00e8s souvent pour tout et n\u2019importe quoi, pour commenter un film, pour s\u2019envoyer des blagues ou pour des photos de nos animaux\u00a0\u00bb, a d\u2019ailleurs confi\u00e9 Aliz\u00e9e, toujours aupr\u00e8s de BFMTV.<\/p>\n<p>Au niveau du maquillage, l\u2019artiste a d\u00e9cid\u00e9 de <strong>mettre sa propre fille \u00e0 l\u2019honneur<\/strong>. Annily Chatelain, en plus d\u2019\u00eatre la fille de la chanteuse, a fait du maquillage son m\u00e9tier. <strong>Maquilleuse professionnelle<\/strong>, elle a pu s\u2019occuper du make-up de sa maman comme le prouve une vid\u00e9o publi\u00e9e par la principale int\u00e9ress\u00e9e sur son compte Instagram ce mardi 9 septembre 2025.\u00a0<\/p>\n<p><strong>\u00ab\u00a0Makeup pour ma maman @alizeeofficiel \u00e0 l\u2019Olympia\u00a0\u00bb<\/strong>, s\u2019est r\u00e9jouie la jeune femme, fruit de l\u2019amour entre Aliz\u00e9e et J\u00e9r\u00e9my Chatelain, candidat de la <strong>Star Academy<\/strong> en 2002.<\/p>\n<p>      Mentionn\u00e9s dans cet article<\/p>\n<p>      Sur le m\u00eame sujet<\/p>\n","protected":false},"excerpt":{"rendered":"Si Aliz\u00e9e se fait de plus en plus discr\u00e8te et a fait le choix de s\u2019\u00e9loigner de la&hellip;\n","protected":false},"author":2,"featured_media":379468,"comment_status":"","ping_status":"","sticky":false,"template":"","format":"standard","meta":{"footnotes":""},"categories":[1355],"tags":[21748,58,59,1011,27,1361,873,13995,15955],"class_list":{"0":"post-379467","1":"post","2":"type-post","3":"status-publish","4":"format-standard","5":"has-post-thumbnail","7":"category-musique","8":"tag-alizee","9":"tag-divertissement","10":"tag-entertainment","11":"tag-fr","12":"tag-france","13":"tag-music","14":"tag-musique","15":"tag-mylene-farmer","16":"tag-olympia"},"share_on_mastodon":{"url":"https:\/\/pubeurope.com\/@fr\/115178306537482685","error":""},"_links":{"self":[{"href":"https:\/\/www.europesays.com\/fr\/wp-json\/wp\/v2\/posts\/379467","targetHints":{"allow":["GET"]}}],"collection":[{"href":"https:\/\/www.europesays.com\/fr\/wp-json\/wp\/v2\/posts"}],"about":[{"href":"https:\/\/www.europesays.com\/fr\/wp-json\/wp\/v2\/types\/post"}],"author":[{"embeddable":true,"href":"https:\/\/www.europesays.com\/fr\/wp-json\/wp\/v2\/users\/2"}],"replies":[{"embeddable":true,"href":"https:\/\/www.europesays.com\/fr\/wp-json\/wp\/v2\/comments?post=379467"}],"version-history":[{"count":0,"href":"https:\/\/www.europesays.com\/fr\/wp-json\/wp\/v2\/posts\/379467\/revisions"}],"wp:featuredmedia":[{"embeddable":true,"href":"https:\/\/www.europesays.com\/fr\/wp-json\/wp\/v2\/media\/379468"}],"wp:attachment":[{"href":"https:\/\/www.europesays.com\/fr\/wp-json\/wp\/v2\/media?parent=379467"}],"wp:term":[{"taxonomy":"category","embeddable":true,"href":"https:\/\/www.europesays.com\/fr\/wp-json\/wp\/v2\/categories?post=379467"},{"taxonomy":"post_tag","embeddable":true,"href":"https:\/\/www.europesays.com\/fr\/wp-json\/wp\/v2\/tags?post=379467"}],"curies":[{"name":"wp","href":"https:\/\/api.w.org\/{rel}","templated":true}]}}