{"id":379475,"date":"2025-09-10T05:20:11","date_gmt":"2025-09-10T05:20:11","guid":{"rendered":"https:\/\/www.europesays.com\/fr\/379475\/"},"modified":"2025-09-10T05:20:11","modified_gmt":"2025-09-10T05:20:11","slug":"un-cadavre-en-decomposition-retrouve-dans-la-tesla-du-rappeur-d4vd-a-hollywood","status":"publish","type":"post","link":"https:\/\/www.europesays.com\/fr\/379475\/","title":{"rendered":"Un cadavre en d\u00e9composition retrouv\u00e9 dans la Tesla du rappeur D4vd \u00e0 Hollywood"},"content":{"rendered":"<p>Les voisins d\u2019une fourri\u00e8re ont appel\u00e9 la police pour signaler une odeur naus\u00e9abonde provenant du site, situ\u00e9 dans le c\u00e9l\u00e8bre quartier de Los Angeles.<\/p>\n<p class=\"fig-paragraph\">Un cadavre en d\u00e9composition a \u00e9t\u00e9 retrouv\u00e9 \u00e0\u00a0<a href=\"https:\/\/www.lefigaro.fr\/tag\/hollywood\" target=\"_blank\" rel=\"sponsored noopener\" data-gtm-custom-categorie=\"navigation\" data-gtm-custom-action=\"crossclick\" data-gtm-custom-label=\"Contextuel\" data-gtm-event=\"customEventSPE\">Hollywood<\/a>\u00a0dans le coffre d&rsquo;une Tesla immatricul\u00e9e au nom de la star montante du rap am\u00e9ricain D4vd, ont rapport\u00e9 mardi la police et les m\u00e9dias.<\/p>\n<p class=\"fig-paragraph\">Les voisins d&rsquo;une fourri\u00e8re ont appel\u00e9 la police lundi pour signaler une odeur naus\u00e9abonde provenant du site, situ\u00e9 dans le c\u00e9l\u00e8bre quartier de Los Angeles. \u00c0 leur arriv\u00e9e, les agents ont d\u00e9clar\u00e9 avoir trouv\u00e9 un corps en d\u00e9composition envelopp\u00e9 dans une b\u00e2che en plastique dans le coffre.<\/p>\n<p>                                    <a class=\"fig-a11y-skip a11y-hidden\" href=\"#fig-a11y-skip-main-inarticle\"><br \/>\n        Passer la publicit\u00e9<br \/>\n    <\/a><\/p>\n<p class=\"fig-paragraph\">\u00abNous avons \u00e9t\u00e9 avertis ce matin, et la voiture est ici depuis quelques jours\u00bb, a expliqu\u00e9 \u00e0 la presse Robert Peters, de la police de Los Angeles.<\/p>\n<p>Succ\u00e8s fulgurant sur TikTok<\/p>\n<p class=\"fig-paragraph\">Le v\u00e9hicule est immatricul\u00e9 au Texas, au nom de David Anthony Burke, dont le nom de sc\u00e8ne est D4vd, selon la cha\u00eene d&rsquo;information ABC7. \u00c2g\u00e9 de 20 ans, D4vd devait se produire mardi \u00e0 Minneapolis, au nord des \u00c9tats-Unis, derni\u00e8re \u00e9tape de sa tourn\u00e9e mondiale.<\/p>\n<p class=\"fig-paragraph\">Le jeune homme est devenu c\u00e9l\u00e8bre en 2022 lorsque son titre Romantic Homicide a connu un succ\u00e8s fulgurant sur TikTok. D4vd a continu\u00e9 \u00e0 publier sur les r\u00e9seaux sociaux ces derniers jours pour promouvoir son nouvel album, mais n&rsquo;a fait aucune r\u00e9f\u00e9rence \u00e0 cette macabre d\u00e9couverte.<\/p>\n<p class=\"fig-paragraph\">La fourri\u00e8re o\u00f9 le cadavre a \u00e9t\u00e9 retrouv\u00e9 se trouve \u00e0 deux pas du nouveau Tesla Diner, un restaurant d\u00e9di\u00e9 \u00e0 la marque automobile d&rsquo;Elon Musk, qui a ouvert ses portes en grande pompe \u00e0 Hollywood en juillet.<\/p>\n","protected":false},"excerpt":{"rendered":"Les voisins d\u2019une fourri\u00e8re ont appel\u00e9 la police pour signaler une odeur naus\u00e9abonde provenant du site, situ\u00e9 dans&hellip;\n","protected":false},"author":2,"featured_media":379476,"comment_status":"","ping_status":"","sticky":false,"template":"","format":"standard","meta":{"footnotes":""},"categories":[8],"tags":[58,59,6017,1011,27,6198],"class_list":{"0":"post-379475","1":"post","2":"type-post","3":"status-publish","4":"format-standard","5":"has-post-thumbnail","7":"category-divertissement","8":"tag-divertissement","9":"tag-entertainment","10":"tag-fait-divers","11":"tag-fr","12":"tag-france","13":"tag-rappeur"},"share_on_mastodon":{"url":"","error":""},"_links":{"self":[{"href":"https:\/\/www.europesays.com\/fr\/wp-json\/wp\/v2\/posts\/379475","targetHints":{"allow":["GET"]}}],"collection":[{"href":"https:\/\/www.europesays.com\/fr\/wp-json\/wp\/v2\/posts"}],"about":[{"href":"https:\/\/www.europesays.com\/fr\/wp-json\/wp\/v2\/types\/post"}],"author":[{"embeddable":true,"href":"https:\/\/www.europesays.com\/fr\/wp-json\/wp\/v2\/users\/2"}],"replies":[{"embeddable":true,"href":"https:\/\/www.europesays.com\/fr\/wp-json\/wp\/v2\/comments?post=379475"}],"version-history":[{"count":0,"href":"https:\/\/www.europesays.com\/fr\/wp-json\/wp\/v2\/posts\/379475\/revisions"}],"wp:featuredmedia":[{"embeddable":true,"href":"https:\/\/www.europesays.com\/fr\/wp-json\/wp\/v2\/media\/379476"}],"wp:attachment":[{"href":"https:\/\/www.europesays.com\/fr\/wp-json\/wp\/v2\/media?parent=379475"}],"wp:term":[{"taxonomy":"category","embeddable":true,"href":"https:\/\/www.europesays.com\/fr\/wp-json\/wp\/v2\/categories?post=379475"},{"taxonomy":"post_tag","embeddable":true,"href":"https:\/\/www.europesays.com\/fr\/wp-json\/wp\/v2\/tags?post=379475"}],"curies":[{"name":"wp","href":"https:\/\/api.w.org\/{rel}","templated":true}]}}