{"id":379479,"date":"2025-09-10T05:22:11","date_gmt":"2025-09-10T05:22:11","guid":{"rendered":"https:\/\/www.europesays.com\/fr\/379479\/"},"modified":"2025-09-10T05:22:11","modified_gmt":"2025-09-10T05:22:11","slug":"gel-des-retraites-en-2026-les-mesures-urgentes-a-prendre-pour-sauver-votre-pouvoir-dachat","status":"publish","type":"post","link":"https:\/\/www.europesays.com\/fr\/379479\/","title":{"rendered":"Gel des retraites en 2026 : les mesures urgentes \u00e0 prendre pour sauver votre pouvoir d\u2019achat"},"content":{"rendered":"<p>\u00c0 peine remis de la derni\u00e8re r\u00e9forme des retraites, les retrait\u00e9s fran\u00e7ais voient poindre \u00e0 l&rsquo;horizon 2026 une nouvelle temp\u00eate : le gel annonc\u00e9 des pensions menace de rogner leur pouvoir d&rsquo;achat. Derri\u00e8re les promesses d&rsquo;\u00e9ph\u00e9m\u00e9rit\u00e9, c&rsquo;est tout l&rsquo;\u00e9quilibre budg\u00e9taire de 17 millions de m\u00e9nages qui vacille. Faut-il dramatiser ? Certainement pas. Mais fermer les yeux serait une erreur, car les d\u00e9cisions \u00e0 prendre d\u00e8s aujourd&rsquo;hui pourraient bien faire toute la diff\u00e9rence demain. D\u00e9cortiquons ensemble ce qui attend les seniors\u2026 et comment transformer cette <strong>\u00ab ann\u00e9e blanche \u00bb<\/strong> annonc\u00e9e en parenth\u00e8se supportable, sans sombrer dans la morosit\u00e9.<\/p>\n<p>Comprendre le gel des retraites de 2026 : pourquoi cette mesure menace imm\u00e9diatement votre portefeuille<br \/>\nD\u00e9crypter la d\u00e9cision du gouvernement : les raisons officielles derri\u00e8re ce gel in\u00e9dit<\/p>\n<p>Sous couvert d&rsquo;imp\u00e9ratifs budg\u00e9taires, le gouvernement a act\u00e9 pour 2026 une mesure radicale : le <strong>gel des retraites de base<\/strong>. Concr\u00e8tement, il ne s&rsquo;agit ni plus ni moins que de figer les montants vers\u00e9s en 2025 pour toute l&rsquo;ann\u00e9e suivante, <strong>sans revalorisation pour tenir compte de l&rsquo;inflation<\/strong>.<\/p>\n<p>L&rsquo;objectif affich\u00e9 de cette \u00ab ann\u00e9e blanche \u00bb ? Permettre \u00e0 l&rsquo;\u00c9tat de souffler face \u00e0 la d\u00e9rive des finances publiques, le tout orchestr\u00e9 par Fran\u00e7ois Bayrou comme pilote du budget. Si l&rsquo;on en croit les annonces, ce gel ne serait que temporaire, avec promesse de \u00ab retour \u00e0 la normale \u00bb en 2027\u2026 mais la <strong>prudence reste de mise<\/strong> : l&rsquo;histoire a souvent montr\u00e9 que les arrangements temporaires peuvent s&rsquo;inscrire dans la dur\u00e9e.<\/p>\n<p>L&rsquo;impact concret sur votre budget quotidien : ce que cela change vraiment pour les retrait\u00e9s<\/p>\n<p>Le plus tangible ? <strong>La perte de pouvoir d&rsquo;achat<\/strong>. En 2026, l&rsquo;inflation devrait d\u00e9passer 1,4 % selon les projections, alors que les pensions resteront inchang\u00e9es. Sur une pension moyenne de 1 200 \u20ac par mois, cela \u00e9quivaut \u00e0 environ 200 \u20ac de pouvoir d&rsquo;achat \u00e9vapor\u00e9 en une ann\u00e9e. Les <a href=\"https:\/\/journaldesseniors.20minutes.fr\/actualite\/revalorisation-des-retraites-au-1er-septembre-2024-combien-allez-vous-toucher-et-sous-quelles-conditions\/\" target=\"_blank\" rel=\"noopener\">pensions sup\u00e9rieures \u00e0 1 667 \u20ac par mois<\/a> risquent de voir la facture grimper davantage, entre gel, fiscalit\u00e9 en hausse et \u00e9ventuelle r\u00e9vision de la CSG.<\/p>\n<p>Les premiers effets ressentis : quand le pouvoir d&rsquo;achat fond comme neige au soleil<br \/>\nInflation, vie ch\u00e8re, d\u00e9penses incompressibles : le cocktail explosif pour les seniors<\/p>\n<p>Quand tout augmente, sauf la retraite, l&rsquo;addition devient vite sal\u00e9e : difficile d&rsquo;agir sur le panier de courses ou les factures d&rsquo;\u00e9nergie, surtout lorsque le moindre euro compte. <strong>Le gel tombe d&rsquo;ailleurs au pire moment<\/strong>, alors que la tendance inflationniste commence \u00e0 peser sur le quotidien : alimentation, sant\u00e9, carburant\u2026 rien n&rsquo;\u00e9chappe \u00e0 la hausse g\u00e9n\u00e9ralis\u00e9e.<\/p>\n<p>Dans ce contexte, chaque retrait\u00e9 devra arbitrer : faut-il rogner sur les loisirs, les petits plaisirs ou diff\u00e9rer certains achats ? Pour beaucoup, l&rsquo;\u00e9quation n&rsquo;aura rien de th\u00e9orique et imposera des <strong>choix concrets et parfois difficiles<\/strong>.<\/p>\n<p>Impacts financiers concrets : des situations r\u00e9elles qui parlent d&rsquo;elles-m\u00eames<\/p>\n<p>Prenons le cas d&rsquo;une retrait\u00e9e percevant 1 400 \u20ac mensuels. Entre la stagnation de sa pension et la suppression de l&rsquo;<a href=\"https:\/\/journaldesseniors.20minutes.fr\/retraite\/nouveaux-abattements-fiscaux-retraites-2024\/\" target=\"_blank\" rel=\"noopener\">abattement fiscal<\/a> au profit d&rsquo;un forfait unique (2 000 \u20ac), l&rsquo;impact reste limit\u00e9\u2026 mais d\u00e8s 3 000 \u20ac de pension mensuelle, la perte atteint rapidement 33 \u20ac par mois. Cette somme peut faire la diff\u00e9rence sur l&rsquo;entretien d&rsquo;un logement, les frais de sant\u00e9 ou le soutien aux petits-enfants.<\/p>\n<p>Les adaptations deviennent <strong>incontournables<\/strong> : passage \u00e0 des marques distributeurs, optimisation des abonnements, mutualisation des d\u00e9placements. Pour les plus pr\u00e9voyants, la vigilance portera sur la gestion fine des d\u00e9penses et sur une anticipation sans faille du moindre changement fiscal ou social.<\/p>\n<p>Ne pas subir, agir : les r\u00e9flexes indispensables pour pr\u00e9server vos finances d\u00e8s aujourd&rsquo;hui<br \/>\n Anticiper et ajuster son budget en pr\u00e9vision du gel<\/p>\n<p>Premier r\u00e9flexe : <strong>reprendre la main sur son budget<\/strong>. Cela passe par un examen pointu de chaque poste de d\u00e9pense : abonnement t\u00e9l\u00e9phonique, factures d&rsquo;\u00e9nergie, assurances\u2026 Rien ne doit \u00eatre laiss\u00e9 au hasard. En sch\u00e9matisant, voici l&rsquo;impact possible du gel pour diff\u00e9rentes pensions :<\/p>\n<tr>\nPension mensuelle<br \/>\nPerte annuelle estim\u00e9e due au gel<br \/>\n<\/tr>\n<tr>\n<td>1 200 \u20ac<\/td>\n<td>\u2248 200 \u20ac<\/td>\n<\/tr>\n<tr>\n<td>1 667 \u20ac<\/td>\n<td>\u2248 280 \u20ac<\/td>\n<\/tr>\n<tr>\n<td>3 000 \u20ac<\/td>\n<td>\u2248 400 \u20ac<\/td>\n<\/tr>\n<p>Profiter de 2025 pour faire un <strong>bilan complet de ses d\u00e9penses<\/strong>, identifier les \u00e9conomies possibles et ren\u00e9gocier certains contrats est donc une priorit\u00e9. L&rsquo;objectif : anticiper pour n&rsquo;\u00eatre pris au d\u00e9pourvu par aucune mauvaise surprise.<\/p>\n<p>Profiter des aides, droits et dispositifs existants pour limiter la casse<\/p>\n<p>S&rsquo;il y a un moment pour r\u00e9cup\u00e9rer chaque euro, c&rsquo;est bien maintenant. Plusieurs dispositifs existent : aide au logement, ch\u00e8que \u00e9nergie, compl\u00e9mentaire sant\u00e9 solidaire\u2026 Mieux vaut v\u00e9rifier p\u00e9riodiquement ses droits, surtout si la situation financi\u00e8re \u00e9volue.<\/p>\n<ul>\n<li>Pensez au forfait fiscal de 2 000 \u20ac, potentiellement avantageux pour les <a href=\"https:\/\/journaldesseniors.20minutes.fr\/argent\/1-200-1-400-ou-1-600-euros-ce-seuil-des-petites-retraites-qui-fait-debat-pour-la-revalorisation-des-pensions-en-2025\/\" target=\"_blank\" rel=\"noopener\">petites retraites<\/a><\/li>\n<li>La revalorisation attendue des <a href=\"https:\/\/journaldesseniors.20minutes.fr\/retraite\/13-millions-retraites-double-hausse-pension-fin-annee\/\" target=\"_blank\" rel=\"noopener\">retraites compl\u00e9mentaires Agirc-Arrco<\/a> en novembre 2025 (entre 1,3 % et 1,5 %) pourrait constituer un petit \u00ab bol d&rsquo;air \u00bb : \u00e0 surveiller de pr\u00e8s<\/li>\n<li><strong>Anticiper une hausse de CSG<\/strong> : rester sous certains seuils peut prot\u00e9ger d&rsquo;une augmentation<\/li>\n<\/ul>\n<p>Miser sur la diversification : les strat\u00e9gies gagnantes pour compenser la stagnation des pensions<br \/>\nCompl\u00e9ter sa retraite : solutions pour augmenter ses revenus malgr\u00e9 tout<\/p>\n<p>Une pension qui stagne impose de chercher d&rsquo;autres relais de croissance. Parmi les pistes : <strong>petits boulots adapt\u00e9s<\/strong>, location d&rsquo;une chambre, mise en location saisonni\u00e8re d&rsquo;un bien (attention \u00e0 la fiscalit\u00e9), ou recours \u00e0 des activit\u00e9s occasionnelles r\u00e9mun\u00e9ratrices (garde d&rsquo;enfants, aides ponctuelles en associations).<\/p>\n<p>Le cumul emploi-retraite, de plus en plus pratiqu\u00e9, permet de <strong>dynamiser les revenus<\/strong> tout en continuant \u00e0 cotiser. Chaque situation est unique : il s&rsquo;agit de b\u00e2tir la meilleure combinaison entre besoins, envies et possibilit\u00e9s r\u00e9elles.<\/p>\n<p>Optimiser ses placements et r\u00e9duire ses charges : astuces pour garder le cap<\/p>\n<p>C\u00f4t\u00e9 patrimoine, faire <a href=\"https:\/\/journaldesseniors.20minutes.fr\/retraite\/rente-viagere-ou-retrait-en-capital-ce-que-90-des-retraites-ignorent-sur-le-financement-de-leur-per\/\" target=\"_blank\" rel=\"noopener\">fructifier son \u00e9pargne<\/a> prend tout son sens : livrets d\u00e9fiscalis\u00e9s, assurance-vie en fonds euros, SCPI, ou investissements locatifs sur-mesure. Il n&rsquo;est jamais trop tard pour ajuster la r\u00e9partition de ses actifs ou pour demander conseil \u00e0 son banquier.<\/p>\n<p>R\u00e9duire ses charges s&rsquo;av\u00e8re tout aussi strat\u00e9gique : <strong>ren\u00e9gocier une mutuelle<\/strong>, trouver une assurance plus avantageuse, \u00e9viter les frais bancaires superflus\u2026 Toutes ces actions, mises bout \u00e0 bout, permettent d&rsquo;att\u00e9nuer significativement l&rsquo;impact du gel des pensions sur votre quotidien.<\/p>\n<p>L&rsquo;apr\u00e8s-gel : se pr\u00e9parer \u00e0 rebondir et d\u00e9fendre son pouvoir d&rsquo;achat sur le long terme<br \/>\n Quelles perspectives pour 2027 et apr\u00e8s ? Les sc\u00e9narios \u00e0 envisager<\/p>\n<p>Le projet actuel annonce que 2026 sera une exception, mais pr\u00e9voit, pour les ann\u00e9es suivantes, une <strong>sous-indexation progressive<\/strong> : la revalorisation des pensions suivra, mais moins vite que l&rsquo;inflation, jusqu&rsquo;en 2030. Le risque majeur : voir l&rsquo;\u00e9cart se creuser entre l&rsquo;\u00e9volution des prix et celle des revenus. Mieux vaut donc s&rsquo;y pr\u00e9parer d\u00e8s maintenant, en tablant sur une inflation mod\u00e9r\u00e9e mais persistante.<\/p>\n<p>Se mobiliser et s&rsquo;informer : rompre l&rsquo;isolement pour rester ma\u00eetre de ses choix<\/p>\n<p>Face \u00e0 ces incertitudes, <strong>rester inform\u00e9 et \u00e9changer<\/strong> avec d&rsquo;autres devient essentiel. Forums d&rsquo;associations, r\u00e9unions d&rsquo;information, \u00e9change de bons plans\u2026 Ensemble, on va plus loin et on \u00e9vite les chausse-trappes du changement. D\u00e9jouer le gel, c&rsquo;est aussi ne pas rester seul face aux \u00e9volutions : la force du collectif repr\u00e9sente souvent cette valeur ajout\u00e9e qui fait la diff\u00e9rence.<\/p>\n<p>Le gel des retraites en 2026 n&rsquo;est pas une fatalit\u00e9, mais un signal d&rsquo;alerte invitant \u00e0 l&rsquo;anticipation et \u00e0 la vigilance. Adopter les bons r\u00e9flexes, diversifier ses revenus, limiter ses charges : <strong>chaque action compte<\/strong> pour traverser cette \u00ab ann\u00e9e blanche \u00bb et envisager l&rsquo;avenir avec plus de s\u00e9r\u00e9nit\u00e9. La v\u00e9ritable solution r\u00e9side peut-\u00eatre dans cette capacit\u00e9 \u00e0 reprendre les r\u00eanes de son quotidien financier, malgr\u00e9 un contexte \u00e9conomique contraignant.<\/p>\n","protected":false},"excerpt":{"rendered":"\u00c0 peine remis de la derni\u00e8re r\u00e9forme des retraites, les retrait\u00e9s fran\u00e7ais voient poindre \u00e0 l&rsquo;horizon 2026 une&hellip;\n","protected":false},"author":2,"featured_media":379480,"comment_status":"","ping_status":"","sticky":false,"template":"","format":"standard","meta":{"footnotes":""},"categories":[6],"tags":[35,33,34,1011,27,56],"class_list":{"0":"post-379479","1":"post","2":"type-post","3":"status-publish","4":"format-standard","5":"has-post-thumbnail","7":"category-economie","8":"tag-business","9":"tag-economie","10":"tag-economy","11":"tag-fr","12":"tag-france","13":"tag-push"},"share_on_mastodon":{"url":"https:\/\/pubeurope.com\/@fr\/115178330087893353","error":""},"_links":{"self":[{"href":"https:\/\/www.europesays.com\/fr\/wp-json\/wp\/v2\/posts\/379479","targetHints":{"allow":["GET"]}}],"collection":[{"href":"https:\/\/www.europesays.com\/fr\/wp-json\/wp\/v2\/posts"}],"about":[{"href":"https:\/\/www.europesays.com\/fr\/wp-json\/wp\/v2\/types\/post"}],"author":[{"embeddable":true,"href":"https:\/\/www.europesays.com\/fr\/wp-json\/wp\/v2\/users\/2"}],"replies":[{"embeddable":true,"href":"https:\/\/www.europesays.com\/fr\/wp-json\/wp\/v2\/comments?post=379479"}],"version-history":[{"count":0,"href":"https:\/\/www.europesays.com\/fr\/wp-json\/wp\/v2\/posts\/379479\/revisions"}],"wp:featuredmedia":[{"embeddable":true,"href":"https:\/\/www.europesays.com\/fr\/wp-json\/wp\/v2\/media\/379480"}],"wp:attachment":[{"href":"https:\/\/www.europesays.com\/fr\/wp-json\/wp\/v2\/media?parent=379479"}],"wp:term":[{"taxonomy":"category","embeddable":true,"href":"https:\/\/www.europesays.com\/fr\/wp-json\/wp\/v2\/categories?post=379479"},{"taxonomy":"post_tag","embeddable":true,"href":"https:\/\/www.europesays.com\/fr\/wp-json\/wp\/v2\/tags?post=379479"}],"curies":[{"name":"wp","href":"https:\/\/api.w.org\/{rel}","templated":true}]}}