{"id":379483,"date":"2025-09-10T05:24:14","date_gmt":"2025-09-10T05:24:14","guid":{"rendered":"https:\/\/www.europesays.com\/fr\/379483\/"},"modified":"2025-09-10T05:24:14","modified_gmt":"2025-09-10T05:24:14","slug":"direct-bloquons-tout-le-10-septembre-plusieurs-blocages-en-cours-et-quelques-tensions-suivez-la-mobilisation","status":"publish","type":"post","link":"https:\/\/www.europesays.com\/fr\/379483\/","title":{"rendered":"Direct. \u00ab\u00a0Bloquons tout\u00a0\u00bb le 10 septembre. Plusieurs blocages en cours et quelques tensions : suivez la mobilisation"},"content":{"rendered":"<p>            Par<br \/>\n        <strong><br \/>\n            <a href=\"https:\/\/actu.fr\/auteur\/sophie-pams\" title=\"Consulter tous les articles de Sophie Pams\" target=\"_blank\" rel=\"noopener\">Sophie Pams<\/a><br \/>\n        <\/strong><\/p>\n<p>        Publi\u00e9 le<\/p>\n<p>            10 sept. 2025 \u00e0 6h20<br \/>\n        ; mis \u00e0 jour le 10 sept. 2025 \u00e0 7h21    <\/p>\n<p>Le mouvement gronde depuis plusieurs semaines, et le jour J est arriv\u00e9. Ce mercredi 10 septembre, les <strong>actions vont se multiplier en France<\/strong>. Manifestations, rassemblements, blocages, actions coups-de-poing, <a href=\"https:\/\/actu.fr\/societe\/bloquons-tout-le-10-septembre-vous-voulez-faire-greve-voici-vos-droits-et-ce-que-vous-risquez_63135199.html\" target=\"_blank\" rel=\"noopener\">gr\u00e8ves<\/a> : la <strong>mobilisation <\/strong>partie du mouvement <strong>\u00ab\u00a0bloquons tout\u00a0\u00bb<\/strong> pourrait <a href=\"https:\/\/actu.fr\/societe\/gros-blocages-ou-effets-d-annonce-a-quoi-faut-il-vraiment-s-attendre-le-10-septembre_63117418.html\" target=\"_blank\" rel=\"noopener\">\u00eatre massive<\/a>.<\/p>\n<p>L&rsquo;essentiel<\/p>\n<ul>\n<li>Le mouvement \u00ab\u00a0Bloquons tout\u00a0\u00bb n&rsquo;est pas sans rappeler celui des Gilets jaunes. Ses leaders ne sont pas identifi\u00e9s, et le mot d&rsquo;ordre s&rsquo;est r\u00e9pandu depuis quelques semaines sur les r\u00e9seaux sociaux.<\/li>\n<li>Ce mouvement rejette les mesures d&rsquo;\u00e9conomie pr\u00e9sent\u00e9es en juillet par le Premier ministre, d\u00e9missionnaire depuis, Fran\u00e7ois Bayrou, ainsi que les classes dirigeantes, Emmanuel Macron en t\u00eate.<\/li>\n<li>Au total, ce jour, plus de 600 actions sont pr\u00e9vues sur le territoires. Syndicats, \u00e9tudiants, lyc\u00e9es, commerces, raffineries, transports etc. : la mobilisation pourrait \u00eatre large.<\/li>\n<\/ul>\n<p class=\" wall-content\">actu.fr et ses r\u00e9dactions locales pr\u00e9sentes aux quatre coins du territoire vont suivre la journ\u00e9e en direct pour vous tenir inform\u00e9s.<\/p>\n<p>Suivez notre direct<\/p>\n<p class=\" wall-content\"><strong>7h19. Quelques perturbations dans les transports \u00e0 Paris<br \/><\/strong>Les transports en commun connaissent quelques perturbations \u00e0 Paris en tout d\u00e9but de matin\u00e9e, \u00ab\u00a0conformes aux pr\u00e9visions\u00a0\u00bb, ont indiqu\u00e9 \u00e0 l\u2019AFP la RATP et la SNCF. Le trafic est \u00ab\u00a0quasi normal\u00a0\u00bb pour les r\u00e9seaux de m\u00e9tro et de bus, \u00e0 part un incident technique sur la ligne 5, et \u00ab\u00a0perturb\u00e9\u00a0\u00bb, avec deux trains sur trois qui circulent, sur la ligne B du RER, qui traverse l\u2019Ile-de-France du nord au sud via le centre de Paris et dessert l\u2019a\u00e9roport de Paris Charles-de-Gaulle.<\/p>\n<p class=\" wall-content\"><strong>7h17. Des poubelles br\u00fbl\u00e9es \u00e0 Lyon sur les voies du tramway<\/strong><br \/>Ce sont nos confr\u00e8res d\u2019actu Lyon qui l\u2019expliquent dans leur live (lien plus bas). Le trafic devrait de fait \u00eatre perturb\u00e9.<\/p>\n<p>    <img   decoding=\"async\" loading=\"lazy\" src=\"https:\/\/www.europesays.com\/fr\/wp-content\/uploads\/2025\/09\/poubelles-incendiees-10-septembre-lyon-960x640.jpeg\" alt=\"Des poubelles incendi\u00e9es sur les voies du tramway \u00e0 Perrache.\" width=\"960\" height=\"640\"\/><br \/>\n    Des poubelles incendi\u00e9es sur les voies du tramway \u00e0 Perrache. (\u00a9Julien Damboise\/ actu Lyon)<\/p>\n<p class=\" wall-content\"><strong>7h12. Les manifestants installent un barrage filtrant \u00e0 l\u2019entr\u00e9e du Havre<\/strong><br \/>Autre mode de mobilisation \u00e0 l\u2019entr\u00e9e du Havre. Ici, c\u2019est un barrage filtrant qui a \u00e9t\u00e9 mis en place, relatent nos confr\u00e8res de 76actu. Une \u00ab\u00a0cinquantaine de manifestants\u00a0\u00bb distribuent des tracts.<\/p>\n<p>Votre r\u00e9gion, votre actu !<\/p>\n<p>Recevez chaque jour les infos qui comptent pour vous.<\/p>\n<p>\t<a href=\"https:\/\/actu.fr\/newsletter\" class=\"ac-btn ac-btn--corner ac-btn--medium ac-btn--blue800\" target=\"_blank\" rel=\"noopener\">S&rsquo;incrire<\/a><\/p>\n<p>    <img   decoding=\"async\" loading=\"lazy\" src=\"https:\/\/www.europesays.com\/fr\/wp-content\/uploads\/2025\/09\/blocage-havre-10-septembre-960x640.jpg\" alt=\"Une cinquantaine de personnes sont pr\u00e9sentes ce mercredi matin \u00e0 l'entr\u00e9e de ville du Havre dans le cadre du mouvement du 10 septembre.\" width=\"960\" height=\"640\"\/><br \/>\n    Une cinquantaine de personnes sont pr\u00e9sentes ce mercredi matin \u00e0 l\u2019entr\u00e9e de ville du Havre dans le cadre du mouvement du 10 septembre. (\u00a9DR\/76actu)<\/p>\n<p class=\" wall-content\"><strong>7h09. Rond-point bloqu\u00e9 \u00e0 Brest \u00e9galement<br \/><\/strong>Selon une journaliste de C\u00f4t\u00e9 Brest pr\u00e9sente sur place, pr\u00e8s de 150 personnes ont investi le rond-point de Pen-ar-C\u2019hleuz.<\/p>\n<p class=\" wall-content\">\n<p class=\" wall-content\"><strong>7h03. Des Rennais vers la rocade<\/strong><br \/>Les journalistes d\u2019actu Rennes rapportent qu\u2019environ 300 manifestants se dirigent vers la rocade rennaise, au petit matin. Leur <a href=\"https:\/\/actu.fr\/bretagne\/rennes_35238\/direct-mobilisation-du-10-septembre-a-rennes-300-personnes-se-dirigent-vers-la-rocade-ce-matin_63138110.html\" target=\"_blank\" rel=\"noopener\">direct est \u00e0 suivre ici<\/a>.<\/p>\n<p class=\" wall-content\">\n<p class=\" wall-content\"><strong>6h56. Autres affrontements \u00e0 Lyon<\/strong><br \/>Des affrontements en cours dans le quartier de Perrache \u00e0 Lyon avec la police, la pr\u00e9fecture \u00e9voque \u00ab\u00a0un groupe d\u2019individus d\u2019environ 150 personnes\u00a0\u00bb, rapportent nos confr\u00e8res d\u2019actu Lyon.<\/p>\n<p class=\" wall-content\">\n<p class=\" wall-content\"><strong>6h48. \u00c0 Nantes, les manifestants repouss\u00e9s<br \/><\/strong>Une centaine de manifestants se sont rassembl\u00e9s place Rosa Parks dans le quartier Malakoff \u00e0 Nantes, rapportent les journalistes d\u2019actu Nantes. Les forces de l\u2019ordre ont emp\u00each\u00e9 tout blocage de la circulation.<strong><br \/><\/strong><\/p>\n<p class=\" wall-content\"><strong>6h43. \u00c0 Lyon, les manifestants bloquent la M7<br \/><\/strong>Ils sont arriv\u00e9s sur la voie, et commencent \u00e0 bloquer la circulation, rapportent nos confr\u00e8re d\u2019actu Lyon. Face \u00e0 eux, la police <a href=\"https:\/\/x.com\/actufr_lyon\/status\/1965636786283229262\">utilise du gaz lacrymog\u00e8ne<\/a>. La pr\u00e9fecture \u00e9voque\u00a0<\/p>\n<p class=\" wall-content\">\n<p class=\" wall-content\"><strong>6h32. La police se d\u00e9ploie, \u00e0 Lyon : de premi\u00e8res tensions<\/strong><br \/>Selon le journaliste d\u2019actu Lyon sur place, la police est d\u00e9j\u00e0 mobilis\u00e9e dans le quartier de Perrache. Des manifestants se sont donn\u00e9s rendez-vous vers 6h30 place des Archives. Des actions de blocages de la circulation sont envisag\u00e9es. C\u2019est \u00e0 suivre sp\u00e9cifiquement dans <a href=\"https:\/\/actu.fr\/auvergne-rhone-alpes\/lyon_69123\/direct-bloquons-tout-le-10-septembre-blocages-manifestations-suivez-la-journee-a-lyon_63136003.html\" target=\"_blank\" rel=\"noopener\">le direct d\u2019actu Lyon<\/a>, qui fait par ailleurs \u00e9tat de premi\u00e8res tensions devant la gare SNCF.<\/p>\n<p class=\" wall-content\">\n<p class=\" wall-content\"><strong>6h30. \u00c0 quoi s\u2019attendre pr\u00e8s de chez vous ?<\/strong><br \/>Des centaines d\u2019actions en \u00cele-de-France et en r\u00e9gions, des m\u00e9tropoles aux petites villes, sont pr\u00e9vues pour cette journ\u00e9e de mobilisation, d\u2019apr\u00e8s un bilan provisoire s\u2019appuyant sur une carte collaborative. <a href=\"https:\/\/actu.fr\/societe\/greve-du-10-septembre-les-cartes-des-manifestations-et-blocages-prevus-pres-de-chez-vous_63133863.html\" target=\"_blank\" rel=\"noopener\">Retrouvez notre article d\u00e9di\u00e9 ici<\/a>.<\/p>\n<p class=\" wall-content\"><strong>6h20. D\u00e9j\u00e0 de premiers blocages en Normandie<br \/><\/strong>De premiers manifestants se sont mis en place \u00e0 Caen : le p\u00e9riph\u00e9rique est actuellement bloqu\u00e9 \u00e0 plusieurs endroits. Un premier point de blocage serait mis en place pr\u00e8s du viaduc de Calix et du p\u00e9riph\u00e9rique de Caen, \u00e0 un rond-point proche de la Porte d\u2019Angleterre, <a href=\"https:\/\/actu.fr\/normandie\/caen_14118\/blocages-du-10-septembre-a-caen-circulation-rassemblements-la-situation-en-temps-reel_63138509.html\" target=\"_blank\" rel=\"noopener\">pr\u00e9cise Libert\u00e9 Caen dans son direct<\/a>.<\/p>\n<p class=\" wall-content\">\n<p class=\" wall-content\">Haut-lieu historique des Gilets jaunes <a href=\"https:\/\/actu.fr\/normandie\/rouen_76540\/en-direct-circulation-manifestations-suivez-cette-journee-du-10-septembre-a-rouen-et-au-havre_63131485.html\" target=\"_blank\" rel=\"noopener\">pr\u00e8s de Rouen<\/a>, le rond-point des Vaches, est lui aussi d\u2019ores et d\u00e9j\u00e0 bloqu\u00e9, annonce le <a href=\"https:\/\/x.com\/reseauastuce\/status\/1965630800248164387\">R\u00e9seau astuce sur X<\/a>.<\/p>\n<p>    <a href=\"https:\/\/www.facebook.com\/plugins\/post.php?href=https%3A%2F%2Fwww.facebook.com%2FInfosTraficRouen%2Fposts%2Fpfbid02fKqNSQhc3vCy3C5YhyTaQLkkxL9njm6G5juyZddykP468wMVVEBtbHeVdcU5nmZGl&amp;show_text=true&amp;width=350\" title=\"Ouvrie le lien\" target=\"_blank\" rel=\"noopener\">Cliquez ici pour visualiser le contenu<\/a><\/p>\n<p class=\" wall-content\"><strong>6h00. Bienvenue dans ce direct !<br \/><\/strong>La promesse est claire : \u00ab\u00a0bloquons tout\u00a0\u00bb. Depuis quelques minutes, les premiers manifestants de cette journ\u00e9e du 10 septembre arrivent sur diff\u00e9rents points de rassemblement, aux quatre coins du pays. \u00ab\u00a080.000 gendarmes et policiers\u00a0\u00bb seront mobilis\u00e9s ce jour dans toute la France, un chiffre annonc\u00e9 par le ministre d\u00e9missionnaire de l\u2019int\u00e9rieur Bruno Retailleau.<\/p>\n<p class=\" wall-content\">Personnalisez votre actualit\u00e9 en ajoutant vos villes et m\u00e9dias en favori avec <a href=\"https:\/\/moncompte.actu.fr\" title=\"D\u00e9couvez Mon Actu\" rel=\"nofollow noopener\" data-trk=\"{&quot;cta&quot;:{&quot;action&quot;:&quot;https:\\\/\\\/moncompte.actu.fr&quot;,&quot;category&quot;:&quot;mon compte&quot;,&quot;from&quot;:&quot;article footer&quot;,&quot;name&quot;:&quot;Mon actu&quot;,&quot;type&quot;:&quot;cta&quot;}}\" target=\"_blank\">Mon Actu<\/a>.<\/p>\n","protected":false},"excerpt":{"rendered":"Par Sophie Pams Publi\u00e9 le 10 sept. 2025 \u00e0 6h20 ; mis \u00e0 jour le 10 sept. 2025&hellip;\n","protected":false},"author":2,"featured_media":379484,"comment_status":"","ping_status":"","sticky":false,"template":"","format":"standard","meta":{"footnotes":""},"categories":[4],"tags":[11,47212,1011,27,6151,50957,12,25,104],"class_list":{"0":"post-379483","1":"post","2":"type-post","3":"status-publish","4":"format-standard","5":"has-post-thumbnail","7":"category-france","8":"tag-actualites","9":"tag-bloquons-tout","10":"tag-fr","11":"tag-france","12":"tag-greve","13":"tag-mouvement-du-10-septembre","14":"tag-news","15":"tag-republique-francaise","16":"tag-societe"},"share_on_mastodon":{"url":"https:\/\/pubeurope.com\/@fr\/115178338779233216","error":""},"_links":{"self":[{"href":"https:\/\/www.europesays.com\/fr\/wp-json\/wp\/v2\/posts\/379483","targetHints":{"allow":["GET"]}}],"collection":[{"href":"https:\/\/www.europesays.com\/fr\/wp-json\/wp\/v2\/posts"}],"about":[{"href":"https:\/\/www.europesays.com\/fr\/wp-json\/wp\/v2\/types\/post"}],"author":[{"embeddable":true,"href":"https:\/\/www.europesays.com\/fr\/wp-json\/wp\/v2\/users\/2"}],"replies":[{"embeddable":true,"href":"https:\/\/www.europesays.com\/fr\/wp-json\/wp\/v2\/comments?post=379483"}],"version-history":[{"count":0,"href":"https:\/\/www.europesays.com\/fr\/wp-json\/wp\/v2\/posts\/379483\/revisions"}],"wp:featuredmedia":[{"embeddable":true,"href":"https:\/\/www.europesays.com\/fr\/wp-json\/wp\/v2\/media\/379484"}],"wp:attachment":[{"href":"https:\/\/www.europesays.com\/fr\/wp-json\/wp\/v2\/media?parent=379483"}],"wp:term":[{"taxonomy":"category","embeddable":true,"href":"https:\/\/www.europesays.com\/fr\/wp-json\/wp\/v2\/categories?post=379483"},{"taxonomy":"post_tag","embeddable":true,"href":"https:\/\/www.europesays.com\/fr\/wp-json\/wp\/v2\/tags?post=379483"}],"curies":[{"name":"wp","href":"https:\/\/api.w.org\/{rel}","templated":true}]}}