{"id":379489,"date":"2025-09-10T05:27:12","date_gmt":"2025-09-10T05:27:12","guid":{"rendered":"https:\/\/www.europesays.com\/fr\/379489\/"},"modified":"2025-09-10T05:27:12","modified_gmt":"2025-09-10T05:27:12","slug":"direct-bloquons-tout-suivez-la-mobilisation-dans-la-loire-et-en-haute-loire","status":"publish","type":"post","link":"https:\/\/www.europesays.com\/fr\/379489\/","title":{"rendered":"DIRECT &#8211; \u00ab\u00a0Bloquons tout\u00a0\u00bb : suivez la mobilisation dans la Loire et en Haute-Loire"},"content":{"rendered":"<p>Apr\u00e8s l&rsquo;appel lanc\u00e9 cet \u00e9t\u00e9 sur les r\u00e9seaux sociaux, le mouvement \u00ab\u00a0Bloquons tout\u00a0\u00bb s&rsquo;organise ce mercredi 10 septembre \u00e0 travers la France. Suivez la mobilisation dans la Loire et en Haute-Loire avec ICI Saint-\u00c9tienne Loire.<\/p>\n<p>Ce mercredi 10 septembre, le mouvement\u00a0<a class=\"IciLink ici-link IciArticleLink g-ici-body-regular-1 underline brand svelte-lu7k6w\" href=\"https:\/\/www.francebleu.fr\/theme\/bloquons-tout-mouvement-de-blocage-du-10-septembre\" target=\"_blank\" rel=\"noopener\">\u00ab\u00a0Bloquons tout\u00a0\u00bb<\/a>, n\u00e9 sur les r\u00e9seaux sociaux, doit s&rsquo;incarner \u00e0 travers la France\u00a0: une mobilisation contre la politique d&rsquo;Emmanuel Macron, la vie ch\u00e8re, les in\u00e9galit\u00e9s ou tout simplement l&rsquo;expression d&rsquo;un\u00a0<a class=\"IciLink ici-link IciArticleLink g-ici-body-regular-1 underline brand svelte-lu7k6w\" href=\"https:\/\/www.francebleu.fr\/infos\/economie-social\/temoignages-j-ai-envie-que-la-marmite-deborde-pourquoi-ces-francais-veulent-ils-tout-bloquer-le-10-septembre-3312950\" target=\"_blank\" rel=\"noopener\">ras-le-bol g\u00e9n\u00e9ral<\/a>. ICI Saint-\u00c9tienne Loire vous fait suivre la situation dans nos d\u00e9partements de Loire et de Haute-Loire tout au long de la journ\u00e9e.<\/p>\n<p>L&rsquo;essentiel<\/p>\n<ul>\n<li><strong>\u00c0 Saint-\u00c9tienne<\/strong>, un rendez-vous est pr\u00e9vu \u00e0 8h30 \u00e0 la gare de Ch\u00e2teaucreux pour un blocage des trains et une\u00a0manifestation intersyndicale est pr\u00e9vue \u00e0 15h.<\/li>\n<li><strong>\u00c0 Roanne,<\/strong> une manifestation intersyndicale est organis\u00e9e \u00e0 10h30 du tribunal \u00e0 la sous-pr\u00e9fecture.<\/li>\n<li><strong>\u00c0 Montbrison<\/strong>, le rendez-vous est donn\u00e9 \u00e0 8h \u00e0 la sous-pr\u00e9fecture.<\/li>\n<li><strong>Au Puy-en-Velay<\/strong>, un rendez-vous est donn\u00e9 \u00e0 7h30 au lyc\u00e9e Simone Veil et plusieurs syndicats se r\u00e9unissent \u00e0 12h devant le MEDEF.<\/li>\n<li>Mardi soir, S\u00e9bastien Lecornu, un proche d&rsquo;Emmanuel Macron, a <a class=\"IciLink ici-link IciArticleLink g-ici-body-regular-1 underline brand svelte-lu7k6w\" href=\"https:\/\/www.francebleu.fr\/infos\/politique\/gouvernement-sebastien-lecornu-nomme-premier-ministre-4660279\" target=\"_blank\" rel=\"noopener\">\u00e9t\u00e9 nomm\u00e9 Premier ministre.<\/a><\/li>\n<li><a class=\"IciLink ici-link IciArticleLink g-ici-body-regular-1 underline brand svelte-lu7k6w\" href=\"https:\/\/www.francebleu.fr\/infos\/societe\/direct-bloquons-tout-suivez-la-mobilisation-en-loire-et-en-haute-loire-4988414\" target=\"_blank\" rel=\"noopener\"><strong>Cliquez sur ce lien pour afficher les derni\u00e8res informations.<\/strong><\/a><\/li>\n<\/ul>\n<p>Des militants mobilis\u00e9s en gare de Saint-\u00c9tienne Chateaucreux<\/p>\n<p>Des participants sont mobilis\u00e9s depuis les premi\u00e8res heures de cette matin\u00e9e du 10 septembre en gare de Saint-\u00c9tienne Ch\u00e2teaucreux. Un dispositif d&rsquo;une quinzaine de policiers proc\u00e8de \u00e0 des filtrages et \u00e0 un contr\u00f4le des billets. Pour le moment, les militants bloquent le tram mais la circulation des trains n&rsquo;est pas perturb\u00e9e. Les militants ne peuvent pas rentrer dans la gare, un contr\u00f4le des billets est effectu\u00e9 en amont.<\/p>\n<p><img loading=\"lazy\" decoding=\"async\" class=\"VisualPreview svelte-1rldrkz\" src=\"data:image\/jpeg;base64,\/9j\/2wBDACgcHiMeGSgjISMtKygwPGRBPDc3PHtYXUlkkYCZlo+AjIqgtObDoKrarYqMyP\/L2u71\/\/\/\/m8H\/\/\/\/6\/+b9\/\/j\/2wBDASstLTw1PHZBQXb4pYyl+Pj4+Pj4+Pj4+Pj4+Pj4+Pj4+Pj4+Pj4+Pj4+Pj4+Pj4+Pj4+Pj4+Pj4+Pj4+Pj4+Pj\/wAARCAAfACoDASIAAhEBAxEB\/8QAFwABAQEBAAAAAAAAAAAAAAAAAQACA\/\/EABcQAQEBAQAAAAAAAAAAAAAAAAARAQL\/xAAWAQEBAQAAAAAAAAAAAAAAAAABAgD\/xAAVEQEBAAAAAAAAAAAAAAAAAAAAEf\/aAAwDAQACEQMRAD8A47059KgFncEbihoZzDDDAoHMUazClZhhwwFiKNxQM\/\/Z\" alt=\"Un dispositif d'une quinzaine de policiers proc\u00e8de \u00e0 des op\u00e9rations de filtrage devant la gare de Saint-\u00c9tienne Ch\u00e2teaucreux, mercredi 10 septembre.\" width=\"600\" height=\"450\"\/>  Un dispositif d&rsquo;une quinzaine de policiers proc\u00e8de \u00e0 des op\u00e9rations de filtrage devant la gare de Saint-\u00c9tienne Ch\u00e2teaucreux, mercredi 10 septembre. \u00a9 Radio France &#8211; Aur\u00e9lie JacquandLa pr\u00e9fecture de la Loire active un comit\u00e9 op\u00e9rationnel d\u00e9partemental<\/p>\n<p>Pour cette journ\u00e9e du 10 septembre, 7.000 policiers et gendarmes sont mobilisables sur l&rsquo;ensemble de la r\u00e9gion\u00a0 selon la pr\u00e9fecture d&rsquo;Auvergne-Rh\u00f4ne-Alpes. La pr\u00e9fecture de la Loire a, pour sa part, activ\u00e9 un Comit\u00e9 op\u00e9rationnel d\u00e9partement (COD) pour coordonner les op\u00e9rations de s\u00e9curit\u00e9 et de secours.<\/p>\n<p>L&#8217;embarquement ralenti \u00e0 l&rsquo;a\u00e9roport de Loudes-LePuy-en-Velay<\/p>\n<p>Une vingtaine de citoyens rassembl\u00e9s dans un collectif Bloquons-tout a perturb\u00e9 l&#8217;embarquement des passagers du vol Le Puy-Paris ce matin en Haute-Loire. Le vol a pu partir normalement \u00e0 6h50 avec ses sept passagers \u00e0 bord. Le message des militants c&rsquo;\u00e9tait de d\u00e9noncer l&rsquo;inutilit\u00e9 de cet a\u00e9roport qui selon eux \u00ab\u00a0vit sous perfusion\u00a0\u00bb subventionn\u00e9 par \u00ab\u00a0une gabegie d&rsquo;argent public\u00a0\u00bb.<\/p>\n<p>\ud83d\udcfb \u00c9coutez notre direct <\/p>\n<p>loading<\/p>\n<p>Suivez la journ\u00e9e de mobilisation<\/p>\n<p>Les autorit\u00e9s s&rsquo;attendent ce mercredi \u00e0 diverses actions en Auvergne-Rh\u00f4ne-Alpes. Mais il est difficile de pr\u00e9voir l&rsquo;ampleur de la mobilisation. Selon les services de renseignement, des rassemblements d&rsquo;envergure et une multitudes d&rsquo;actions sont \u00e0 attendre. La\u00a0<a class=\"IciLink ici-link IciArticleLink g-ici-body-regular-1 underline brand svelte-lu7k6w\" href=\"https:\/\/www.francebleu.fr\/infos\/politique\/gouvernement-sebastien-lecornu-nomme-premier-ministre-4660279\" target=\"_blank\" rel=\"noopener\">nomination express de S\u00e9bastien Lecornu comme Premier ministre<\/a>\u00a0mardi soir, au lendemain de la d\u00e9mission de Fran\u00e7ois Bayrou risque de mobiliser encore plus les foules, le nouveau Premier ministre \u00e9tant une proche d&rsquo;Emmanuel Macron.<\/p>\n<p>\u00c0 lire aussi   <img decoding=\"async\" src=\"https:\/\/www.europesays.com\/fr\/wp-content\/uploads\/2025\/09\/1757482032_756_560x315\" alt=\"Des affiches du mouvement &quot;bloquons-tout&quot; ont \u00e9t\u00e9 r\u00e9cemment coll\u00e9es dans les rues de Saint-\u00c9tienne.\" style=\"--_image-preview:url('data:image\/jpeg;base64,\/9j\/2wBDACgcHiMeGSgjISMtKygwPGRBPDc3PHtYXUlkkYCZlo+AjIqgtObDoKrarYqMyP\/L2u71\/\/\/\/m8H\/\/\/\/6\/+b9\/\/j\/2wBDASstLTw1PHZBQXb4pYyl+Pj4+Pj4+Pj4+Pj4+Pj4+Pj4+Pj4+Pj4+Pj4+Pj4+Pj4+Pj4+Pj4+Pj4+Pj4+Pj4+Pj\/wAARCAAXACoDASIAAhEBAxEB\/8QAGAABAQEBAQAAAAAAAAAAAAAAAwACAQT\/xAAYEAEBAQEBAAAAAAAAAAAAAAAAAgERIf\/EABcBAAMBAAAAAAAAAAAAAAAAAAABAgP\/xAAVEQEBAAAAAAAAAAAAAAAAAAAAAf\/aAAwDAQACEQMRAD8Aoo0680aedaRFL3xitXfGK0Ad6Fu9F1NMkHnUjgru74O6SOkC6H1JCn\/\/2Q==');\" loading=\"lazy\" fetchpriority=\"low\" aria-hidden=\"true\" class=\"svelte-1pnmlwx rounded\" onload=\"this.__e=event\" onerror=\"this.__e=event\"\/><\/p>\n","protected":false},"excerpt":{"rendered":"Apr\u00e8s l&rsquo;appel lanc\u00e9 cet \u00e9t\u00e9 sur les r\u00e9seaux sociaux, le mouvement \u00ab\u00a0Bloquons tout\u00a0\u00bb s&rsquo;organise ce mercredi 10 septembre&hellip;\n","protected":false},"author":2,"featured_media":379490,"comment_status":"","ping_status":"","sticky":false,"template":"","format":"standard","meta":{"footnotes":""},"categories":[9653],"tags":[1111,11,2430,1777,674,1011,27,12,25,4001],"class_list":{"0":"post-379489","1":"post","2":"type-post","3":"status-publish","4":"format-standard","5":"has-post-thumbnail","7":"category-saint-etienne","8":"tag-actu","9":"tag-actualites","10":"tag-auvergne-rhone-alpes","11":"tag-eu","12":"tag-europe","13":"tag-fr","14":"tag-france","15":"tag-news","16":"tag-republique-francaise","17":"tag-saint-etienne"},"share_on_mastodon":{"url":"https:\/\/pubeurope.com\/@fr\/115178350077270030","error":""},"_links":{"self":[{"href":"https:\/\/www.europesays.com\/fr\/wp-json\/wp\/v2\/posts\/379489","targetHints":{"allow":["GET"]}}],"collection":[{"href":"https:\/\/www.europesays.com\/fr\/wp-json\/wp\/v2\/posts"}],"about":[{"href":"https:\/\/www.europesays.com\/fr\/wp-json\/wp\/v2\/types\/post"}],"author":[{"embeddable":true,"href":"https:\/\/www.europesays.com\/fr\/wp-json\/wp\/v2\/users\/2"}],"replies":[{"embeddable":true,"href":"https:\/\/www.europesays.com\/fr\/wp-json\/wp\/v2\/comments?post=379489"}],"version-history":[{"count":0,"href":"https:\/\/www.europesays.com\/fr\/wp-json\/wp\/v2\/posts\/379489\/revisions"}],"wp:featuredmedia":[{"embeddable":true,"href":"https:\/\/www.europesays.com\/fr\/wp-json\/wp\/v2\/media\/379490"}],"wp:attachment":[{"href":"https:\/\/www.europesays.com\/fr\/wp-json\/wp\/v2\/media?parent=379489"}],"wp:term":[{"taxonomy":"category","embeddable":true,"href":"https:\/\/www.europesays.com\/fr\/wp-json\/wp\/v2\/categories?post=379489"},{"taxonomy":"post_tag","embeddable":true,"href":"https:\/\/www.europesays.com\/fr\/wp-json\/wp\/v2\/tags?post=379489"}],"curies":[{"name":"wp","href":"https:\/\/api.w.org\/{rel}","templated":true}]}}