{"id":379493,"date":"2025-09-10T05:30:18","date_gmt":"2025-09-10T05:30:18","guid":{"rendered":"https:\/\/www.europesays.com\/fr\/379493\/"},"modified":"2025-09-10T05:30:18","modified_gmt":"2025-09-10T05:30:18","slug":"lamenagement-de-la-porte-des-chantiers-est-reporte-a-la-seyne","status":"publish","type":"post","link":"https:\/\/www.europesays.com\/fr\/379493\/","title":{"rendered":"L\u2019am\u00e9nagement de la Porte des Chantiers est report\u00e9 \u00e0 La Seyne"},"content":{"rendered":"<p>Vestige embl\u00e9matique de la construction navale seynoise, la Porte des Chantiers h\u00e9berge, depuis vingt ans, l\u2019Association de maintien des int\u00e9r\u00eats aux anciens de la navale de La Seyne (Amians) qui y a install\u00e9 son si\u00e8ge, au deuxi\u00e8me \u00e9tage. Et ce, en vertu d\u2019une convention sign\u00e9e avec la Ville en 2005. Le b\u00e2timent, devenu propri\u00e9t\u00e9 de la M\u00e9tropole mais dont la gestion est assur\u00e9e par la commune, accueille \u00e9galement, depuis plus de dix ans, les classes de la Navale, \u00e0 savoir des \u00e9l\u00e8ves des \u00e9coles primaires qui viennent y rencontrer des anciens des Chantiers avides de transmettre la m\u00e9moire aux jeunes g\u00e9n\u00e9rations.<\/p>\n<p>Pour aller plus loin l\u2019Amians (rejointe par d\u2019autres associations de v\u00e9t\u00e9rans de la construction navale) plaidait, ces derni\u00e8res ann\u00e9es, pour la cr\u00e9ation d\u2019un v\u00e9ritable mus\u00e9e des Chantiers. Faute d\u2019avoir pu convaincre la municipalit\u00e9 de concr\u00e9tiser cette ambition, l\u2019association pr\u00e9sid\u00e9e par Lucien Conac s\u2019est rang\u00e9e \u00e0 l\u2019id\u00e9e d\u2019am\u00e9nager un espace mus\u00e9al au sein de la Porte principale. Un projet auquel la municipalit\u00e9 a donn\u00e9 son accord, tout en pr\u00e9cisant que le local, une fois reconfigur\u00e9, sera mis \u00e0 disposition d\u2019associations travaillant sur l\u2019histoire de La Seyne et de ses chantiers navals.<\/p>\n<p>Un litige avec l\u2019Amians<\/p>\n<p>En d\u00e9but d\u2019ann\u00e9e, l\u2019ex-maire Nathalie Bicais avait donc annonc\u00e9 que l\u2019am\u00e9nagement de la salle d\u2019exposition serait r\u00e9alis\u00e9 durant l\u2019\u00e9t\u00e9 2025. \u00ab\u00a0Les travaux auront lieu pendant les vacances scolaires afin de ne pas perturber le d\u00e9roulement des classes de la Navale\u00a0\u00bb, avait alors pr\u00e9cis\u00e9 la premi\u00e8re magistrate. Interrog\u00e9 sur le sujet, son successeur, Jo Minniti, indique que le chantier n\u2019a pas d\u00e9marr\u00e9 comme pr\u00e9vu cet \u00e9t\u00e9.<\/p>\n<p>\u00ab\u00a0Le projet est ficel\u00e9 mais les travaux n\u2019ont pas pu \u00eatre r\u00e9alis\u00e9s. Et ce n\u2019est pas de notre fait. Le local est en effet occup\u00e9 par l\u2019Amians, qui ne veut pas lib\u00e9rer les lieux pour que nous entamions l\u2019am\u00e9nagement. De plus, ajoute Jo Minniti, son pr\u00e9sident ne veut pas signer la convention d\u2019occupation du futur lieu d\u2019exposition, qu\u2019il r\u00e9clame pourtant depuis des ann\u00e9es. Visiblement, il ne veut pas cohabiter dans ce local avec d\u2019autres associations, notamment des anciens de la Navale. Or selon nous, toutes les associations li\u00e9es \u00e0 l\u2019histoire de la ville sont l\u00e9gitimes \u00e0 occuper cet espace et nous n\u2019avons aucune raison de privil\u00e9gier ou d\u2019\u00e9carter telle ou telle\u00a0\u00bb.<\/p>\n<p>\u00ab\u00a0Pas une auberge espagnole\u00a0\u00bb<\/p>\n<p>Contact\u00e9, le pr\u00e9sident de l\u2019Amians explique sa position: \u00ab\u00a0Nous ne sommes pas oppos\u00e9s \u00e0 ce que la salle soit r\u00e9am\u00e9nag\u00e9e puisque c\u2019est nous-m\u00eames qui l\u2019avons demand\u00e9 pour en faire un lieu d\u2019histoire. Mais nous refusons qu\u2019elle soit transform\u00e9e en auberge espagnole o\u00f9 six associations (1) viendraient y faire ce qu\u2019elles veulent. Pour nous, ce ne doit pas \u00eatre une salle commune ou une deuxi\u00e8me Maison du patrimoine, mais bien une salle d\u2019exposition permanente, ouverte au public, pour raconter l\u2019histoire de la construction navale seynoise. Le local pourra rester le si\u00e8ge de l\u2019Amians tout en devenant un lieu d\u2019histoire, authentique et s\u00e9rieux\u00a0\u00bb.<\/p>\n<p>Concernant la r\u00e9alisation des travaux, Lucien Conac affirme: \u00ab\u00a0Nous avons toujours donn\u00e9 notre accord et d\u00e8s qu\u2019une entreprise est venue faire une \u00e9tude de devis, nous avons imm\u00e9diatement lib\u00e9r\u00e9 la grande salle de tout ce que nous conservions\u00a0\u00bb. Une d\u00e9marche qui n\u2019a pourtant pas permis d\u2019engager les travaux.<\/p>\n<p>Motif: \u00ab\u00a0Les membres de l\u2019Amians ont simplement d\u00e9plac\u00e9 leurs affaires dans un bureau au sein du local, indique-t-on en mairie. Mais comme il est pr\u00e9vu de reconfigurer totalement l\u2019espace, celui-ci doit \u00eatre lib\u00e9r\u00e9 dans son ensemble. Avec un bureau toujours encombr\u00e9, on ne peut pas lancer les travaux\u00a0\u00bb.<\/p>\n<p>Travaux report\u00e9s \u00e0 2026<\/p>\n<p>Face \u00e0 cette situation de blocage, la Ville indique que le chantier ne pourra pas \u00eatre r\u00e9alis\u00e9 avant la fin de l\u2019ann\u00e9e scolaire qui vient de d\u00e9buter, afin de pas perturber les classes de la Navale. Elle pr\u00e9cise \u00e9galement que les cr\u00e9dits (pr\u00e8s de 50.000 euros au total), seront r\u00e9inscrits au budget 2026. De son c\u00f4t\u00e9, Lucien Conac fait savoir que l\u2019Amians \u00ab\u00a0va adresser un courrier \u00e0 tous les \u00e9lus municipaux afin de leur demander de se prononcer sur le projet\u00a0\u00bb.<\/p>\n<p>1. L\u2019Amians, le Centre de ressources sur la construction navale (CRCN), Les Argonautes (club de mod\u00e9lisme naval), Les Amis du Laborieux (en charge de la restauration du vieux remorqueur des chantiers navals), Histoire et patrimoine seynoise (HPS) et La Seyne ancienne et moderne.<\/p>\n<p>Quels travaux, quelle expo?<\/p>\n<p>Les travaux d\u2019am\u00e9nagement du local de 70m\u00b2 situ\u00e9 au deuxi\u00e8me \u00e9tage de la Porte principale pr\u00e9voient la r\u00e9fection du sol et des peintures, ainsi que l\u2019abattage de deux cloisons afin d\u2019agrandir l\u2019espace. Il faudra ensuite mettre en \u0153uvre la partie \u00ab\u00a0sc\u00e9nographique\u00a0\u00bb, avec des \u00e9clairages d\u2019ambiance, des vitrines, du mobilier\u2026 Soit un investissement total de pr\u00e8s de 50.000 euros. Une fois les travaux r\u00e9alis\u00e9s, la Ville pr\u00e9voit d\u2019exposer dans cet \u00ab\u00a0historial\u00a0\u00bb, des maquettes de bateaux r\u00e9alis\u00e9es par les ing\u00e9nieurs des Chantiers.<\/p>\n<p>Quatorze r\u00e9pliques de ce type (longues de 1,30m \u00e0 2,25m\u00e8tres) sont en effet conserv\u00e9es dans les r\u00e9serves des archives municipales et dot\u00e9es de cloches en plexiglas qui ont \u00e9t\u00e9 faites sur mesure pour l\u2019exposition organis\u00e9e en 2021 \u00e0 la salle Aristide-Briand.<\/p>\n<p>De multiples artefacts li\u00e9s \u00e0 l\u2019histoire des chantiers et aux lancements de bateaux (affiches, cartons d\u2019invitation, menus, fanions, foulards, hachettes pour couper les filins des navires\u2026), issus des archives municipales, pourront aussi \u00eatre pr\u00e9sent\u00e9s au public, et notamment aux \u00e9l\u00e8ves des classes de la Navale.<\/p>\n","protected":false},"excerpt":{"rendered":"Vestige embl\u00e9matique de la construction navale seynoise, la Porte des Chantiers h\u00e9berge, depuis vingt ans, l\u2019Association de maintien&hellip;\n","protected":false},"author":2,"featured_media":379494,"comment_status":"","ping_status":"","sticky":false,"template":"","format":"standard","meta":{"footnotes":""},"categories":[9619],"tags":[1111,11,1777,674,1011,27,12,882,25,2310,3366],"class_list":{"0":"post-379493","1":"post","2":"type-post","3":"status-publish","4":"format-standard","5":"has-post-thumbnail","7":"category-toulon","8":"tag-actu","9":"tag-actualites","10":"tag-eu","11":"tag-europe","12":"tag-fr","13":"tag-france","14":"tag-news","15":"tag-provence-alpes-cote-dazur","16":"tag-republique-francaise","17":"tag-toulon","18":"tag-vie-locale"},"share_on_mastodon":{"url":"https:\/\/pubeurope.com\/@fr\/115178361502190830","error":""},"_links":{"self":[{"href":"https:\/\/www.europesays.com\/fr\/wp-json\/wp\/v2\/posts\/379493","targetHints":{"allow":["GET"]}}],"collection":[{"href":"https:\/\/www.europesays.com\/fr\/wp-json\/wp\/v2\/posts"}],"about":[{"href":"https:\/\/www.europesays.com\/fr\/wp-json\/wp\/v2\/types\/post"}],"author":[{"embeddable":true,"href":"https:\/\/www.europesays.com\/fr\/wp-json\/wp\/v2\/users\/2"}],"replies":[{"embeddable":true,"href":"https:\/\/www.europesays.com\/fr\/wp-json\/wp\/v2\/comments?post=379493"}],"version-history":[{"count":0,"href":"https:\/\/www.europesays.com\/fr\/wp-json\/wp\/v2\/posts\/379493\/revisions"}],"wp:featuredmedia":[{"embeddable":true,"href":"https:\/\/www.europesays.com\/fr\/wp-json\/wp\/v2\/media\/379494"}],"wp:attachment":[{"href":"https:\/\/www.europesays.com\/fr\/wp-json\/wp\/v2\/media?parent=379493"}],"wp:term":[{"taxonomy":"category","embeddable":true,"href":"https:\/\/www.europesays.com\/fr\/wp-json\/wp\/v2\/categories?post=379493"},{"taxonomy":"post_tag","embeddable":true,"href":"https:\/\/www.europesays.com\/fr\/wp-json\/wp\/v2\/tags?post=379493"}],"curies":[{"name":"wp","href":"https:\/\/api.w.org\/{rel}","templated":true}]}}