{"id":379509,"date":"2025-09-10T05:39:11","date_gmt":"2025-09-10T05:39:11","guid":{"rendered":"https:\/\/www.europesays.com\/fr\/379509\/"},"modified":"2025-09-10T05:39:11","modified_gmt":"2025-09-10T05:39:11","slug":"direct-10-septembre-la-rocade-bloquee-par-plusieurs-centaines-de-manifestants-a-rennes-suivez-les-actions-en-ille-et-vilaine","status":"publish","type":"post","link":"https:\/\/www.europesays.com\/fr\/379509\/","title":{"rendered":"DIRECT &#8211; 10 septembre : la rocade bloqu\u00e9e par plusieurs centaines de manifestants \u00e0 Rennes, suivez les actions en Ille-et-Vilaine"},"content":{"rendered":"<p>Des automobilistes coinc\u00e9s sur la rocade<\/p>\n<p>\u00ab\u00a0Bloqu\u00e9 depuis 10 minutes, je prends \u00e7a avec philosophie\u00a0\u00bb, confie Yannick (en photo), un automobiliste coinc\u00e9 porte d&rsquo;Alma. \u00ab\u00a0C&rsquo;\u00e9tait pr\u00e9vu j&rsquo;avais anticip\u00e9 et j&rsquo;\u00e9tais parti plus t\u00f4t&#8230; mais pas assez. On va attendre. J&rsquo;esp\u00e8re qu&rsquo;il n&rsquo;y aura pas de violences, ni de d\u00e9g\u00e2ts, sinon ce sera r\u00e9cup\u00e9r\u00e9 au niveau politique.\u00a0\u00bb De son c\u00f4t\u00e9, Christophe, chef d&rsquo;entreprise \u00e9galement bloqu\u00e9 affirme comprendre le mouvement. \u00ab\u00a0Je ne pensais pas qu&rsquo;ils seraient autant. Je peux comprendre la col\u00e8re des gens. Le pays est dans une situation grave\u00a0\u00bb.<\/p>\n","protected":false},"excerpt":{"rendered":"Des automobilistes coinc\u00e9s sur la rocade \u00ab\u00a0Bloqu\u00e9 depuis 10 minutes, je prends \u00e7a avec philosophie\u00a0\u00bb, confie Yannick (en&hellip;\n","protected":false},"author":2,"featured_media":379510,"comment_status":"","ping_status":"","sticky":false,"template":"","format":"standard","meta":{"footnotes":""},"categories":[2821],"tags":[1111,11,829,1777,674,1011,27,848,50747,12,584,25],"class_list":{"0":"post-379509","1":"post","2":"type-post","3":"status-publish","4":"format-standard","5":"has-post-thumbnail","7":"category-rennes","8":"tag-actu","9":"tag-actualites","10":"tag-bretagne","11":"tag-eu","12":"tag-europe","13":"tag-fr","14":"tag-france","15":"tag-ille-et-vilaine","16":"tag-mobilisation-du-10-septembre-2025","17":"tag-news","18":"tag-rennes","19":"tag-republique-francaise"},"share_on_mastodon":{"url":"https:\/\/pubeurope.com\/@fr\/115178396985663509","error":""},"_links":{"self":[{"href":"https:\/\/www.europesays.com\/fr\/wp-json\/wp\/v2\/posts\/379509","targetHints":{"allow":["GET"]}}],"collection":[{"href":"https:\/\/www.europesays.com\/fr\/wp-json\/wp\/v2\/posts"}],"about":[{"href":"https:\/\/www.europesays.com\/fr\/wp-json\/wp\/v2\/types\/post"}],"author":[{"embeddable":true,"href":"https:\/\/www.europesays.com\/fr\/wp-json\/wp\/v2\/users\/2"}],"replies":[{"embeddable":true,"href":"https:\/\/www.europesays.com\/fr\/wp-json\/wp\/v2\/comments?post=379509"}],"version-history":[{"count":0,"href":"https:\/\/www.europesays.com\/fr\/wp-json\/wp\/v2\/posts\/379509\/revisions"}],"wp:featuredmedia":[{"embeddable":true,"href":"https:\/\/www.europesays.com\/fr\/wp-json\/wp\/v2\/media\/379510"}],"wp:attachment":[{"href":"https:\/\/www.europesays.com\/fr\/wp-json\/wp\/v2\/media?parent=379509"}],"wp:term":[{"taxonomy":"category","embeddable":true,"href":"https:\/\/www.europesays.com\/fr\/wp-json\/wp\/v2\/categories?post=379509"},{"taxonomy":"post_tag","embeddable":true,"href":"https:\/\/www.europesays.com\/fr\/wp-json\/wp\/v2\/tags?post=379509"}],"curies":[{"name":"wp","href":"https:\/\/api.w.org\/{rel}","templated":true}]}}