{"id":379511,"date":"2025-09-10T05:40:11","date_gmt":"2025-09-10T05:40:11","guid":{"rendered":"https:\/\/www.europesays.com\/fr\/379511\/"},"modified":"2025-09-10T05:40:11","modified_gmt":"2025-09-10T05:40:11","slug":"pourquoi-voit-on-ces-affiches-a-la-foire-de-strasbourg","status":"publish","type":"post","link":"https:\/\/www.europesays.com\/fr\/379511\/","title":{"rendered":"pourquoi voit-on ces affiches \u00e0 la foire de Strasbourg\u00a0?"},"content":{"rendered":"<p>            Par<br \/>\n        <strong><br \/>\n            <a href=\"https:\/\/actu.fr\/auteur\/ivan-capecchi\" title=\"Consulter tous les articles de Ivan CAPECCHI\" target=\"_blank\" rel=\"noopener\">Ivan CAPECCHI<\/a><br \/>\n        <\/strong><\/p>\n<p>        Publi\u00e9 le<\/p>\n<p>            10 sept. 2025 \u00e0 7h02        <\/p>\n<p>En vous promenant dans les all\u00e9es de la <a href=\"https:\/\/actu.fr\/grand-est\/strasbourg_67482\/foire-europeenne-de-strasbourg-nouveautes-theme-programme-on-vous-devoile-l-edition-2025_62733360.html\" target=\"_blank\" rel=\"noopener\">Foire europ\u00e9enne de Strasbourg 2025<\/a>, vous avez peut-\u00eatre crois\u00e9 cette <strong>affiche<\/strong> : \u00ab Le consommateur ne b\u00e9n\u00e9ficie pas d\u2019un <strong>droit de r\u00e9tractation<\/strong> \u00bb. \u00c7a n\u2019est pas un hasard : <strong>la loi impose aux exposants de l\u2019afficher clairement<\/strong>. On vous explique.<\/p>\n<p>Pas de droit de r\u00e9tractation dans les foires<\/p>\n<p class=\" wall-content\">En France, le fameux <strong>d\u00e9lai de 14 jours pour changer d\u2019avis<\/strong> existe pour les achats \u00e0 distance ou \u00e0 domicile, <strong>mais pas dans les foires et salons<\/strong>. Ici, <strong>tout achat est ferme<\/strong>.<\/p>\n<p class=\" wall-content\">Les organisateurs doivent donc <strong>pr\u00e9venir les visiteurs<\/strong>, \u00e0 la fois par un <strong>panneau bien visible<\/strong> et<strong> sur les bons de commande<\/strong>.<\/p>\n<p class=\" wall-content\">\u00c0 d\u00e9faut, ils s\u2019exposent \u00e0 des <strong>sanctions<\/strong>.<\/p>\n<p>Les garanties l\u00e9gales continuent de s\u2019appliquer<\/p>\n<p class=\" wall-content\">Cela ne veut pas dire qu\u2019il n\u2019y a aucun recours : <strong>les garanties l\u00e9gales (conformit\u00e9, vices cach\u00e9s) continuent de s\u2019appliquer<\/strong>, comme l\u2019indique la Chambre de consommation d\u2019Alsace dans un memo.<\/p>\n<p class=\" wall-content\">Et si l\u2019achat est li\u00e9 \u00e0 un cr\u00e9dit, le d\u00e9lai de r\u00e9tractation du cr\u00e9dit peut aussi annuler la vente, pr\u00e9cise cette m\u00eame chambre.<\/p>\n<p class=\" wall-content\">Personnalisez votre actualit\u00e9 en ajoutant vos villes et m\u00e9dias en favori avec <a href=\"https:\/\/moncompte.actu.fr\" title=\"D\u00e9couvez Mon Actu\" rel=\"nofollow noopener\" data-trk=\"{&quot;cta&quot;:{&quot;action&quot;:&quot;https:\\\/\\\/moncompte.actu.fr&quot;,&quot;category&quot;:&quot;mon compte&quot;,&quot;from&quot;:&quot;article footer&quot;,&quot;name&quot;:&quot;Mon actu&quot;,&quot;type&quot;:&quot;cta&quot;}}\" target=\"_blank\">Mon Actu<\/a>.<\/p>\n","protected":false},"excerpt":{"rendered":"Par Ivan CAPECCHI Publi\u00e9 le 10 sept. 2025 \u00e0 7h02 En vous promenant dans les all\u00e9es de la&hellip;\n","protected":false},"author":2,"featured_media":379512,"comment_status":"","ping_status":"","sticky":false,"template":"","format":"standard","meta":{"footnotes":""},"categories":[2820],"tags":[1111,11,215,130,1777,674,1011,27,775,12,25,104,640],"class_list":{"0":"post-379511","1":"post","2":"type-post","3":"status-publish","4":"format-standard","5":"has-post-thumbnail","7":"category-strasbourg","8":"tag-actu","9":"tag-actualites","10":"tag-commerce","11":"tag-consommation","12":"tag-eu","13":"tag-europe","14":"tag-fr","15":"tag-france","16":"tag-grand-est","17":"tag-news","18":"tag-republique-francaise","19":"tag-societe","20":"tag-strasbourg"},"share_on_mastodon":{"url":"https:\/\/pubeurope.com\/@fr\/115178400890326143","error":""},"_links":{"self":[{"href":"https:\/\/www.europesays.com\/fr\/wp-json\/wp\/v2\/posts\/379511","targetHints":{"allow":["GET"]}}],"collection":[{"href":"https:\/\/www.europesays.com\/fr\/wp-json\/wp\/v2\/posts"}],"about":[{"href":"https:\/\/www.europesays.com\/fr\/wp-json\/wp\/v2\/types\/post"}],"author":[{"embeddable":true,"href":"https:\/\/www.europesays.com\/fr\/wp-json\/wp\/v2\/users\/2"}],"replies":[{"embeddable":true,"href":"https:\/\/www.europesays.com\/fr\/wp-json\/wp\/v2\/comments?post=379511"}],"version-history":[{"count":0,"href":"https:\/\/www.europesays.com\/fr\/wp-json\/wp\/v2\/posts\/379511\/revisions"}],"wp:featuredmedia":[{"embeddable":true,"href":"https:\/\/www.europesays.com\/fr\/wp-json\/wp\/v2\/media\/379512"}],"wp:attachment":[{"href":"https:\/\/www.europesays.com\/fr\/wp-json\/wp\/v2\/media?parent=379511"}],"wp:term":[{"taxonomy":"category","embeddable":true,"href":"https:\/\/www.europesays.com\/fr\/wp-json\/wp\/v2\/categories?post=379511"},{"taxonomy":"post_tag","embeddable":true,"href":"https:\/\/www.europesays.com\/fr\/wp-json\/wp\/v2\/tags?post=379511"}],"curies":[{"name":"wp","href":"https:\/\/api.w.org\/{rel}","templated":true}]}}