{"id":379515,"date":"2025-09-10T05:42:10","date_gmt":"2025-09-10T05:42:10","guid":{"rendered":"https:\/\/www.europesays.com\/fr\/379515\/"},"modified":"2025-09-10T05:42:10","modified_gmt":"2025-09-10T05:42:10","slug":"mouvement-bloquons-tout-du-10-septembre-une-operation-de-tractage-dans-le-var-des-rassemblements-a-nice-suivez-en-direct-les-mobilisations-dans-les-alpes-maritimes-et-le-var","status":"publish","type":"post","link":"https:\/\/www.europesays.com\/fr\/379515\/","title":{"rendered":"Mouvement \u00ab\u00a0Bloquons tout\u00a0\u00bb du 10-Septembre: une op\u00e9ration de tractage dans le Var, des rassemblements \u00e0 Nice&#8230; suivez en direct les mobilisations dans les Alpes-Maritimes et le Var"},"content":{"rendered":"<p>\u00ab\u00a0Bloquons tout\u00a0\u00bb. Comment se d\u00e9roulera cette journ\u00e9e? Le mouvement sera-t-il suivi? Quel en sera l&rsquo;ampleur? C&rsquo;est une \u00e9quation \u00e0 plusieurs inconnues qui s&rsquo;affiche pour ce mardi. A l&rsquo;appel de diff\u00e9rents syndicats et sur les r\u00e9seaux sociaux, de nombreuses initiatives d&rsquo;une mobilisation citoyenne, dont l&rsquo;ampleur reste ind\u00e9termin\u00e9e sont pr\u00e9vues \u00e0 travers la France. A quoi faut-il s&rsquo;attendre mercredi ?<\/p>\n<p>Quelque \u00ab\u00a080.000 gendarmes et policiers\u00a0\u00bb seront mobilis\u00e9s \u00e0 travers la France, a annonc\u00e9 lundi soir Bruno Retailleau, ministre de l&rsquo;Int\u00e9rieur bient\u00f4t d\u00e9missionnaire, pr\u00e9venant qu'\u00a0\u00bbaucune violence\u00a0\u00bb ne serait tol\u00e9r\u00e9e.<\/p>\n<p><strong>Universit\u00e9s, transports, commerces, h\u00f4pitaux&#8230;\u00a0<\/strong><\/p>\n<p>Pr\u00e8s de 30 universit\u00e9s fran\u00e7aises organisaient ce mardi \u00e0 la mi-journ\u00e9e leurs assembl\u00e9es g\u00e9n\u00e9rales pour d\u00e9cider de leurs actions mercredi. <strong>A Nice, une AG s&rsquo;est d\u00e9roul\u00e9 ce mardi \u00e0 17h<\/strong>.\u00a0 L&rsquo;Union syndicale lyc\u00e9enne, premier syndicat lyc\u00e9en a appel\u00e9 au blocage des lyc\u00e9es. <strong>Un rassemblement est d&rsquo;ailleurs pr\u00e9vu \u00e0 Toulon, devant le lyc\u00e9e Dumont d&rsquo;Urville.\u00a0<\/strong><\/p>\n<p>Dans les transports, des a\u00e9roports ainsi que les r\u00e9seaux ferr\u00e9s devraient \u00eatre impact\u00e9s par ce mouvement. Les Intercit\u00e9s, RER et Transiliens seront affect\u00e9s mais les trains \u00e0 grande vitesse devraient circuler.\u00a0La direction g\u00e9n\u00e9rale de l&rsquo;Aviation civile (DGAC) <a href=\"https:\/\/www.nicematin.com\/transports\/10-septembre-vols-annules-retards-on-fait-le-point-sur-les-perturbations-prevues-aux-aeroports-de-nice-marseille-et-en-corse-1001174\" target=\"_blank\" rel=\"noopener\">pr\u00e9voit quant \u00e0 elle des perturbations et des retards \u00ab\u00a0sur l&rsquo;ensemble des a\u00e9roports fran\u00e7ais\u00a0\u00bb mercredi.<\/a><\/p>\n<p>C\u00f4t\u00e9 commerces, raffineries, h\u00f4pitaux, \u00e9boueurs, usines &#8230; De nombreux salari\u00e9s ont aussi pr\u00e9vu de bloquer des entreprises. A l&rsquo;appel de la CGT, les \u00e9boueurs se mobiliseront avec au moins une quinzaine de pr\u00e9avis de gr\u00e8ve dans diverses r\u00e9gions de France, \u00ab\u00a0principalement dans les zones rurales\u00a0\u00bb.<\/p><\/p>\n","protected":false},"excerpt":{"rendered":"\u00ab\u00a0Bloquons tout\u00a0\u00bb. Comment se d\u00e9roulera cette journ\u00e9e? Le mouvement sera-t-il suivi? Quel en sera l&rsquo;ampleur? C&rsquo;est une \u00e9quation&hellip;\n","protected":false},"author":2,"featured_media":379516,"comment_status":"","ping_status":"","sticky":false,"template":"","format":"standard","meta":{"footnotes":""},"categories":[2819],"tags":[1111,11,1777,674,1011,27,802,12,2401,882,25,801],"class_list":{"0":"post-379515","1":"post","2":"type-post","3":"status-publish","4":"format-standard","5":"has-post-thumbnail","7":"category-nice","8":"tag-actu","9":"tag-actualites","10":"tag-eu","11":"tag-europe","12":"tag-fr","13":"tag-france","14":"tag-greves-et-mouvements-sociaux","15":"tag-news","16":"tag-nice","17":"tag-provence-alpes-cote-dazur","18":"tag-republique-francaise","19":"tag-social"},"share_on_mastodon":{"url":"https:\/\/pubeurope.com\/@fr\/115178408729952464","error":""},"_links":{"self":[{"href":"https:\/\/www.europesays.com\/fr\/wp-json\/wp\/v2\/posts\/379515","targetHints":{"allow":["GET"]}}],"collection":[{"href":"https:\/\/www.europesays.com\/fr\/wp-json\/wp\/v2\/posts"}],"about":[{"href":"https:\/\/www.europesays.com\/fr\/wp-json\/wp\/v2\/types\/post"}],"author":[{"embeddable":true,"href":"https:\/\/www.europesays.com\/fr\/wp-json\/wp\/v2\/users\/2"}],"replies":[{"embeddable":true,"href":"https:\/\/www.europesays.com\/fr\/wp-json\/wp\/v2\/comments?post=379515"}],"version-history":[{"count":0,"href":"https:\/\/www.europesays.com\/fr\/wp-json\/wp\/v2\/posts\/379515\/revisions"}],"wp:featuredmedia":[{"embeddable":true,"href":"https:\/\/www.europesays.com\/fr\/wp-json\/wp\/v2\/media\/379516"}],"wp:attachment":[{"href":"https:\/\/www.europesays.com\/fr\/wp-json\/wp\/v2\/media?parent=379515"}],"wp:term":[{"taxonomy":"category","embeddable":true,"href":"https:\/\/www.europesays.com\/fr\/wp-json\/wp\/v2\/categories?post=379515"},{"taxonomy":"post_tag","embeddable":true,"href":"https:\/\/www.europesays.com\/fr\/wp-json\/wp\/v2\/tags?post=379515"}],"curies":[{"name":"wp","href":"https:\/\/api.w.org\/{rel}","templated":true}]}}