{"id":379517,"date":"2025-09-10T05:43:17","date_gmt":"2025-09-10T05:43:17","guid":{"rendered":"https:\/\/www.europesays.com\/fr\/379517\/"},"modified":"2025-09-10T05:43:17","modified_gmt":"2025-09-10T05:43:17","slug":"suivez-les-blocages-et-actions-dans-les-alpes-maritimes","status":"publish","type":"post","link":"https:\/\/www.europesays.com\/fr\/379517\/","title":{"rendered":"suivez les blocages et actions dans les Alpes-Maritimes"},"content":{"rendered":"<p>            Par<br \/>\n        <strong><br \/>\n            <a href=\"https:\/\/actu.fr\/auteur\/ugo-maillard\" title=\"Consulter tous les articles de Ugo Maillard\" target=\"_blank\" rel=\"noopener\">Ugo Maillard<\/a><br \/>\n        <\/strong><\/p>\n<p>        Publi\u00e9 le<\/p>\n<p>            10 sept. 2025 \u00e0 7h01<br \/>\n        ; mis \u00e0 jour le 10 sept. 2025 \u00e0 7h21    <\/p>\n<p>Les tr\u00e8s nombreux appels sur les r\u00e9seaux sociaux auront-ils suffi \u00e0 mobiliser les foules\u2009? L\u2019heure de v\u00e9rit\u00e9 est arriv\u00e9e pour le mouvement citoyen <strong>\u00ab\u2009Bloquons tout<\/strong>\u2009\u00bb qui invite depuis des semaines \u00e0 se mobiliser partout en France, le <a href=\"https:\/\/actu.fr\/provence-alpes-cote-d-azur\/nice_06088\/10-septembre-a-nice-bloquons-tout-ce-que-l-on-sait-de-l-ampleur-de-la-mobilisation_63105428.html\" target=\"_blank\" rel=\"noopener\">mercredi 10\u00a0septembre<\/a> 2025.<\/p>\n<p class=\" wall-content\">Des perturbations sont attendues sur le territoire maralpin, que ce soit Nice, Antibes ou encore Saint-Laurent-du-Var.<\/p>\n<p class=\" wall-content\">Suivez <strong>en direct<\/strong> les actions, les blocages et les manifestations dans le d\u00e9partement des <a href=\"https:\/\/actu.fr\/provence-alpes-cote-d-azur\/alpes-maritimes_06\" target=\"_blank\" rel=\"noopener\">Alpes-Maritimes<\/a> avec la r\u00e9daction d\u2019actu Nice.<\/p>\n<p>7 h 20 : 300 forces de l\u2019ordre mobilis\u00e9es dans le d\u00e9partement<\/p>\n<p class=\" wall-content\">En France, Bruno Retailleau, ministre de l\u2019Int\u00e9rieur, a annonc\u00e9 que 80 000 policiers et gendarmes seront mobilis\u00e9s pour cette journ\u00e9e du 10 septembre.\u00a0<\/p>\n<blockquote class=\"ac-article-quote wall-content\">\n<p>Aucune violence et aucun blocage se seront tol\u00e9r\u00e9s par les services de l\u2019\u00c9tat conform\u00e9ment aux instructions du ministre d&rsquo;\u00c9tat Bruno Retailleau transmises aux pr\u00e9fets. Tout acte de violence \u00e0 l\u2019encontre des forces de s\u00e9curit\u00e9 se traduira par une interpellation syst\u00e9matique.<\/p>\n<p>    <strong>Pr\u00e9fecture des Alpes-Maritimes<\/strong>\n            <\/p><\/blockquote>\n<p class=\" wall-content\">Selon les informations de la pr\u00e9fecture transmises \u00e0 la r\u00e9daction d\u2019actu Nice, 300 forces de s\u00e9curit\u00e9 seront d\u00e9ploy\u00e9es dans les Alpes-Maritimes, pour animer \u00ab\u00a0un dispositif de s\u00e9curit\u00e9 dense, massif et mobile sur tout le d\u00e9partement et en particulier autour des lieux des manifestations et des infrastructures strat\u00e9giques\u00a0\u00bb.<\/p>\n<p>7h\u2009: des perturbations dans les transports<\/p>\n<p class=\" wall-content\">Si un flou demeure sur les diff\u00e9rentes actions men\u00e9es sur les Alpes-Maritimes, la direction g\u00e9n\u00e9rale de l\u2019Aviation civile a d\u2019ores et d\u00e9j\u00e0 annonc\u00e9 que <a href=\"https:\/\/actu.fr\/provence-alpes-cote-d-azur\/nice_06088\/10-septembre-a-nice-le-trafic-des-avions-lourdement-impacte-a-l-aeroport-de-nice_63133077.html\" target=\"_blank\" rel=\"noopener\">le trafic a\u00e9rien sera perturb\u00e9<\/a> \u00e0 l\u2019<strong>a\u00e9roport de Nice C\u00f4te d\u2019Azur.<\/strong><\/p>\n<p>Votre r\u00e9gion, votre actu !<\/p>\n<p>Recevez chaque jour les infos qui comptent pour vous.<\/p>\n<p>\t<a href=\"https:\/\/actu.fr\/newsletter\" class=\"ac-btn ac-btn--corner ac-btn--medium ac-btn--blue800\" target=\"_blank\" rel=\"noopener\">S&rsquo;incrire<\/a><\/p>\n<p class=\" wall-content\">La DGAC a demand\u00e9 aux compagnies a\u00e9riennes de r\u00e9duire de 50\u2009% leur programme de vol entre 18\u2009h\u200900 et minuit.<\/p>\n<p class=\" wall-content\">Du c\u00f4t\u00e9 des transports en commun de la m\u00e9tropole de Nice,<a href=\"https:\/\/actu.fr\/provence-alpes-cote-d-azur\/nice_06088\/10-septembre-a-nice-quels-impacts-sur-les-lignes-d-azur-et-les-transports_63133389.html\" target=\"_blank\" rel=\"noopener\"> aucune perturbation n\u2019est pr\u00e9vue<\/a> sur le r\u00e9seau et toutes les<strong> lignes circuleront normalement<\/strong>, assurent les services de la r\u00e9gie des Lignes d\u2019Azur.<\/p>\n<p class=\" wall-content\">Personnalisez votre actualit\u00e9 en ajoutant vos villes et m\u00e9dias en favori avec <a href=\"https:\/\/moncompte.actu.fr\" title=\"D\u00e9couvez Mon Actu\" rel=\"nofollow noopener\" data-trk=\"{&quot;cta&quot;:{&quot;action&quot;:&quot;https:\\\/\\\/moncompte.actu.fr&quot;,&quot;category&quot;:&quot;mon compte&quot;,&quot;from&quot;:&quot;article footer&quot;,&quot;name&quot;:&quot;Mon actu&quot;,&quot;type&quot;:&quot;cta&quot;}}\" target=\"_blank\">Mon Actu<\/a>.<\/p>\n","protected":false},"excerpt":{"rendered":"Par Ugo Maillard Publi\u00e9 le 10 sept. 2025 \u00e0 7h01 ; mis \u00e0 jour le 10 sept. 2025&hellip;\n","protected":false},"author":2,"featured_media":379518,"comment_status":"","ping_status":"","sticky":false,"template":"","format":"standard","meta":{"footnotes":""},"categories":[2819],"tags":[1111,11,47212,1777,674,1011,27,1272,50957,12,2401,882,25,104],"class_list":{"0":"post-379517","1":"post","2":"type-post","3":"status-publish","4":"format-standard","5":"has-post-thumbnail","7":"category-nice","8":"tag-actu","9":"tag-actualites","10":"tag-bloquons-tout","11":"tag-eu","12":"tag-europe","13":"tag-fr","14":"tag-france","15":"tag-manifestations","16":"tag-mouvement-du-10-septembre","17":"tag-news","18":"tag-nice","19":"tag-provence-alpes-cote-dazur","20":"tag-republique-francaise","21":"tag-societe"},"share_on_mastodon":{"url":"https:\/\/pubeurope.com\/@fr\/115178412646708377","error":""},"_links":{"self":[{"href":"https:\/\/www.europesays.com\/fr\/wp-json\/wp\/v2\/posts\/379517","targetHints":{"allow":["GET"]}}],"collection":[{"href":"https:\/\/www.europesays.com\/fr\/wp-json\/wp\/v2\/posts"}],"about":[{"href":"https:\/\/www.europesays.com\/fr\/wp-json\/wp\/v2\/types\/post"}],"author":[{"embeddable":true,"href":"https:\/\/www.europesays.com\/fr\/wp-json\/wp\/v2\/users\/2"}],"replies":[{"embeddable":true,"href":"https:\/\/www.europesays.com\/fr\/wp-json\/wp\/v2\/comments?post=379517"}],"version-history":[{"count":0,"href":"https:\/\/www.europesays.com\/fr\/wp-json\/wp\/v2\/posts\/379517\/revisions"}],"wp:featuredmedia":[{"embeddable":true,"href":"https:\/\/www.europesays.com\/fr\/wp-json\/wp\/v2\/media\/379518"}],"wp:attachment":[{"href":"https:\/\/www.europesays.com\/fr\/wp-json\/wp\/v2\/media?parent=379517"}],"wp:term":[{"taxonomy":"category","embeddable":true,"href":"https:\/\/www.europesays.com\/fr\/wp-json\/wp\/v2\/categories?post=379517"},{"taxonomy":"post_tag","embeddable":true,"href":"https:\/\/www.europesays.com\/fr\/wp-json\/wp\/v2\/tags?post=379517"}],"curies":[{"name":"wp","href":"https:\/\/api.w.org\/{rel}","templated":true}]}}