{"id":379525,"date":"2025-09-10T05:47:17","date_gmt":"2025-09-10T05:47:17","guid":{"rendered":"https:\/\/www.europesays.com\/fr\/379525\/"},"modified":"2025-09-10T05:47:17","modified_gmt":"2025-09-10T05:47:17","slug":"des-tentatives-de-blocages-dejouees-a-bordeaux-et-paris-de-nombreuses-actions-partout-en-france","status":"publish","type":"post","link":"https:\/\/www.europesays.com\/fr\/379525\/","title":{"rendered":"des \u00ab\u00a0tentatives de blocages d\u00e9jou\u00e9es\u00a0\u00bb \u00e0 Bordeaux et Paris, de nombreuses actions partout en France"},"content":{"rendered":"<p>Ce direct est aliment\u00e9 par les journalistes des informations g\u00e9n\u00e9rales.<\/p>\n<p><strong>7\u00a0h\u00a025.<\/strong> Les boucles Telegram sur lesquelles les points de contestation parisiens font \u00e9tat ce matin de blocages de plusieurs points d\u2019entr\u00e9e dans Paris. C\u2019est le cas notamment des portes de Bagnolet et de la Chapelle, \u00e0 l\u2019est et au nord. D\u2019autres groupes de quelques dizaines de personnes se forment ailleurs sur le p\u00e9riph\u00e9rique. Selon les t\u00e9moignages publi\u00e9s sur ces canaux et des images publi\u00e9es sur X, une premi\u00e8re charge polici\u00e8re a eu lieu au niveau de la porte d\u2019Aubervilliers (nord) pour d\u00e9bloquer un barrage. Plusieurs interpellations ont \u00e9t\u00e9 recens\u00e9es \u00e0 la Porte de Bagnolet.<\/p>\n<p>Le p\u00e9riph\u00e9rique parisien a \u00e9t\u00e9 bloqu\u00e9 plusieurs minutes au niveau de la porte de la Chapelle \u00e0 partir de 7\u00a0h ce matin. Mais les policiers sont rapidement intervenus pour mettre fin \u00e0 ce blocage selon les journalistes pr\u00e9sents sur place.<\/p>\n<p><strong>7\u00a0h\u00a015.<\/strong> Lors de sa prise de parole Bruno Retailleau a \u00e9voqu\u00e9 le d\u00e9tail des actions d\u00e9j\u00e0 lanc\u00e9e. \u00ab\u00a0Les forces de l\u2019ordre ont d\u00e9jou\u00e9 une tentative de blocage \u00e0 Bordeaux\u00a0d\u2019une cinquantaine d\u2019individus cagoul\u00e9s ce matin\u00a0\u00bb, mais \u00e9galement \u00ab\u00a0\u00e0 Paris\u00a0\u00bb a-t-il d\u00e9clar\u00e9 face \u00e0 la presse.\u00a0Quelques minutes plus t\u00f4t dans la capitale, un d\u00e9p\u00f4t de bus a \u00e9t\u00e9 d\u00e9bloqu\u00e9 dans le 18e arrondissement et plusieurs personnes descendues sur le p\u00e9riph\u00e9rique ont \u00e9t\u00e9 interpell\u00e9es.<\/p>\n<p><strong>7\u00a0h\u00a010.<\/strong>\u00a0Depuis Rungis o\u00f9 il se trouvait ce matin, le ministre de l&rsquo;Int\u00e9rieur d\u00e9missionnaire Bruno Retailleau a rappel\u00e9 la forte mobilisation des forces de l\u2019ordre, \u00ab\u00a080.000 gendarmes et policiers\u00a0\u00bb en France, dont 6.000 \u00e0 Paris, avec la consigne \u00ab\u00a0de ne pas tol\u00e9rer de violence, de d\u00e9gradation, de blocage, d\u2019occupation des infrastructures essentielles de notre nation\u00a0\u00bb.<\/p>\n<p><strong>7\u00a0h.<\/strong>\u00a0De premi\u00e8res actions ont \u00e9t\u00e9 enregistr\u00e9es \u00e0 Caen, avec des manifestants qui ont mis le feu \u00e0 des objets sur le viaduc de Calix, bloquant la circulation, a constat\u00e9 une photographe de l\u2019AFP. \u00c0 Bordeaux, quelques dizaines de personnes encagoul\u00e9es (des militants syndicaux et des jeunes de la tendance libertaire) ont bloqu\u00e9 dans la nuit l\u2019un des d\u00e9p\u00f4ts du r\u00e9seau de tramways de la ville, avec une barricade de palettes et de poubelles, mais ils ont \u00e9t\u00e9 d\u00e9log\u00e9s rapidement et sans heurts par la police.<\/p>\n<p><strong>6\u00a0h\u00a050.<\/strong> Bonjour et bienvenue dans ce direct consacr\u00e9 \u00e0 la mobilisation du 10\u00a0septembre 2025 du mouvement \u00ab\u00a0Bloquons tout\u00a0\u00bb.<\/p>\n","protected":false},"excerpt":{"rendered":"Ce direct est aliment\u00e9 par les journalistes des informations g\u00e9n\u00e9rales. 7\u00a0h\u00a025. Les boucles Telegram sur lesquelles les points&hellip;\n","protected":false},"author":2,"featured_media":379526,"comment_status":"","ping_status":"","sticky":false,"template":"","format":"standard","meta":{"footnotes":""},"categories":[2817],"tags":[328,1111,11,1997,1777,674,1011,27,329,12,2219,25,801],"class_list":{"0":"post-379525","1":"post","2":"type-post","3":"status-publish","4":"format-standard","5":"has-post-thumbnail","7":"category-bordeaux","8":"tag-a-la-une","9":"tag-actu","10":"tag-actualites","11":"tag-bordeaux","12":"tag-eu","13":"tag-europe","14":"tag-fr","15":"tag-france","16":"tag-france-monde","17":"tag-news","18":"tag-nouvelle-aquitaine","19":"tag-republique-francaise","20":"tag-social"},"share_on_mastodon":{"url":"https:\/\/pubeurope.com\/@fr\/115178428426510041","error":""},"_links":{"self":[{"href":"https:\/\/www.europesays.com\/fr\/wp-json\/wp\/v2\/posts\/379525","targetHints":{"allow":["GET"]}}],"collection":[{"href":"https:\/\/www.europesays.com\/fr\/wp-json\/wp\/v2\/posts"}],"about":[{"href":"https:\/\/www.europesays.com\/fr\/wp-json\/wp\/v2\/types\/post"}],"author":[{"embeddable":true,"href":"https:\/\/www.europesays.com\/fr\/wp-json\/wp\/v2\/users\/2"}],"replies":[{"embeddable":true,"href":"https:\/\/www.europesays.com\/fr\/wp-json\/wp\/v2\/comments?post=379525"}],"version-history":[{"count":0,"href":"https:\/\/www.europesays.com\/fr\/wp-json\/wp\/v2\/posts\/379525\/revisions"}],"wp:featuredmedia":[{"embeddable":true,"href":"https:\/\/www.europesays.com\/fr\/wp-json\/wp\/v2\/media\/379526"}],"wp:attachment":[{"href":"https:\/\/www.europesays.com\/fr\/wp-json\/wp\/v2\/media?parent=379525"}],"wp:term":[{"taxonomy":"category","embeddable":true,"href":"https:\/\/www.europesays.com\/fr\/wp-json\/wp\/v2\/categories?post=379525"},{"taxonomy":"post_tag","embeddable":true,"href":"https:\/\/www.europesays.com\/fr\/wp-json\/wp\/v2\/tags?post=379525"}],"curies":[{"name":"wp","href":"https:\/\/api.w.org\/{rel}","templated":true}]}}