{"id":379531,"date":"2025-09-10T05:50:13","date_gmt":"2025-09-10T05:50:13","guid":{"rendered":"https:\/\/www.europesays.com\/fr\/379531\/"},"modified":"2025-09-10T05:50:13","modified_gmt":"2025-09-10T05:50:13","slug":"sa-construction-demarre-en-2025-voici-a-quoi-il-va-ressembler","status":"publish","type":"post","link":"https:\/\/www.europesays.com\/fr\/379531\/","title":{"rendered":"sa construction d\u00e9marre en 2025, voici \u00e0 quoi il va ressembler"},"content":{"rendered":"<p>            Par<br \/>\n        <strong><br \/>\n            <a href=\"https:\/\/actu.fr\/auteur\/margot-nicodeme\" title=\"Consulter tous les articles de Margot Nicod\u00e8me\" target=\"_blank\" rel=\"noopener\">Margot Nicod\u00e8me<\/a><br \/>\n        <\/strong><\/p>\n<p>        Publi\u00e9 le<\/p>\n<p>            10 sept. 2025 \u00e0 6h30        <\/p>\n<p>C\u2019est une construction qui va profond\u00e9ment <b>changer toute une face de la De\u00fble<\/b>, entre <b><a href=\"https:\/\/actu.fr\/hauts-de-france\/la-madeleine_59368\" target=\"_blank\" rel=\"noopener\">La Madeleine<\/a> et <a href=\"https:\/\/actu.fr\/hauts-de-france\/saint-andre-lez-lille_59527\" target=\"_blank\" rel=\"noopener\">Saint-Andr\u00e9-lez-Lille<\/a><\/b>, pas tr\u00e8s loin de <a href=\"https:\/\/actu.fr\/hauts-de-france\/lille_59350\" target=\"_blank\" rel=\"noopener\">Lille<\/a> (Nord). La nouvelle <a href=\"https:\/\/actu.fr\/hauts-de-france\/saint-andre-lez-lille_59527\/un-nouveau-pont-sur-la-deule-le-projet-titanesque-porte-par-la-metropole-de-lille_62134693.html\" target=\"_blank\" rel=\"noopener\">d\u2019un nouveau pont sur le canal s\u2019est vraiment r\u00e9pandue en janvier 2025<\/a>, apr\u00e8s la distribution de documentation dans les boites aux lettres des riverains. Les interrogations, voire les inqui\u00e9tudes, ont \u00e9merg\u00e9 : quels usages ? Quel aspect ? Quel calendrier pour les travaux ? Quel budget ? Une permanence en mairie de La Madeleine <a href=\"https:\/\/actu.fr\/hauts-de-france\/la-madeleine_59368\/futur-pont-au-dessus-de-la-deule-devenir-du-chemin-de-promenade-circulation-les-riverains-preoccupes_62216030.html\" target=\"_blank\" rel=\"noopener\">le 5 f\u00e9vrier avait permis d\u2019y voir plus clair<\/a>, notamment sur le temps d\u2019am\u00e9nagement : fin 2025-2027. Interrog\u00e9e \u00e0 l\u2019occasion <a href=\"https:\/\/actu.fr\/hauts-de-france\/lille_59350\/metropole-de-lille-transports-logements-tourisme-damien-castelain-dresse-le-bilan-de-5-ans-de-mandat_63090868.html\" target=\"_blank\" rel=\"noopener\">d\u2019une r\u00e9cente conf\u00e9rence de presse<\/a> sur le sujet, la <b><a href=\"https:\/\/actu.fr\/tag\/metropole-europeenne-de-lille\" target=\"_blank\" rel=\"noopener\">M\u00e9tropole europ\u00e9enne de Lille<\/a> fait toute la lumi\u00e8re<\/b> <b>en septembre<\/b> sur ce futur pont, jug\u00e9 absolument n\u00e9cessaire pour \u00ab\u00a0r\u00e9pondre aux besoins croissants de mobilit\u00e9 dans ce secteur\u00a0\u00bb. Et on sait \u00e0 quoi il ressemblera.<\/p>\n<p>    <img   decoding=\"async\" loading=\"lazy\" class=\"size-large\" src=\"https:\/\/www.europesays.com\/fr\/wp-content\/uploads\/2025\/09\/822719bb6a876a62719bb6a878a271v-960x640.jpg\" alt=\"C'est au pied des logements du Quai 22 en construction que le futur pont partirait c\u00f4t\u00e9 Saint-Andr\u00e9, pour atterrir derri\u00e8re le Tennis club de La Madeleine.\" width=\"960\" height=\"640\"\/><br \/>\n    Les travaux commenceront bien en 2025. \u00a9M\u00e9tropole europ\u00e9enne de LilleFutur pont sur la De\u00fble entre La Madeleine et Saint-Andr\u00e9 : voici \u00e0 quoi il va ressembler<\/p>\n<p class=\" wall-content\">La position de l\u2019ouvrage \u00e9tait d\u00e9j\u00e0 connue, la MEL la reconfirme : il \u00ab\u00a0reliera la rue Sadi-Carnot (Saint-Andr\u00e9) \u00e0 la rue Gustave-Scrive (La Madeleine)\u00a0\u00bb. Alors que se finalise le <a href=\"https:\/\/actu.fr\/hauts-de-france\/saint-andre-lez-lille_59527\/saint-andre-lez-lille-dans-les-ilots-de-logements-du-quai-22-des-espaces-verts-insoupconnes_61968757.html\" target=\"_blank\" rel=\"noopener\">village du Quai 22<\/a> c\u00f4t\u00e9 Saint-Andr\u00e9 \u2013 rassemblant logements, <a href=\"https:\/\/actu.fr\/hauts-de-france\/saint-andre-lez-lille_59527\/saint-andre-lez-lille-ladresse-qui-fait-voyager-shii-foo-mii-le-nouveau-bar-a-manger-asiatique_62203981.html\" target=\"_blank\" rel=\"noopener\">commerces<\/a>, services et entreprises (le si\u00e8ge de Dalkia, entre autres) \u2013 il fallait imp\u00e9rativement <b>\u00ab\u00a0am\u00e9liorer la fluidit\u00e9 du trafic <\/b>tout en garantissant la s\u00e9curit\u00e9 et le confort de tous les usagers\u00a0\u00bb. Les ponts existants de part et d\u2019autre du futur ouvrage (Sainte-H\u00e9l\u00e8ne au sud ; de l\u2019Abbaye au nord) <b>n\u2019\u00e9tant pas pourvus de pistes cyclables<\/b>, en plus d\u2019\u00eatre concern\u00e9s par <b>une congestion automobile aux heures de pointe<\/b>.\u00a0<\/p>\n<p class=\" wall-content\">Le nouveau pont fera aussi la part belle aux pi\u00e9tons, les deux autres affichant des trottoirs \u00e9troits et peu s\u00e9curis\u00e9s. Concr\u00e8tement, pourront y circuler :<\/p>\n<ul class=\" wall-content\">\n<li>\n<p>Le futur bus \u00e0 haut niveau de service (BHNS) <a href=\"https:\/\/www.lillemetropole.fr\/extramobile-le-bhns-saint-andre-lez-lille-villeneuve-dascq\" target=\"_blank\" rel=\"noopener\">entre Villeneuve-d\u2019Ascq et Saint-Andr\u00e9<\/a>, sur deux voies<\/p>\n<\/li>\n<li>\n<p>Les voitures sur une voie (pour \u00ab\u00a0diluer les flux\u00a0\u00bb sur trois travers\u00e9es de la De\u00fble, plut\u00f4t que deux)<\/p>\n<\/li>\n<li>\n<p>Les pi\u00e9tons et les cyclistes sur des am\u00e9nagements d\u00e9di\u00e9s<\/p>\n<\/li>\n<\/ul>\n<p>    <img   decoding=\"async\" loading=\"lazy\" class=\"size-large\" src=\"https:\/\/www.europesays.com\/fr\/wp-content\/uploads\/2025\/09\/75370c56ffb8619370c56ffb8ac370v-960x640.jpg\" alt=\"Voici \u00e0 quoi va ressembler le futur pont sur la De\u00fble : il sera du type \" bow-string=\"\" comme=\"\" le=\"\" pont=\"\" de=\"\" l=\"\" juste=\"\" c=\"\" mais=\"\" surtout=\"\" nouveau=\"\" armenti=\"\" ici=\"\" en=\"\" photo.=\"\" width=\"960\" height=\"640\"\/><br \/>\n    Voici \u00e0 quoi va ressembler le futur pont sur la De\u00fble : il sera du type \u00ab\u00a0bow-string\u00a0\u00bb, comme le pont de l\u2019Abbaye juste \u00e0 c\u00f4t\u00e9, mais surtout comme le nouveau pont de l\u2019Attargette \u00e0 Armenti\u00e8res, ici en photo. \u00a9M\u00e9tropole europ\u00e9enne de Lille<\/p>\n<p class=\" wall-content\"><b>Les travaux \u00ab\u00a0devraient\u00a0\u00bb bien commencer fin 2025<\/b>, pour s\u2019achever non plus fin 2027 comme annonc\u00e9, mais <b>mi-2027<\/b>. Enfin, et c\u2019\u00e9tait une question <a href=\"https:\/\/actu.fr\/hauts-de-france\/la-madeleine_59368\/futur-pont-au-dessus-de-la-deule-devenir-du-chemin-de-promenade-circulation-les-riverains-preoccupes_62216030.html\" target=\"_blank\" rel=\"noopener\">qui turlupinait un couple de Marquette-lez-Lille<\/a>, \u00e0 l\u2019occasion de la permanence de f\u00e9vrier dernier : \u00e0 quoi va ressembler ce pont ? Ces habitants esp\u00e9raient qu\u2019il serait diff\u00e9rent du pont de l\u2019Abbaye, pas assez \u00e9pur\u00e9 \u00e0 leurs yeux. Il sera toutefois sur le m\u00eame mod\u00e8le, fait savoir la MEL : <b>de type \u00ab\u00a0bow-string\u00a0\u00bb<\/b>, comme celui qui fut r\u00e9cemment install\u00e9 \u00e0 Armenti\u00e8res (<a href=\"https:\/\/actu.fr\/hauts-de-france\/armentieres_59017\/un-enorme-chantier-a-demarre-a-armentieres-30-mois-de-travaux-sont-prevus_60433433.html\" target=\"_blank\" rel=\"noopener\">pont de l\u2019Attargette<\/a>, ci-dessous).<\/p>\n<p>    <a href=\"https:\/\/www.facebook.com\/plugins\/post.php?href=https%3A%2F%2Fwww.facebook.com%2Farmentieresofficiel%2Fposts%2Fpfbid0ddyzv3MhfWh55XiSsW5KhCULYAoP32SLJtoek91D5KkCoY67fPT7tUFVap1Yc6m4l&amp;show_text=true&amp;width=350\" title=\"Ouvrie le lien\" target=\"_blank\" rel=\"noopener\">Cliquez ici pour visualiser le contenu<\/a><\/p>\n<p>Votre r\u00e9gion, votre actu !<\/p>\n<p>Recevez chaque jour les infos qui comptent pour vous.<\/p>\n<p>\t<a href=\"https:\/\/actu.fr\/newsletter\" class=\"ac-btn ac-btn--corner ac-btn--medium ac-btn--blue800\" target=\"_blank\" rel=\"noopener\">S&rsquo;incrire<\/a><\/p>\n<p class=\" wall-content\">Le co\u00fbt de l\u2019op\u00e9ration s\u2019\u00e9l\u00e8ve \u00e0 19 millions d\u2019euros. \u00c0 noter que le chemin de halage, c\u00f4t\u00e9 La Madeleine, sera conserv\u00e9 : les pi\u00e9tons et cyclistes passeront en dessous du futur pont. L\u2019extr\u00e9mit\u00e9 de l\u2019ouvrage sera localis\u00e9e au niveau du terrain vague qui jouxte la d\u00e9chetterie, et le croisement des rues Georges-Pompidou et Gustave-Scrive devra \u00eatre totalement r\u00e9am\u00e9nag\u00e9.<\/p>\n<p class=\" wall-content\">Personnalisez votre actualit\u00e9 en ajoutant vos villes et m\u00e9dias en favori avec <a href=\"https:\/\/moncompte.actu.fr\" title=\"D\u00e9couvez Mon Actu\" rel=\"nofollow noopener\" data-trk=\"{&quot;cta&quot;:{&quot;action&quot;:&quot;https:\\\/\\\/moncompte.actu.fr&quot;,&quot;category&quot;:&quot;mon compte&quot;,&quot;from&quot;:&quot;article footer&quot;,&quot;name&quot;:&quot;Mon actu&quot;,&quot;type&quot;:&quot;cta&quot;}}\" target=\"_blank\">Mon Actu<\/a>.<\/p>\n","protected":false},"excerpt":{"rendered":"Par Margot Nicod\u00e8me Publi\u00e9 le 10 sept. 2025 \u00e0 6h30 C\u2019est une construction qui va profond\u00e9ment changer toute&hellip;\n","protected":false},"author":2,"featured_media":379532,"comment_status":"","ping_status":"","sticky":false,"template":"","format":"standard","meta":{"footnotes":""},"categories":[2815],"tags":[1111,11,1777,674,1011,27,811,1307,4863,12,25,104,2086,1352],"class_list":{"0":"post-379531","1":"post","2":"type-post","3":"status-publish","4":"format-standard","5":"has-post-thumbnail","7":"category-lille","8":"tag-actu","9":"tag-actualites","10":"tag-eu","11":"tag-europe","12":"tag-fr","13":"tag-france","14":"tag-hauts-de-france","15":"tag-lille","16":"tag-metropole-europeenne-de-lille","17":"tag-news","18":"tag-republique-francaise","19":"tag-societe","20":"tag-travaux","21":"tag-urbanisme"},"share_on_mastodon":{"url":"https:\/\/pubeurope.com\/@fr\/115178440450348833","error":""},"_links":{"self":[{"href":"https:\/\/www.europesays.com\/fr\/wp-json\/wp\/v2\/posts\/379531","targetHints":{"allow":["GET"]}}],"collection":[{"href":"https:\/\/www.europesays.com\/fr\/wp-json\/wp\/v2\/posts"}],"about":[{"href":"https:\/\/www.europesays.com\/fr\/wp-json\/wp\/v2\/types\/post"}],"author":[{"embeddable":true,"href":"https:\/\/www.europesays.com\/fr\/wp-json\/wp\/v2\/users\/2"}],"replies":[{"embeddable":true,"href":"https:\/\/www.europesays.com\/fr\/wp-json\/wp\/v2\/comments?post=379531"}],"version-history":[{"count":0,"href":"https:\/\/www.europesays.com\/fr\/wp-json\/wp\/v2\/posts\/379531\/revisions"}],"wp:featuredmedia":[{"embeddable":true,"href":"https:\/\/www.europesays.com\/fr\/wp-json\/wp\/v2\/media\/379532"}],"wp:attachment":[{"href":"https:\/\/www.europesays.com\/fr\/wp-json\/wp\/v2\/media?parent=379531"}],"wp:term":[{"taxonomy":"category","embeddable":true,"href":"https:\/\/www.europesays.com\/fr\/wp-json\/wp\/v2\/categories?post=379531"},{"taxonomy":"post_tag","embeddable":true,"href":"https:\/\/www.europesays.com\/fr\/wp-json\/wp\/v2\/tags?post=379531"}],"curies":[{"name":"wp","href":"https:\/\/api.w.org\/{rel}","templated":true}]}}