{"id":379535,"date":"2025-09-10T05:52:10","date_gmt":"2025-09-10T05:52:10","guid":{"rendered":"https:\/\/www.europesays.com\/fr\/379535\/"},"modified":"2025-09-10T05:52:10","modified_gmt":"2025-09-10T05:52:10","slug":"pas-une-taxe-de-plus-il-faut-sauver-la-confiance-des-pme","status":"publish","type":"post","link":"https:\/\/www.europesays.com\/fr\/379535\/","title":{"rendered":"Pas une taxe de plus, il faut sauver la confiance des PME"},"content":{"rendered":"<p>Dans un contexte d\u2019instabilit\u00e9 politique et de dette publique en hausse, <a href=\"https:\/\/www.laprovence.com\/article\/economie\/8980880942339514\/annonces-de-bayrou-on-a-le-big-sans-le-bang-les-acteurs-economiques-locaux-reagissent\" target=\"_blank\" rel=\"noopener\">la Conf\u00e9d\u00e9ration des petites et moyennes entreprises (CPME) Sud<\/a> hausse le ton. L\u2019organisation patronale, qui f\u00e9d\u00e8re les TPE et PME, appelle le prochain gouvernement \u00e0 placer l\u2019int\u00e9r\u00eat g\u00e9n\u00e9ral et l\u2019\u00e9conomie r\u00e9elle au c\u0153ur de ses d\u00e9cisions. Elle d\u00e9nonce un \u00ab\u00a0cercle vraiment pas vertueux o\u00f9 la France continue \u00e0 s\u2019enfoncer petit \u00e0 petit\u00a0\u00bb, exacerb\u00e9 par un manque de visibilit\u00e9 qui menace la confiance des entreprises et l\u2019investissement. La <a href=\"https:\/\/www.laprovence.com\/article\/le-hub\/31327088764422\/la-cpme-incite-les-entrepreneurs-a-accueillir-des-stagiaires\" target=\"_blank\" rel=\"noopener\">CPME<\/a> appelle \u00e0 un \u00ab\u00a0courage\u00a0\u00bb politique et \u00e0 une \u00ab\u00a0vision entrepreneuriale\u00a0\u00bb pour \u00e9viter que la France ne suive le chemin de pays ayant connu des<a href=\"https:\/\/www.laprovence.com\/article\/economie\/11780446672235\/budget-la-france-une-situation-economique-similaire-a-la-grece\" target=\"_blank\" rel=\"noopener\"> crises \u00e9conomiques majeures, citant l\u2019exemple de la Gr\u00e8ce<\/a>.<\/p>\n<p>Proposition phare\u00a0: exon\u00e9rer d\u2019IS les b\u00e9n\u00e9fices r\u00e9investis dans les PME<\/p>\n<p>Dans ce contexte morose, on note que la r\u00e9gion r\u00e9siste davantage que d\u2019autres r\u00e9gions et reste dans le vert en ce second trimestre\u00a02025. Le b\u00e2timent avec une croissance \u00e0 -2.2%, l&rsquo;immobilier \u00e0 -1.6%, le transport \u00e0 -3.2%, tandis que la restauration enregistre une baisse de -15 \u00e0 20%. L\u2019emploi qui suit une progression de 0,5% en r\u00e9gion. Pour ce qui est des d\u00e9faillances, la r\u00e9gion a enregistr\u00e9 1\u00a0540 proc\u00e9dures de sauv&#8230;<\/p>\n","protected":false},"excerpt":{"rendered":"Dans un contexte d\u2019instabilit\u00e9 politique et de dette publique en hausse, la Conf\u00e9d\u00e9ration des petites et moyennes entreprises&hellip;\n","protected":false},"author":2,"featured_media":379536,"comment_status":"","ping_status":"","sticky":false,"template":"","format":"standard","meta":{"footnotes":""},"categories":[2814],"tags":[17,1111,11,898,32210,33,1777,674,1011,27,884,12,5261,378,882,25,7053,2549,96],"class_list":{"0":"post-379535","1":"post","2":"type-post","3":"status-publish","4":"format-standard","5":"has-post-thumbnail","7":"category-marseille","8":"tag-17","9":"tag-actu","10":"tag-actualites","11":"tag-alerte","12":"tag-cpme","13":"tag-economie","14":"tag-eu","15":"tag-europe","16":"tag-fr","17":"tag-france","18":"tag-marseille","19":"tag-news","20":"tag-pas","21":"tag-plus","22":"tag-provence-alpes-cote-dazur","23":"tag-republique-francaise","24":"tag-sud","25":"tag-taxe","26":"tag-une"},"share_on_mastodon":{"url":"https:\/\/pubeurope.com\/@fr\/115178448137069442","error":""},"_links":{"self":[{"href":"https:\/\/www.europesays.com\/fr\/wp-json\/wp\/v2\/posts\/379535","targetHints":{"allow":["GET"]}}],"collection":[{"href":"https:\/\/www.europesays.com\/fr\/wp-json\/wp\/v2\/posts"}],"about":[{"href":"https:\/\/www.europesays.com\/fr\/wp-json\/wp\/v2\/types\/post"}],"author":[{"embeddable":true,"href":"https:\/\/www.europesays.com\/fr\/wp-json\/wp\/v2\/users\/2"}],"replies":[{"embeddable":true,"href":"https:\/\/www.europesays.com\/fr\/wp-json\/wp\/v2\/comments?post=379535"}],"version-history":[{"count":0,"href":"https:\/\/www.europesays.com\/fr\/wp-json\/wp\/v2\/posts\/379535\/revisions"}],"wp:featuredmedia":[{"embeddable":true,"href":"https:\/\/www.europesays.com\/fr\/wp-json\/wp\/v2\/media\/379536"}],"wp:attachment":[{"href":"https:\/\/www.europesays.com\/fr\/wp-json\/wp\/v2\/media?parent=379535"}],"wp:term":[{"taxonomy":"category","embeddable":true,"href":"https:\/\/www.europesays.com\/fr\/wp-json\/wp\/v2\/categories?post=379535"},{"taxonomy":"post_tag","embeddable":true,"href":"https:\/\/www.europesays.com\/fr\/wp-json\/wp\/v2\/tags?post=379535"}],"curies":[{"name":"wp","href":"https:\/\/api.w.org\/{rel}","templated":true}]}}