{"id":379539,"date":"2025-09-10T05:54:13","date_gmt":"2025-09-10T05:54:13","guid":{"rendered":"https:\/\/www.europesays.com\/fr\/379539\/"},"modified":"2025-09-10T05:54:13","modified_gmt":"2025-09-10T05:54:13","slug":"un-temps-sec-et-agreable-ce-mercredi-a-lyon-jusqua-25-degres-attendus","status":"publish","type":"post","link":"https:\/\/www.europesays.com\/fr\/379539\/","title":{"rendered":"Un temps sec et agr\u00e9able ce mercredi \u00e0 Lyon, jusqu&rsquo;\u00e0 25 degr\u00e9s attendus"},"content":{"rendered":"<p>                            <img loading=\"lazy\" width=\"1200\" height=\"900\" class=\"attachment-article size-article wp-post-image lazyload\" alt=\"\" decoding=\"async\" src=\"https:\/\/www.europesays.com\/fr\/wp-content\/uploads\/2025\/06\/lyon-confluence-e1680498447691-scaled-e1748417399851-1200x900.jpg\" data-eio-rwidth=\"1200\" data-eio-rheight=\"900\"\/><\/p>\n<p>Lever de soleil \u00e0 Lyon sur le Mus\u00e9e des Confluence.<\/p>\n<p class=\"content\" style=\"font-size:1.2em;font-weight:700\">C&rsquo;est un temps sec et agr\u00e9able qui attend l&rsquo;agglom\u00e9ration lyonnaise ce mercredi 10 septembre, avec des temp\u00e9ratures de saison qui atteindront les 25 degr\u00e9s.<\/p>\n<p>C&rsquo;est une belle journ\u00e9e qui attend les Lyonnaises et les Lyonnais ce mercredi. Un temps sec et agr\u00e9able o\u00f9 le soleil alternera avec des nuages du matin au soir. De tr\u00e8s l\u00e9g\u00e8res pluies sont attendues la nuit prochaine \u00e0 Lyon. <\/p>\n<p>C\u00f4t\u00e9 temp\u00e9ratures il fait 14 degr\u00e9s ce mercredi matin et le mercure atteindra les 25 degr\u00e9s au meilleur de la journ\u00e9e. Des valeurs proches des normales de saison qui devraient se maintenir au moins jusqu&rsquo;\u00e0 vendredi \u00e0 Lyon. <\/p>\n","protected":false},"excerpt":{"rendered":"Lever de soleil \u00e0 Lyon sur le Mus\u00e9e des Confluence. C&rsquo;est un temps sec et agr\u00e9able qui attend&hellip;\n","protected":false},"author":2,"featured_media":155710,"comment_status":"","ping_status":"","sticky":false,"template":"","format":"standard","meta":{"footnotes":""},"categories":[1889],"tags":[1111,11,2430,1777,674,1011,27,2428,12,25],"class_list":{"0":"post-379539","1":"post","2":"type-post","3":"status-publish","4":"format-standard","5":"has-post-thumbnail","7":"category-lyon","8":"tag-actu","9":"tag-actualites","10":"tag-auvergne-rhone-alpes","11":"tag-eu","12":"tag-europe","13":"tag-fr","14":"tag-france","15":"tag-lyon","16":"tag-news","17":"tag-republique-francaise"},"share_on_mastodon":{"url":"https:\/\/pubeurope.com\/@fr\/115178455961006879","error":""},"_links":{"self":[{"href":"https:\/\/www.europesays.com\/fr\/wp-json\/wp\/v2\/posts\/379539","targetHints":{"allow":["GET"]}}],"collection":[{"href":"https:\/\/www.europesays.com\/fr\/wp-json\/wp\/v2\/posts"}],"about":[{"href":"https:\/\/www.europesays.com\/fr\/wp-json\/wp\/v2\/types\/post"}],"author":[{"embeddable":true,"href":"https:\/\/www.europesays.com\/fr\/wp-json\/wp\/v2\/users\/2"}],"replies":[{"embeddable":true,"href":"https:\/\/www.europesays.com\/fr\/wp-json\/wp\/v2\/comments?post=379539"}],"version-history":[{"count":0,"href":"https:\/\/www.europesays.com\/fr\/wp-json\/wp\/v2\/posts\/379539\/revisions"}],"wp:featuredmedia":[{"embeddable":true,"href":"https:\/\/www.europesays.com\/fr\/wp-json\/wp\/v2\/media\/155710"}],"wp:attachment":[{"href":"https:\/\/www.europesays.com\/fr\/wp-json\/wp\/v2\/media?parent=379539"}],"wp:term":[{"taxonomy":"category","embeddable":true,"href":"https:\/\/www.europesays.com\/fr\/wp-json\/wp\/v2\/categories?post=379539"},{"taxonomy":"post_tag","embeddable":true,"href":"https:\/\/www.europesays.com\/fr\/wp-json\/wp\/v2\/tags?post=379539"}],"curies":[{"name":"wp","href":"https:\/\/api.w.org\/{rel}","templated":true}]}}