{"id":379540,"date":"2025-09-10T05:55:18","date_gmt":"2025-09-10T05:55:18","guid":{"rendered":"https:\/\/www.europesays.com\/fr\/379540\/"},"modified":"2025-09-10T05:55:18","modified_gmt":"2025-09-10T05:55:18","slug":"lycee-bloque-premiere-confrontation-a-perrache-situation-tendue-a-lyon","status":"publish","type":"post","link":"https:\/\/www.europesays.com\/fr\/379540\/","title":{"rendered":"Lyc\u00e9e bloqu\u00e9, premi\u00e8re confrontation \u00e0 Perrache&#8230; situation tendue \u00e0 Lyon"},"content":{"rendered":"<p class=\"insetTitle\">Ce que l&rsquo;on sait<\/p>\n<p>N\u00e9 sur X et Telegram pour s\u2019opposer au budget 2026 de Fran\u00e7ois Bayrou et notamment \u00e0 la suppression de deux jours f\u00e9ri\u00e9s, le mouvement \u00ab\u00a0Bloquons tout\u00a0\u00bb a gagn\u00e9 du terrain partout en France.<\/p>\n<p>Le Collectif lyonnais \u00ab Indignons-nous, bloquons tout ! \u00bb organise des manifestations ce mercredi 10 septembre. Ils appellent les citoyens \u00ab r\u00e9volt\u00e9s par les gouvernements successifs \u00bb \u00e0 se joindre \u00e0 eux.<\/p>\n<p>Des actions et des rassemblements sont pr\u00e9vus dans la m\u00e9tropole de Lyon et dans le Rh\u00f4ne. Les lieux mentionn\u00e9s incluent : Lyon Perrache et la Feyssine \u00e0 Villeurbanne, un rassemblement de la CGT est \u00e9galement pr\u00e9vu \u00e0 midi \u00e0 Lyon, place Guichard et des piquets de gr\u00e8ve se tiendront \u00e0 l&rsquo;h\u00f4pital Edouard-Herriot, chez Arkema et \u00e0 la raffinerie de Feyzin.<\/p>\n<p>Nos journalistes sont mobilis\u00e9s partout dans le Rh\u00f4ne, suivez la journ\u00e9e en direct avec nous !\u00a0<\/p>\n","protected":false},"excerpt":{"rendered":"Ce que l&rsquo;on sait N\u00e9 sur X et Telegram pour s\u2019opposer au budget 2026 de Fran\u00e7ois Bayrou et&hellip;\n","protected":false},"author":2,"featured_media":379541,"comment_status":"","ping_status":"","sticky":false,"template":"","format":"standard","meta":{"footnotes":""},"categories":[1889],"tags":[1111,11,2430,9671,3152,2757,3153,3154,3155,3156,1777,674,274,107,1011,27,2428,12,316,25,2429,801,104],"class_list":{"0":"post-379540","1":"post","2":"type-post","3":"status-publish","4":"format-standard","5":"has-post-thumbnail","7":"category-lyon","8":"tag-actu","9":"tag-actualites","10":"tag-auvergne-rhone-alpes","11":"tag-conflit-social","12":"tag-edition-est-lyonnais","13":"tag-edition-lyon-villeurbanne","14":"tag-edition-ouest-lyonnais","15":"tag-edition-sud-lyonnais","16":"tag-edition-tarare","17":"tag-edition-villefranche","18":"tag-eu","19":"tag-europe","20":"tag-faits-divers-justice","21":"tag-fil-info","22":"tag-fr","23":"tag-france","24":"tag-lyon","25":"tag-news","26":"tag-politique","27":"tag-republique-francaise","28":"tag-rhone","29":"tag-social","30":"tag-societe"},"share_on_mastodon":{"url":"https:\/\/pubeurope.com\/@fr\/115178459837655039","error":""},"_links":{"self":[{"href":"https:\/\/www.europesays.com\/fr\/wp-json\/wp\/v2\/posts\/379540","targetHints":{"allow":["GET"]}}],"collection":[{"href":"https:\/\/www.europesays.com\/fr\/wp-json\/wp\/v2\/posts"}],"about":[{"href":"https:\/\/www.europesays.com\/fr\/wp-json\/wp\/v2\/types\/post"}],"author":[{"embeddable":true,"href":"https:\/\/www.europesays.com\/fr\/wp-json\/wp\/v2\/users\/2"}],"replies":[{"embeddable":true,"href":"https:\/\/www.europesays.com\/fr\/wp-json\/wp\/v2\/comments?post=379540"}],"version-history":[{"count":0,"href":"https:\/\/www.europesays.com\/fr\/wp-json\/wp\/v2\/posts\/379540\/revisions"}],"wp:featuredmedia":[{"embeddable":true,"href":"https:\/\/www.europesays.com\/fr\/wp-json\/wp\/v2\/media\/379541"}],"wp:attachment":[{"href":"https:\/\/www.europesays.com\/fr\/wp-json\/wp\/v2\/media?parent=379540"}],"wp:term":[{"taxonomy":"category","embeddable":true,"href":"https:\/\/www.europesays.com\/fr\/wp-json\/wp\/v2\/categories?post=379540"},{"taxonomy":"post_tag","embeddable":true,"href":"https:\/\/www.europesays.com\/fr\/wp-json\/wp\/v2\/tags?post=379540"}],"curies":[{"name":"wp","href":"https:\/\/api.w.org\/{rel}","templated":true}]}}