{"id":379550,"date":"2025-09-10T06:01:17","date_gmt":"2025-09-10T06:01:17","guid":{"rendered":"https:\/\/www.europesays.com\/fr\/379550\/"},"modified":"2025-09-10T06:01:17","modified_gmt":"2025-09-10T06:01:17","slug":"a-paris-javais-le-sentiment-detre-a-une-heure-de-metro-de-tout-ici-tout-est-proche","status":"publish","type":"post","link":"https:\/\/www.europesays.com\/fr\/379550\/","title":{"rendered":"\u201cA Paris, j\u2019avais le sentiment d\u2019\u00eatre \u00e0 une heure de m\u00e9tro de tout. Ici, tout est proche\u201d"},"content":{"rendered":"<p>      <img fetchpriority=\"high\" decoding=\"async\" class=\"mx-auto\" src=\"data:image\/svg+xml,%3Csvg%20xmlns%3D%27http%3A%2F%2Fwww.w3.org%2F2000%2Fsvg%27%20fill%3D%22%23e4e4e4%22%20viewBox%3D%270%200%20510%20340%27%20width%3D%22510%22%20height%3D%22340%22%3E%3Cpath%20d%3D%27M0%200h510v340H0z%27%2F%3E%3C%2Fsvg%3E\"  loading=\"eager\" width=\"510\" height=\"340\" data-oncrawl-image-size=\"510x340\" alt=\"Apr\u00e8s avoir v\u00e9cu quinze ans \u00e0 Paris, Florine, 43\u00a0ans, est revenue habiter \u00e0 Lille, dans sa r\u00e9gion d\u2019origine.\"\/>      <\/p>\n<p class=\"latino-100m text-grey-600\">\n            Apr\u00e8s avoir v\u00e9cu quinze ans \u00e0 Paris, Florine, 43\u00a0ans, est revenue habiter \u00e0 Lille, dans sa r\u00e9gion d\u2019origine.\u00a0ALICE WIETZEL POUR \u00ab\u00a0LE NOUVEL OBS\u00a0\u00bb        <\/p>\n<p>        Lire\u00a0plus\u00a0tard      <\/p>\n<p><a aria-label=\"Nous suivre sur Google News\" href=\"https:\/\/news.google.com\/publications\/CAAqBwgKMJe4nQkw3dFs?hl=fr&amp;gl=FR&amp;ceid=FR%3Afr\" target=\"_blank\" data-piano=\"Recircu_Series,Sous_date_publi,Nous_suivre_sur_google_news,1er_clic,action\" class=\"btn btn--small btn--tertiary btn--icon-only\" rel=\"noopener\"><\/p>\n<p>      Google Actualit\u00e9s<br \/>\n  <\/a><\/p>\n<p>  Partager<\/p>\n<p>        Facebook<\/p>\n<p>        Bluesky<\/p>\n<p>        E-mail<\/p>\n<p>        Copier le lien<\/p>\n<p>      Envoyer<\/p>\n<p>      S\u2019abonner pour lire    <\/p>\n<p class=\"node__paragraphe antonia-750r text-grey-800 pb-24 pb-md-32\">\nDans \u00ab\u00a0Connemara\u00a0\u00bb, l\u2019adaptation par Alex Lutz du <a href=\"https:\/\/www.nouvelobs.com\/romans\/20220129.OBS53817\/nicolas-mathieu-on-n-a-pas-a-exiger-de-la-litterature-qu-elle-nous-reconcilie-avec-le-monde.html\" target=\"_blank\" rel=\"noopener\">roman de Nicolas Mathieu<\/a>, une quadrag\u00e9naire, incarn\u00e9e par M\u00e9lanie Thierry, revient dans sa petite ville natale des Vosges, qu\u2019elle a quitt\u00e9e vingt ans plus t\u00f4t pour mener une carri\u00e8re et vivre sa vie \u00e0 Paris. Le retour aux sources \u00e9tait aussi la trame de <a href=\"https:\/\/www.nouvelobs.com\/cinema\/20250513.OBS103862\/partir-un-jour-juliette-armanet-en-vedette-dans-cette-romance-karaoke-sans-epaisseur-qui-ouvre-le-festival-de-cannes.html\" target=\"_blank\" rel=\"noopener\">\u00ab\u00a0Partir un jour\u00a0\u00bb<\/a>, le premier film d\u2019Am\u00e9lie Bonnin, avec Juliette Armanet dans le r\u00f4le-titre, pr\u00e9sent\u00e9 en ouverture du dernier Festival de Cannes. Ce mouvement vers la terre natale n\u2019est pas que du cin\u00e9ma\u00a0: entre l\u2019inflation des loyers dans les grandes m\u00e9tropoles, la crise du Covid et l\u2019aspiration \u00e0 une meilleure qualit\u00e9 de vie, de plus en plus de Fran\u00e7ais font cette d\u00e9marche \u2013 certains par choix, d\u2019autres sous la contrainte. Aujourd\u2019hui, Florine, 43\u00a0ans, qui a quitt\u00e9 Lille \u2013 qu\u2019elle trouvait \u00ab\u00a0trop petite\u00a0\u00bb \u2013, mais qui y est finalement revenue, lass\u00e9e par quinze ans de vie parisienne.<\/p>\n<p class=\"node__paragraphe antonia-750r text-grey-800 pb-8\">\n\u00ab\u00a0J\u2019ai grandi \u00e0 Thumeries, une petite ville \u00e0 20\u00a0kilom\u00e8tres de Lille et \u00e0 10\u00a0ans, je disais d\u00e9j\u00e0 que je voulais vivre \u00e0 Paris. Tr\u00e8s t\u00f4t, la \u201cgrande ville\u201d m\u2019a fait r\u00eaver\u00a0: son effervescence, sa vitalit\u00e9, son offre culturelle\u2026 \u00c7a m\u2019attirait et \u00e0 chaque fois que j\u2019y allais, j\u2019\u00e9tais \u00e9merveill\u00e9e. Apr\u00e8s \u2026<\/p>\n<p>  <img loading=\"lazy\" decoding=\"async\" class=\"floating-img\" src=\"https:\/\/www.europesays.com\/fr\/wp-content\/uploads\/2025\/07\/img-paywall@2x.png\" width=\"142\" height=\"91\" alt=\"\"\/><\/p>\n<p class=\"latino-100m text-blue-400\">Article r\u00e9serv\u00e9 aux abonn\u00e9s.<\/p>\n<p>          Se connecter<\/p>\n<p class=\"pb-16 text-center antonia-1850c\">Offre d\u2019\u00e9t\u00e9\u00a0:<br \/>1\u20ac\/mois pendant 6\u00a0mois<\/p>\n<p>\n        S&rsquo;abonner\n      <\/p>\n<p>          D\u00e9couvrir toutes nos offres<\/p>\n","protected":false},"excerpt":{"rendered":"Apr\u00e8s avoir v\u00e9cu quinze ans \u00e0 Paris, Florine, 43\u00a0ans, est revenue habiter \u00e0 Lille, dans sa r\u00e9gion d\u2019origine.\u00a0ALICE&hellip;\n","protected":false},"author":2,"featured_media":379551,"comment_status":"","ping_status":"","sticky":false,"template":"","format":"standard","meta":{"footnotes":""},"categories":[1888],"tags":[17,11,1777,674,51296,1011,27,3838,4380,51297,12,626,5457,21188,25,31430,104],"class_list":{"0":"post-379550","1":"post","2":"type-post","3":"status-publish","4":"format-standard","5":"has-post-thumbnail","7":"category-paris","8":"tag-17","9":"tag-actualites","10":"tag-eu","11":"tag-europe","12":"tag-florine","13":"tag-fr","14":"tag-france","15":"tag-heure","16":"tag-les-series-du-nouvel-obs","17":"tag-natal","18":"tag-news","19":"tag-paris","20":"tag-pays","21":"tag-rentre","22":"tag-republique-francaise","23":"tag-sentiment","24":"tag-societe"},"share_on_mastodon":{"url":"https:\/\/pubeurope.com\/@fr\/115178483707380920","error":""},"_links":{"self":[{"href":"https:\/\/www.europesays.com\/fr\/wp-json\/wp\/v2\/posts\/379550","targetHints":{"allow":["GET"]}}],"collection":[{"href":"https:\/\/www.europesays.com\/fr\/wp-json\/wp\/v2\/posts"}],"about":[{"href":"https:\/\/www.europesays.com\/fr\/wp-json\/wp\/v2\/types\/post"}],"author":[{"embeddable":true,"href":"https:\/\/www.europesays.com\/fr\/wp-json\/wp\/v2\/users\/2"}],"replies":[{"embeddable":true,"href":"https:\/\/www.europesays.com\/fr\/wp-json\/wp\/v2\/comments?post=379550"}],"version-history":[{"count":0,"href":"https:\/\/www.europesays.com\/fr\/wp-json\/wp\/v2\/posts\/379550\/revisions"}],"wp:featuredmedia":[{"embeddable":true,"href":"https:\/\/www.europesays.com\/fr\/wp-json\/wp\/v2\/media\/379551"}],"wp:attachment":[{"href":"https:\/\/www.europesays.com\/fr\/wp-json\/wp\/v2\/media?parent=379550"}],"wp:term":[{"taxonomy":"category","embeddable":true,"href":"https:\/\/www.europesays.com\/fr\/wp-json\/wp\/v2\/categories?post=379550"},{"taxonomy":"post_tag","embeddable":true,"href":"https:\/\/www.europesays.com\/fr\/wp-json\/wp\/v2\/tags?post=379550"}],"curies":[{"name":"wp","href":"https:\/\/api.w.org\/{rel}","templated":true}]}}