{"id":379562,"date":"2025-09-10T06:07:11","date_gmt":"2025-09-10T06:07:11","guid":{"rendered":"https:\/\/www.europesays.com\/fr\/379562\/"},"modified":"2025-09-10T06:07:11","modified_gmt":"2025-09-10T06:07:11","slug":"comment-les-slaves-ont-conquis-une-partie-de-leurope-il-y-a-1500-ans","status":"publish","type":"post","link":"https:\/\/www.europesays.com\/fr\/379562\/","title":{"rendered":"Comment les Slaves ont conquis une partie de l\u2019Europe il y a 1500\u00a0ans"},"content":{"rendered":"<p><strong>D\u00c9CRYPTAGE<\/strong> &#8211; Deux \u00e9tudes g\u00e9n\u00e9tiques permettent de retracer l\u2019histoire de ces peuples originaire d\u2019Ukraine et qui ont ensuite conquis une large partie de l\u2019Europe de l\u2019Est.<\/p>\n<p class=\"fig-paragraph\">Vers 98 apr\u00e8s J.-C., l\u2019auteur romain\u00a0<a href=\"http:\/\/www.lefigaro.fr\/histoire\/xavier-darcos-tacite-ne-doute-pas-une-seconde-de-la-superiorite-de-la-civilisation-romaine-20240331\" data-fig-type=\"Article\" data-gtm-custom-categorie=\"navigation\" data-gtm-custom-action=\"crossclick\" data-gtm-custom-label=\"Contextuel\" data-gtm-event=\"customEventSPE\" data-fig-domain=\"LEFIGARO\" rel=\"nofollow noopener\" target=\"_blank\">Tacite<\/a>\u00a0mentionne pour la premi\u00e8re fois un peuple inconnu, celui des V\u00e9n\u00e8thes. Un peuple qu\u2019il situe \u00e0 la fronti\u00e8re entre le monde germanique s\u00e9dentaire d\u2019Europe centrale et celui des nomades sarmates de la steppe d\u2019Europe orientale, sans pour autant pouvoir le rattacher \u00e0 un groupe plus large. Il faut attendre le VIe\u00a0si\u00e8cle pour que l\u2019auteur goth, Jordanes, confirme que ces V\u00e9n\u00e8thes d\u2019Europe orientale ne sont autres que les Slaves. Ce peuple que \u00ab\u00a0l\u2019on d\u00e9signe principalement par le nom de Sclavins et par celui d\u2019Antes\u00a0\u00bb et qui \u00ab\u00a0n\u2019a pour ville que des marais et les bois\u00a0\u00bb. Au-del\u00e0 de ces textes anciens, les\u00a0<a href=\"http:\/\/www.lefigaro.fr\/histoire\/slaves-anglo-saxons-vikings-entre-le-ive-et-le-xe-siecle-en-europe-la-deferlante-des-peuples-20240203\" data-fig-type=\"Article\" data-gtm-custom-categorie=\"navigation\" data-gtm-custom-action=\"crossclick\" data-gtm-custom-label=\"Contextuel\" data-gtm-event=\"customEventSPE\" data-fig-domain=\"LEFIGARO\" rel=\"nofollow noopener\" target=\"_blank\">premi\u00e8res communaut\u00e9s slaves<\/a>\u00a0ayant laiss\u00e9 peu de traces arch\u00e9ologiques, les scientifiques ont toujours eu du mal \u00e0 d\u00e9finir l\u2019origine et l\u2019histoire de ce groupe qui a pourtant occup\u00e9 une large partie de l\u2019Europe. Deux nouvelles \u00e9tudes g\u00e9n\u00e9tiques, l\u2019une publi\u00e9e dans\u00a0<a href=\"https:\/\/www.nature.com\/articles\/s41586-025-09437-6\" target=\"_blank\" rel=\"sponsored noopener nofollow\" data-gtm-custom-categorie=\"navigation\" data-gtm-custom-action=\"crossclick\" data-gtm-custom-label=\"Contextuel\" data-gtm-event=\"customEventSPE\">la revue Nature,<\/a>\u00a0l\u2019autre\u00a0<a href=\"https:\/\/genomebiology.biomedcentral.com\/articles\/10.1186\/s13059-025-03700-9\" target=\"_blank\" rel=\"sponsored noopener nofollow\" data-gtm-custom-categorie=\"navigation\" data-gtm-custom-action=\"crossclick\" data-gtm-custom-label=\"Contextuel\" data-gtm-event=\"customEventSPE\">dans Genome Biology<\/a>, men\u00e9es par les \u00e9quipes des Johannes\u2026<\/p>\n<p class=\"fig-premium-paywall__infos\">\n        Cet article est r\u00e9serv\u00e9 aux abonn\u00e9s.        Il vous reste 86% \u00e0 d\u00e9couvrir.\n    <\/p>\n<p>                <img  data- alt=\"Le Figaro\" class=\"fig-img--complete fig-img\"\/><\/p>\n<p class=\"fig-premium-paywall__title\">Vous avez envie de lire la suite ?<\/p>\n<p class=\"fig-premium-paywall__subtitle\">D\u00e9bloquez tous les articles imm\u00e9diatement.<\/p>\n<p class=\"fig-premium-paywall__connect\">\n                D\u00e9j\u00e0 abonn\u00e9\u00a0?                <a class=\"fig-premium-paywall__connect-link\" href=\"https:\/\/connect.lefigaro.fr\/login?client=horizon_web&amp;type=main&amp;redirect_uri=https%3A%2F%2Fwww.lefigaro.fr%2Fsciences%2Fcomment-les-slaves-ont-conquis-une-partie-de-l-europe-il-y-a-1500-ans-20250909\" data-js-gtm=\"{&quot;customCategorie&quot;: &quot;conversion&quot;, &quot;customAction&quot;: &quot;before_Landing_Connexion_paywall_auto&quot;, &quot;customLabel&quot;: &quot;bGVmaWdhcm8uZnJfXzFmMDhhM2YwLTJlNDItNjc1ZS04ZTZiLTRiOWZmZThmOTAyNl9fQXJ0aWNsZQ==_Comment les Slaves ont conquis une partie de l\u2019Europe il y a 1500\u00a0ans_1000&quot;, &quot;customIDSPE&quot;: &quot;bGVmaWdhcm8uZnJfXzFmMDhhM2YwLTJlNDItNjc1ZS04ZTZiLTRiOWZmZThmOTAyNl9fQXJ0aWNsZQ==&quot;, &quot;event&quot;: &quot;customEventSPE&quot;}\" rel=\"nofollow noopener\" target=\"_blank\"><br \/>\n                    Connectez-vous<br \/>\n                <\/a>\n            <\/p>\n","protected":false},"excerpt":{"rendered":"D\u00c9CRYPTAGE &#8211; Deux \u00e9tudes g\u00e9n\u00e9tiques permettent de retracer l\u2019histoire de ces peuples originaire d\u2019Ukraine et qui ont ensuite&hellip;\n","protected":false},"author":2,"featured_media":379563,"comment_status":"","ping_status":"","sticky":false,"template":"","format":"standard","meta":{"footnotes":""},"categories":[1586],"tags":[11,1777,674,1011,27,22747,937,10090,12,25],"class_list":{"0":"post-379562","1":"post","2":"type-post","3":"status-publish","4":"format-standard","5":"has-post-thumbnail","7":"category-europe","8":"tag-actualites","9":"tag-eu","10":"tag-europe","11":"tag-fr","12":"tag-france","13":"tag-genetique","14":"tag-histoire","15":"tag-migrations","16":"tag-news","17":"tag-republique-francaise"},"share_on_mastodon":{"url":"","error":""},"_links":{"self":[{"href":"https:\/\/www.europesays.com\/fr\/wp-json\/wp\/v2\/posts\/379562","targetHints":{"allow":["GET"]}}],"collection":[{"href":"https:\/\/www.europesays.com\/fr\/wp-json\/wp\/v2\/posts"}],"about":[{"href":"https:\/\/www.europesays.com\/fr\/wp-json\/wp\/v2\/types\/post"}],"author":[{"embeddable":true,"href":"https:\/\/www.europesays.com\/fr\/wp-json\/wp\/v2\/users\/2"}],"replies":[{"embeddable":true,"href":"https:\/\/www.europesays.com\/fr\/wp-json\/wp\/v2\/comments?post=379562"}],"version-history":[{"count":0,"href":"https:\/\/www.europesays.com\/fr\/wp-json\/wp\/v2\/posts\/379562\/revisions"}],"wp:featuredmedia":[{"embeddable":true,"href":"https:\/\/www.europesays.com\/fr\/wp-json\/wp\/v2\/media\/379563"}],"wp:attachment":[{"href":"https:\/\/www.europesays.com\/fr\/wp-json\/wp\/v2\/media?parent=379562"}],"wp:term":[{"taxonomy":"category","embeddable":true,"href":"https:\/\/www.europesays.com\/fr\/wp-json\/wp\/v2\/categories?post=379562"},{"taxonomy":"post_tag","embeddable":true,"href":"https:\/\/www.europesays.com\/fr\/wp-json\/wp\/v2\/tags?post=379562"}],"curies":[{"name":"wp","href":"https:\/\/api.w.org\/{rel}","templated":true}]}}