{"id":379578,"date":"2025-09-10T06:17:11","date_gmt":"2025-09-10T06:17:11","guid":{"rendered":"https:\/\/www.europesays.com\/fr\/379578\/"},"modified":"2025-09-10T06:17:11","modified_gmt":"2025-09-10T06:17:11","slug":"le-programme-du-gp-de-saint-marin-2025-de-motogp","status":"publish","type":"post","link":"https:\/\/www.europesays.com\/fr\/379578\/","title":{"rendered":"Le programme du GP de Saint-Marin 2025 de MotoGP"},"content":{"rendered":"<p>Le <a href=\"https:\/\/www.autohebdo.fr\/actualites\/motogp\" data-internallinksmanager029f6b8e52c=\"4\" title=\"MotoGP\" target=\"_blank\" rel=\"noopener\">MotoGP<\/a> dispute ce week-end la derni\u00e8re manche de sa tourn\u00e9e europ\u00e9enne, \u00e0 l\u2019occasion du Grand Prix de Saint-Marin. Sur le circuit de Misano, qui accueille la seizi\u00e8me manche des vingt-deux au programme, Marc Marquez ne jouera pas sa premi\u00e8re balle de match pour le titre mondial.\u00a0Battu par son fr\u00e8re, Alex, lors de la course principale du GP de Catalogne, le n\u00b093 a vu sa s\u00e9rie de 15 victoires (Sprint + Course) confondus, \u00eatre stopp\u00e9e par son cadet.<\/p>\n<p>Outre la lutte pour le titre mondial, l\u2019\u00e9preuve accueillera le dernier Test Officiel de la saison. Au lendemain du week-end de Grand Prix, une journ\u00e9e de roulage sera organis\u00e9e sur le circuit Marco Simoncelli. Elle permettra aux constructeurs de mettre \u00e0 l\u2019\u00e9preuve leurs derni\u00e8res \u00e9volutions.<\/p>\n<p>De cette mani\u00e8re, <a href=\"https:\/\/www.autohebdo.fr\/actualites\/tag\/fabio-quartararo\" data-internallinksmanager029f6b8e52c=\"15\" title=\"Fabio Quartararo\" target=\"_blank\" rel=\"noopener\">Fabio Quartararo<\/a> et Alex Rins devraient essayer le nouveau V4 de Yamaha. Moteur que testera Augusto Fernandez tout au long du week-end de Grand Prix. Le pilote d\u2019Essais du groupe d\u2019Iwata sera en effet pr\u00e9sent \u00e0 Saint-Marin en tant que Wildcard.<\/p>\n<p><strong>\u00c0 LIRE AUSSI &gt;\u00a0<a href=\"https:\/\/www.autohebdo.fr\/actualites\/motogp\/le-motogp-calendrier-2025-repense.html\" target=\"_blank\" rel=\"noopener\">Le calendrier de la saison 2025 de MotoGP<\/a><\/strong><\/p>\n<p>MotoGP \u2013 GP de Saint-Marin 2025<br \/>\nLes horaires<\/p>\n<p><strong>Vendredi 12 septembre :\u00a0<\/strong><br \/>Essais Libres 1 : 10h45 \u2013 11h30<br \/>Essais : 15h00 \u2013 16h00<\/p>\n<p><strong>Samedi 13 septembre : <\/strong><br \/>Essais Libres 2 : 10h10 \u2013 10h40<br \/>Qualifications 1 : 10h50 \u2013 11h05<br \/>Qualifications 2 : 11h15 \u2013 11h30 (Pole : \u00c0 venir)<br \/>Sprint MotoGP \u2013 13 tours : 15h00 (Vainqueur : \u00c0 venir)<\/p>\n<p><strong>Dimanche 14 septembre :\u00a0<\/strong><br \/>Warm-up : 09h40 \u2013 09h50<br \/>Course MotoGP \u2013 27 tours : 14h00 (Vainqueur : \u00c0 venir)<\/p>\n<p>Sur quelle cha\u00eene regarder le GP de Saint-Marin 2025 ?<\/p>\n<p>Les passionn\u00e9s de comp\u00e9tition moto disposent de multiples options pour suivre la saison 2025 de la cat\u00e9gorie reine de courses sur deux roues.<\/p>\n<p>Canal+, tout comme le MotoGP <a href=\"https:\/\/www.motogp.com\/en\/videopass\" target=\"_blank\" rel=\"noopener\">VideoPass<\/a>, offrent \u00e0 leurs abonn\u00e9s la possibilit\u00e9 de suivre en direct toutes les s\u00e9ances des championnats de MotoGP, Moto 2 et de Moto 3.<\/p>\n<p>De son c\u00f4t\u00e9, la plateforme de streaming belge <a href=\"https:\/\/auvio.rtbf.be\/emission\/moto-gp-5557\" target=\"_blank\" rel=\"noopener\">Auvio<\/a> diffuse <strong>gratuitement<\/strong> chaque s\u00e9ance de MotoGP. Le Moto 2 et le Moto 3 sont aussi retransmis en direct sur le site. Tandis que la cha\u00eene de t\u00e9l\u00e9vision Tipik diffuse les Courses principales de Moto 2 et de la cat\u00e9gorie reine. \u00c9galement sans abonnement.<\/p>\n<p><strong>\u00c0 LIRE AUSSI &gt;\u00a0<a href=\"https:\/\/www.autohebdo.fr\/actualites\/motogp\/quiz-avez-vous-bien-suivi-la-premiere-partie-de-saison-de-motogp.html\" target=\"_blank\" rel=\"noopener\">QUIZ \u2013 Avez-vous bien suivi la premi\u00e8re partie de saison de MotoGP ?<\/a><\/strong><\/p>\n","protected":false},"excerpt":{"rendered":"Le MotoGP dispute ce week-end la derni\u00e8re manche de sa tourn\u00e9e europ\u00e9enne, \u00e0 l\u2019occasion du Grand Prix de&hellip;\n","protected":false},"author":2,"featured_media":379579,"comment_status":"","ping_status":"","sticky":false,"template":"","format":"standard","meta":{"footnotes":""},"categories":[1413],"tags":[1011,27,1457,1456,60],"class_list":{"0":"post-379578","1":"post","2":"type-post","3":"status-publish","4":"format-standard","5":"has-post-thumbnail","7":"category-moto","8":"tag-fr","9":"tag-france","10":"tag-moto","11":"tag-motocycle","12":"tag-sports"},"share_on_mastodon":{"url":"https:\/\/pubeurope.com\/@fr\/115178546353586151","error":""},"_links":{"self":[{"href":"https:\/\/www.europesays.com\/fr\/wp-json\/wp\/v2\/posts\/379578","targetHints":{"allow":["GET"]}}],"collection":[{"href":"https:\/\/www.europesays.com\/fr\/wp-json\/wp\/v2\/posts"}],"about":[{"href":"https:\/\/www.europesays.com\/fr\/wp-json\/wp\/v2\/types\/post"}],"author":[{"embeddable":true,"href":"https:\/\/www.europesays.com\/fr\/wp-json\/wp\/v2\/users\/2"}],"replies":[{"embeddable":true,"href":"https:\/\/www.europesays.com\/fr\/wp-json\/wp\/v2\/comments?post=379578"}],"version-history":[{"count":0,"href":"https:\/\/www.europesays.com\/fr\/wp-json\/wp\/v2\/posts\/379578\/revisions"}],"wp:featuredmedia":[{"embeddable":true,"href":"https:\/\/www.europesays.com\/fr\/wp-json\/wp\/v2\/media\/379579"}],"wp:attachment":[{"href":"https:\/\/www.europesays.com\/fr\/wp-json\/wp\/v2\/media?parent=379578"}],"wp:term":[{"taxonomy":"category","embeddable":true,"href":"https:\/\/www.europesays.com\/fr\/wp-json\/wp\/v2\/categories?post=379578"},{"taxonomy":"post_tag","embeddable":true,"href":"https:\/\/www.europesays.com\/fr\/wp-json\/wp\/v2\/tags?post=379578"}],"curies":[{"name":"wp","href":"https:\/\/api.w.org\/{rel}","templated":true}]}}