{"id":379586,"date":"2025-09-10T06:21:11","date_gmt":"2025-09-10T06:21:11","guid":{"rendered":"https:\/\/www.europesays.com\/fr\/379586\/"},"modified":"2025-09-10T06:21:11","modified_gmt":"2025-09-10T06:21:11","slug":"document-bfmtv-lex-petite-amie-de-cedric-jubillar-lappelle-a-reiterer-ce-quil-a-dit-au-parloir-devant-les-jures","status":"publish","type":"post","link":"https:\/\/www.europesays.com\/fr\/379586\/","title":{"rendered":"DOCUMENT BFMTV. L&rsquo;ex petite-amie de C\u00e9dric Jubillar l&rsquo;appelle \u00e0 \u00ab\u00a0r\u00e9it\u00e9rer ce qu&rsquo;il a dit au parloir devant les jur\u00e9s\u00a0\u00bb"},"content":{"rendered":"<p>\u00c0 15 jours de l&rsquo;ouverture du proc\u00e8s de C\u00e9dric Jubillar pour meurtre sur conjoint devant les assises d&rsquo;Albi, Jennifer C, sa derni\u00e8re compagne qui sera appel\u00e9e \u00e0 la barre en qualit\u00e9 de t\u00e9moin, se livre \u00e0 BFMTV.<\/p>\n<p>\u00ab\u00a0Le fait qu&rsquo;il ait tu\u00e9 sa femme, \u00e7a devenait banal dans les discussions qu&rsquo;il avait avec moi\u00a0\u00bb. Au micro de BFMTV, l&rsquo;ex petite-amie de C\u00e9dric Jubillar, Jennifer C., revient sur les aveux que, celui <a href=\"https:\/\/www.bfmtv.com\/police-justice\/affaire-cedric-jubillar-jusqu-a-quand-l-accuse-peut-il-etre-detenu-avant-d-etre-juge_AN-202507220098.html\" title=\"Affaire C\u00e9dric Jubillar: jusqu&#039;\u00e0 quand l&#039;accus\u00e9 peut-il \u00eatre d\u00e9tenu avant d&#039;\u00eatre jug\u00e9?\" class=\"internal_link\" target=\"_blank\" rel=\"noopener\">renvoy\u00e9 aux assises le 22 septembre prochain<\/a> pour le meurtre de sa femme Delphine, lui aurait fait lors de plusieurs parloirs au printemps dernier.<\/p>\n<p>\u00ab\u00a0Pour ceux qui en doutent encore, c&rsquo;est vrai que moi j&rsquo;en doute plus, parce qu&rsquo;il l&rsquo;a dit, redit, et \u00e7a faisait partie des discussions\u00a0\u00bb, abonde-t-elle sur notre antenne. Lors de l&rsquo;un des parloirs au centre p\u00e9nitentiaire de Seysses pr\u00e8s de Toulouse, C\u00e9dric Jubillar, en d\u00e9tention depuis 2021, <a href=\"https:\/\/www.bfmtv.com\/police-justice\/il-m-a-dit-avoir-etrangle-delphine-une-ancienne-compagne-de-cedric-jubillar-temoigne_AN-202507100566.html\" title=\"&quot;Il m\u2019a dit avoir \u00e9trangl\u00e9 Delphine&quot;: une ancienne compagne de C\u00e9dric Jubillar t\u00e9moigne\" class=\"internal_link\" target=\"_blank\" rel=\"noopener\">lui aurait montr\u00e9 la mani\u00e8re dont il a \u00e9trangl\u00e9 Delphine<\/a>.<\/p>\n<blockquote class=\"embed embed_quote\"><p>\u00ab\u00a0Il se met derri\u00e8re moi, en fait, il met son avant-bras sur mon front et il me colle contre lui, son autre bras, en cl\u00e9 de coude\u00a0\u00bb, d\u00e9crit Jennifer C. qui sera appel\u00e9e \u00e0 la barre au moins en qualit\u00e9 de t\u00e9moin aux assises.<\/p><\/blockquote>\n<p>Avant d&rsquo;ajouter: \u00ab\u00a0Il fait comme s&rsquo;il m&rsquo;\u00e9tranglait, sachant qu&rsquo;il a d\u00e9j\u00e0 essay\u00e9 aussi de m&rsquo;\u00e9trangler une autre fois pour montrer. Il me dit, &lsquo;est-ce que tu peux crier pour montrer qu&rsquo;on ne peut pas crier quand on se fait \u00e9trangler?'\u00a0\u00bb<\/p>\n<p>Le proc\u00e8s s&rsquo;ouvre le 22 septembre<\/p>\n<p>Elle appelle ainsi le peintre-plaquiste, qu&rsquo;elle n&rsquo;a pas revu depuis la fin du mois de juin, \u00e0 \u00ab\u00a0r\u00e9it\u00e9rer ce qu&rsquo;il a dit devant (elle) dans le huis clos du parloir\u00a0\u00bb. \u00ab\u00a0De le r\u00e9it\u00e9rer devant les jur\u00e9s, devant la famille de Delphine, devant ses amis, devant toutes ces personnes qui attendent des r\u00e9ponses, en fait\u00a0\u00bb, insiste-t-elle.<\/p>\n<p>Jennifer C. qualifiait C\u00e9dric Jubilar en 2021 de \u00ab\u00a0manipulateur\u00a0\u00bb, reconnaissant \u00ab\u00a0\u00eatre tomb\u00e9e en plein dedans\u00a0\u00bb. Elle raconte avoir eu des sentiments amoureux envers lui lorsqu&rsquo;elle \u00e9crivait des lettres d&rsquo;amour.<\/p>\n<p><a href=\"https:\/\/www.bfmtv.com\/police-justice\/info-bfmtv-jennifer-c-l-ex-petite-amie-de-cedric-jubillar-auditionnee-par-les-gendarmes_AV-202509070257.html\" title=\"INFO BFMTV. Jennifer C, l&#039;ex-petite amie de C\u00e9dric Jubillar, auditionn\u00e9e par les gendarmes\" class=\"internal_link\" target=\"_blank\" rel=\"noopener\">C\u00e9dric Jubillar sera entendu ce jeudi<\/a> dans le cadre d&rsquo;une enqu\u00eate pour \u00ab\u00a0subornation de t\u00e9moin\u00a0\u00bb, apr\u00e8s avoir appel\u00e9 plusieurs fois une ex-petite amie. Le principal suspect du meurtre de Delphine Jubilar a tent\u00e9 de joindre au moins \u00e0 cinq reprises Jennifer C., depuis un t\u00e9l\u00e9phone en prison, o\u00f9 il est plac\u00e9 \u00e0 l&rsquo;isolement. Des tentatives de contact \u00e0 quelques jours du proc\u00e8s qui s&rsquo;ouvre le lundi 22 septembre\u00a0\u00e0 Albi.<\/p>\n<p>Delphine Jubillar, infirmi\u00e8re et m\u00e8re de deux enfants, a disparu dans la nuit du 15 au 16 d\u00e9cembre 2020, en plein couvre-feu li\u00e9 \u00e0 la pand\u00e9mie de Covid-19, \u00e0 Cagnac-les-Mines, dans le Tarn pr\u00e8s d&rsquo;Albi. Son corps n&rsquo;a jamais \u00e9t\u00e9 retrouv\u00e9 et C\u00e9dric Jubillar n&rsquo;a jamais avou\u00e9 le crime aux enqu\u00eateurs. Malgr\u00e9 cela, les enqu\u00eateurs ont progressivement acquis la conviction que C\u00e9dric Jubillar avait tu\u00e9 son \u00e9pouse alors qu&rsquo;elle venait de lui annoncer son intention de divorcer.<\/p>\n<p>Maxime Brandstaetter et Nicolas Baggioni<\/p>\n","protected":false},"excerpt":{"rendered":"\u00c0 15 jours de l&rsquo;ouverture du proc\u00e8s de C\u00e9dric Jubillar pour meurtre sur conjoint devant les assises d&rsquo;Albi,&hellip;\n","protected":false},"author":2,"featured_media":379587,"comment_status":"","ping_status":"","sticky":false,"template":"","format":"standard","meta":{"footnotes":""},"categories":[1359],"tags":[58,59,1011,27,973],"class_list":{"0":"post-379586","1":"post","2":"type-post","3":"status-publish","4":"format-standard","5":"has-post-thumbnail","7":"category-people","8":"tag-divertissement","9":"tag-entertainment","10":"tag-fr","11":"tag-france","12":"tag-people"},"share_on_mastodon":{"url":"https:\/\/pubeurope.com\/@fr\/115178562082655988","error":""},"_links":{"self":[{"href":"https:\/\/www.europesays.com\/fr\/wp-json\/wp\/v2\/posts\/379586","targetHints":{"allow":["GET"]}}],"collection":[{"href":"https:\/\/www.europesays.com\/fr\/wp-json\/wp\/v2\/posts"}],"about":[{"href":"https:\/\/www.europesays.com\/fr\/wp-json\/wp\/v2\/types\/post"}],"author":[{"embeddable":true,"href":"https:\/\/www.europesays.com\/fr\/wp-json\/wp\/v2\/users\/2"}],"replies":[{"embeddable":true,"href":"https:\/\/www.europesays.com\/fr\/wp-json\/wp\/v2\/comments?post=379586"}],"version-history":[{"count":0,"href":"https:\/\/www.europesays.com\/fr\/wp-json\/wp\/v2\/posts\/379586\/revisions"}],"wp:featuredmedia":[{"embeddable":true,"href":"https:\/\/www.europesays.com\/fr\/wp-json\/wp\/v2\/media\/379587"}],"wp:attachment":[{"href":"https:\/\/www.europesays.com\/fr\/wp-json\/wp\/v2\/media?parent=379586"}],"wp:term":[{"taxonomy":"category","embeddable":true,"href":"https:\/\/www.europesays.com\/fr\/wp-json\/wp\/v2\/categories?post=379586"},{"taxonomy":"post_tag","embeddable":true,"href":"https:\/\/www.europesays.com\/fr\/wp-json\/wp\/v2\/tags?post=379586"}],"curies":[{"name":"wp","href":"https:\/\/api.w.org\/{rel}","templated":true}]}}