{"id":379600,"date":"2025-09-10T06:29:13","date_gmt":"2025-09-10T06:29:13","guid":{"rendered":"https:\/\/www.europesays.com\/fr\/379600\/"},"modified":"2025-09-10T06:29:13","modified_gmt":"2025-09-10T06:29:13","slug":"lia-generative-nouveau-carburant-de-la-colere-sociale-en-ligne","status":"publish","type":"post","link":"https:\/\/www.europesays.com\/fr\/379600\/","title":{"rendered":"l\u2019IA g\u00e9n\u00e9rative, nouveau carburant de la col\u00e8re sociale en ligne"},"content":{"rendered":"<p>                         <img loading=\"lazy\" decoding=\"async\" src=\"https:\/\/www.europesays.com\/fr\/wp-content\/uploads\/2025\/09\/39eb30f_upload-1-dz4ea962ovdu-capture-image-ga-na-ra-e-par-ia.jpg\" alt=\"Le visuel g\u00e9n\u00e9r\u00e9 par intelligence artificielle du \u00ab\u00a0pot de d\u00e9part de Fran\u00e7ois Bayrou\u00a0\u00bb, \u00e9v\u00e9nement Facebook humoristique ayant r\u00e9uni plus de 101\u00a0000\u00a0inscrits.\"   width=\"664\" height=\"443\"\/>    Le visuel g\u00e9n\u00e9r\u00e9 par intelligence artificielle du \u00ab\u00a0pot de d\u00e9part de Fran\u00e7ois Bayrou\u00a0\u00bb, \u00e9v\u00e9nement Facebook humoristique ayant r\u00e9uni plus de 101\u00a0000\u00a0inscrits.                 <\/p>\n<p class=\"article__paragraph  \">\u00ab\u00a0Salut \u00e0 tous, est-ce que quelqu\u2019un ma\u00eetrise ChatGPT\u00a0? J\u2019ai isol\u00e9 une petite section d\u2019une chanson de Balavoine, j\u2019aimerais lui demander de me coller les paroles avec une voix.\u00a0\u00bb La question appara\u00eet, dimanche 7\u00a0septembre, dans le canal Telegram \u00ab\u00a0Les\u00a0Essentiels\u00a0\u00bb. C\u2019est l\u2019un des premiers espaces en ligne \u00e0 avoir diffus\u00e9, \u00e0 la mi-juillet, des appels \u00e0 un blocage de la France le 10\u00a0septembre, sur fond, au d\u00e9part du moins, de revendications souverainistes et anti-Europe.<\/p>\n<p class=\"article__paragraph  \">Dans leur grammaire visuelle, \u00ab\u00a0Les Essentiels\u00a0\u00bb ont, d\u00e8s le d\u00e9but, donn\u00e9 le ton\u00a0: celle d\u2019une utilisation marqu\u00e9e de l\u2019intelligence artificielle (IA) g\u00e9n\u00e9rative. Des outils comme ChatGPT, Gemini, Midjourney\u2026 ou des applications reposant sur des cr\u00e9ations automatis\u00e9es d\u2019images, de textes ou de vid\u00e9os. Des contenus qui \u00e9maillent depuis plusieurs semaines les cha\u00eenes Telegram ou YouTube, les comptes TikTok ou les pages Facebook, et g\u00e9n\u00e9r\u00e9s par les sympathisants du mouvement.<\/p>\n<p>                              Lire le d\u00e9cryptage |  Article r\u00e9serv\u00e9 \u00e0 nos abonn\u00e9s  <a href=\"https:\/\/www.lemonde.fr\/les-decodeurs\/article\/2025\/09\/05\/coluche-ressuscite-par-l-ia-figure-phare-du-mouvement-bloquons-tout_6638992_4355770.html\" class=\"js-article-read-also catcher--favoris__link\" data-premium=\"1\" id=\"article-title-3436543\" target=\"_blank\" rel=\"noopener\">Coluche, ressuscit\u00e9 par l\u2019IA, figure phare de la mobilisation du 10\u00a0septembre<\/a>    <\/p>\n<p>   Lire plus tard  <\/p>\n<p>                 Des revendications expos\u00e9es par ChatGPT           <\/p>\n<p class=\"article__paragraph  \">D\u00e8s le 21\u00a0mai, une publication TikTok des \u00ab\u00a0Essentiels\u00a0\u00bb mettait en sc\u00e8ne une Marianne, visiblement g\u00e9n\u00e9r\u00e9e par IA, en train de pleurer.<\/p>\n<p class=\"reading-mode-only \"><strong>Il vous reste 82.84% de cet article \u00e0 lire. La suite est r\u00e9serv\u00e9e aux abonn\u00e9s.<\/strong><\/p>\n","protected":false},"excerpt":{"rendered":"Le visuel g\u00e9n\u00e9r\u00e9 par intelligence artificielle du \u00ab\u00a0pot de d\u00e9part de Fran\u00e7ois Bayrou\u00a0\u00bb, \u00e9v\u00e9nement Facebook humoristique ayant r\u00e9uni&hellip;\n","protected":false},"author":2,"featured_media":379601,"comment_status":"","ping_status":"","sticky":false,"template":"","format":"standard","meta":{"footnotes":""},"categories":[8],"tags":[58,59,1011,27],"class_list":{"0":"post-379600","1":"post","2":"type-post","3":"status-publish","4":"format-standard","5":"has-post-thumbnail","7":"category-divertissement","8":"tag-divertissement","9":"tag-entertainment","10":"tag-fr","11":"tag-france"},"share_on_mastodon":{"url":"https:\/\/pubeurope.com\/@fr\/115178594115643745","error":""},"_links":{"self":[{"href":"https:\/\/www.europesays.com\/fr\/wp-json\/wp\/v2\/posts\/379600","targetHints":{"allow":["GET"]}}],"collection":[{"href":"https:\/\/www.europesays.com\/fr\/wp-json\/wp\/v2\/posts"}],"about":[{"href":"https:\/\/www.europesays.com\/fr\/wp-json\/wp\/v2\/types\/post"}],"author":[{"embeddable":true,"href":"https:\/\/www.europesays.com\/fr\/wp-json\/wp\/v2\/users\/2"}],"replies":[{"embeddable":true,"href":"https:\/\/www.europesays.com\/fr\/wp-json\/wp\/v2\/comments?post=379600"}],"version-history":[{"count":0,"href":"https:\/\/www.europesays.com\/fr\/wp-json\/wp\/v2\/posts\/379600\/revisions"}],"wp:featuredmedia":[{"embeddable":true,"href":"https:\/\/www.europesays.com\/fr\/wp-json\/wp\/v2\/media\/379601"}],"wp:attachment":[{"href":"https:\/\/www.europesays.com\/fr\/wp-json\/wp\/v2\/media?parent=379600"}],"wp:term":[{"taxonomy":"category","embeddable":true,"href":"https:\/\/www.europesays.com\/fr\/wp-json\/wp\/v2\/categories?post=379600"},{"taxonomy":"post_tag","embeddable":true,"href":"https:\/\/www.europesays.com\/fr\/wp-json\/wp\/v2\/tags?post=379600"}],"curies":[{"name":"wp","href":"https:\/\/api.w.org\/{rel}","templated":true}]}}