{"id":379602,"date":"2025-09-10T06:30:13","date_gmt":"2025-09-10T06:30:13","guid":{"rendered":"https:\/\/www.europesays.com\/fr\/379602\/"},"modified":"2025-09-10T06:30:13","modified_gmt":"2025-09-10T06:30:13","slug":"lautisme-serait-il-le-prix-a-payer-pour-lintelligence-humaine-cette-etude-revele-un-secret-troublant","status":"publish","type":"post","link":"https:\/\/www.europesays.com\/fr\/379602\/","title":{"rendered":"L&rsquo;autisme serait-il le prix \u00e0 payer pour l&rsquo;intelligence humaine ? Cette \u00e9tude r\u00e9v\u00e8le un secret troublant"},"content":{"rendered":"<p class=\"whitespace-normal break-words\"><strong>Une r\u00e9v\u00e9lation<br \/>\nscientifique majeure vient d\u2019\u00e9clairer sous un jour totalement<br \/>\nnouveau l\u2019une des questions les plus complexes de la neurologie<br \/>\nmoderne. Pourquoi l\u2019autisme touche-t-il si fr\u00e9quemment l\u2019<a href=\"https:\/\/sciencepost.fr\/ce-voyage-cosmique-de-la-terre-a-peut-etre-cree-notre-espece-humaine\/\" target=\"_blank\" rel=\"noopener nofollow\">esp\u00e8ce humaine<\/a> alors qu\u2019il<br \/>\ndemeure quasi inexistant chez nos cousins primates ? La r\u00e9ponse,<br \/>\npubli\u00e9e dans la prestigieuse revue <a href=\"https:\/\/dx.doi.org\/10.1093\/molbev\/msaf189\" target=\"_blank\" rel=\"noopener nofollow\">Molecular Biology and Evolutio<\/a>n, sugg\u00e8re une v\u00e9rit\u00e9<br \/>\ntroublante : l\u2019autisme pourrait \u00eatre intimement li\u00e9 aux mutations<br \/>\ng\u00e9n\u00e9tiques qui ont fait de nous l\u2019esp\u00e8ce la plus intelligente de la<br \/>\nplan\u00e8te. Cette d\u00e9couverte remet en question notre compr\u00e9hension de<br \/>\nla neurodiversit\u00e9 et r\u00e9v\u00e8le un paradoxe \u00e9volutionnaire fascinant au<br \/>\nc\u0153ur m\u00eame de ce qui nous rend humains.<\/strong><\/p>\n<p>Une \u00e9nigme<br \/>\n\u00e9pid\u00e9miologique troublante<\/p>\n<p class=\"whitespace-normal break-words\">Les chiffres parlent<br \/>\nd\u2019eux-m\u00eames et interrogent depuis longtemps la communaut\u00e9<br \/>\nscientifique. Aux \u00c9tats-Unis, un enfant sur 31 re\u00e7oit un diagnostic<br \/>\nde trouble du spectre autistique, soit plus de 3% de la population<br \/>\ninfantile. \u00c0 l\u2019\u00e9chelle plan\u00e9taire, l\u2019Organisation mondiale de la<br \/>\nSant\u00e9 estime qu\u2019environ un enfant sur cent pr\u00e9sente des<br \/>\ncaract\u00e9ristiques autistiques.<\/p>\n<p class=\"whitespace-normal break-words\">Cette pr\u00e9valence<br \/>\nremarquablement \u00e9lev\u00e9e contraste de mani\u00e8re saisissante avec ce que<br \/>\nnous observons chez les autres esp\u00e8ces. Les comportements associ\u00e9s<br \/>\naux troubles du spectre autistique ou \u00e0 la schizophr\u00e9nie demeurent<br \/>\nexceptionnellement rares chez les primates non humains, sugg\u00e9rant<br \/>\nune sp\u00e9cificit\u00e9 uniquement humaine de ces conditions<br \/>\nneurologiques.<\/p>\n<p class=\"whitespace-normal break-words\">Cette singularit\u00e9<br \/>\n\u00e9volutionnaire prend tout son sens quand on consid\u00e8re que ces<br \/>\ntroubles affectent principalement des capacit\u00e9s cognitives<br \/>\nsophistiqu\u00e9es comme la production et la compr\u00e9hension du langage,<br \/>\ncaract\u00e9ristiques qui d\u00e9finissent notre esp\u00e8ce.<\/p>\n<p>La<br \/>\nr\u00e9volution du s\u00e9quen\u00e7age cellulaire<\/p>\n<p class=\"whitespace-normal break-words\">L\u2019av\u00e8nement du s\u00e9quen\u00e7age<br \/>\nde l\u2019ARN monocellulaire a ouvert des perspectives in\u00e9dites pour<br \/>\ncomprendre l\u2019architecture complexe du cerveau mammalien. Cette<br \/>\ntechnologie r\u00e9volutionnaire permet d\u00e9sormais d\u2019identifier et<br \/>\nd\u2019analyser des types cellulaires sp\u00e9cifiques, r\u00e9v\u00e9lant la diversit\u00e9<br \/>\nimpressionnante des neurones qui composent nos cerveaux.<\/p>\n<p class=\"whitespace-normal break-words\">Les \u00e9tudes \u00e0 grande<br \/>\n\u00e9chelle ont mis en \u00e9vidence des modifications g\u00e9n\u00e9tiques<br \/>\nremarquables propres \u00e0 Homo sapiens. Ces \u00e9l\u00e9ments du g\u00e9nome, rest\u00e9s<br \/>\nrelativement stables tout au long de l\u2019\u00e9volution des mammif\u00e8res,<br \/>\nont connu une acc\u00e9l\u00e9ration \u00e9volutionnaire spectaculaire chez<br \/>\nl\u2019humain.<\/p>\n<p class=\"whitespace-normal break-words\">Cette approche<br \/>\nscientifique de pointe a permis aux chercheurs d\u2019analyser des<br \/>\ndonn\u00e9es provenant de trois r\u00e9gions distinctes du cerveau mammalien,<br \/>\nouvrant la voie \u00e0 des d\u00e9couvertes r\u00e9volutionnaires sur notre<br \/>\n\u00e9volution neurologique.<\/p>\n<p>L\u2019identification du neurone cl\u00e9<\/p>\n<p class=\"whitespace-normal break-words\">Au c\u0153ur de cette recherche<br \/>\nse trouve une d\u00e9couverte majeure : les neurones IT L2\/3,<br \/>\nconstituant le type le plus abondant de neurones de la couche<br \/>\nexterne du cerveau, ont subi une \u00e9volution exceptionnellement<br \/>\nrapide chez l\u2019humain comparativement aux autres esp\u00e8ces de<br \/>\nsinges.<\/p>\n<p class=\"whitespace-normal break-words\">Cette acc\u00e9l\u00e9ration<br \/>\n\u00e9volutionnaire ne s\u2019est pas produite au hasard. Elle s\u2019accompagne<br \/>\nde modifications spectaculaires touchant sp\u00e9cifiquement les g\u00e8nes<br \/>\nassoci\u00e9s aux troubles du spectre autistique, sugg\u00e9rant<br \/>\nl\u2019intervention d\u2019une s\u00e9lection naturelle particuli\u00e8rement active<br \/>\ndans la lign\u00e9e humaine.<\/p>\n<p class=\"whitespace-normal break-words\">Cette corr\u00e9lation entre<br \/>\n\u00e9volution neuronale acc\u00e9l\u00e9r\u00e9e et g\u00e8nes de l\u2019autisme constitue la<br \/>\ncl\u00e9 de vo\u00fbte de cette nouvelle compr\u00e9hension de nos origines<br \/>\ncognitives.<\/p>\n<p><img loading=\"lazy\" data-lazyloaded=\"1\" decoding=\"async\" class=\"size-full wp-image-206837\" src=\"https:\/\/www.europesays.com\/fr\/wp-content\/uploads\/2025\/09\/happy-3404807_1920.jpg\" alt=\"ocytocine autisme\" width=\"1893\" height=\"1217\"  data-\/><br \/>\nCr\u00e9dits : alteredego\/PixabayLe<br \/>\nparadoxe \u00e9volutionnaire de l\u2019autisme<\/p>\n<p class=\"whitespace-normal break-words\">La question centrale<br \/>\ndemeure fascinante : pourquoi la s\u00e9lection naturelle aurait-elle<br \/>\nfavoris\u00e9 des g\u00e8nes associ\u00e9s \u00e0 des troubles neurologiques ? La<br \/>\nr\u00e9ponse r\u00e9side probablement dans les avantages \u00e9volutifs indirects<br \/>\nque ces mutations ont procur\u00e9s \u00e0 nos anc\u00eatres.<\/p>\n<p class=\"whitespace-normal break-words\">Les chercheurs avancent<br \/>\nune hypoth\u00e8se particuli\u00e8rement \u00e9l\u00e9gante : ces g\u00e8nes, souvent<br \/>\nassoci\u00e9s \u00e0 un retard de d\u00e9veloppement, auraient contribu\u00e9 \u00e0<br \/>\nralentir la maturation c\u00e9r\u00e9brale postnatale chez l\u2019humain. Ce<br \/>\nd\u00e9veloppement plus lent, compar\u00e9 \u00e0 celui des chimpanz\u00e9s, aurait<br \/>\npermis l\u2019\u00e9mergence d\u2019une pens\u00e9e plus complexe et sophistiqu\u00e9e.<\/p>\n<p class=\"whitespace-normal break-words\">Cette fen\u00eatre<br \/>\nd\u00e9veloppementale \u00e9tendue aurait constitu\u00e9 un avantage \u00e9volutif<br \/>\nd\u00e9cisif, favorisant l\u2019\u00e9mergence des capacit\u00e9s cognitives<br \/>\nsup\u00e9rieures qui caract\u00e9risent notre esp\u00e8ce.<\/p>\n<p>Les<br \/>\nimplications sur les capacit\u00e9s langagi\u00e8res<\/p>\n<p class=\"whitespace-normal break-words\">L\u2019impact de cette<br \/>\n\u00e9volution g\u00e9n\u00e9tique d\u00e9passe le simple d\u00e9veloppement c\u00e9r\u00e9bral pour<br \/>\ntoucher l\u2019une des caract\u00e9ristiques les plus distinctives de<br \/>\nl\u2019humanit\u00e9 : le langage. Les capacit\u00e9s de production et de<br \/>\ncompr\u00e9hension de la parole, uniques dans le r\u00e8gne animal, se<br \/>\ntrouvent fr\u00e9quemment affect\u00e9es dans l\u2019autisme et la<br \/>\nschizophr\u00e9nie.<\/p>\n<p class=\"whitespace-normal break-words\">Cette corr\u00e9lation sugg\u00e8re<br \/>\nque l\u2019\u00e9volution rapide des g\u00e8nes li\u00e9s \u00e0 l\u2019autisme pourrait avoir<br \/>\nsimultan\u00e9ment contribu\u00e9 au d\u00e9veloppement de nos extraordinaires<br \/>\naptitudes linguistiques tout en cr\u00e9ant une vuln\u00e9rabilit\u00e9 \u00e0 certains<br \/>\ntroubles neurologiques.<\/p>\n<p>Une<br \/>\nnouvelle vision de la neurodiversit\u00e9<\/p>\n<p class=\"whitespace-normal break-words\">Alexander L. Starr, auteur<br \/>\nprincipal de cette \u00e9tude r\u00e9volutionnaire, propose une conclusion<br \/>\naussi surprenante que profonde : les modifications g\u00e9n\u00e9tiques qui<br \/>\nrendent le cerveau humain unique auraient \u00e9galement rendu notre<br \/>\nesp\u00e8ce plus neurodiversifi\u00e9e.<\/p>\n<p class=\"whitespace-normal break-words\">Cette perspective<br \/>\ntransforme radicalement notre compr\u00e9hension de l\u2019autisme, non plus<br \/>\ncomme une simple pathologie, mais comme une cons\u00e9quence directe des<br \/>\nmutations qui ont fa\u00e7onn\u00e9 l\u2019intelligence humaine. Une r\u00e9v\u00e9lation<br \/>\nqui invite \u00e0 repenser enti\u00e8rement notre rapport \u00e0 la<br \/>\nneurodiversit\u00e9.<\/p>\n","protected":false},"excerpt":{"rendered":"Une r\u00e9v\u00e9lation scientifique majeure vient d\u2019\u00e9clairer sous un jour totalement nouveau l\u2019une des questions les plus complexes de&hellip;\n","protected":false},"author":2,"featured_media":379603,"comment_status":"","ping_status":"","sticky":false,"template":"","format":"standard","meta":{"footnotes":""},"categories":[7],"tags":[1011,27,43,40,41,39,42,44],"class_list":{"0":"post-379602","1":"post","2":"type-post","3":"status-publish","4":"format-standard","5":"has-post-thumbnail","7":"category-sciences-et-technologies","8":"tag-fr","9":"tag-france","10":"tag-science","11":"tag-science-and-technology","12":"tag-sciences","13":"tag-sciences-et-technologies","14":"tag-technologies","15":"tag-technology"},"share_on_mastodon":{"url":"https:\/\/pubeurope.com\/@fr\/115178597682029431","error":""},"_links":{"self":[{"href":"https:\/\/www.europesays.com\/fr\/wp-json\/wp\/v2\/posts\/379602","targetHints":{"allow":["GET"]}}],"collection":[{"href":"https:\/\/www.europesays.com\/fr\/wp-json\/wp\/v2\/posts"}],"about":[{"href":"https:\/\/www.europesays.com\/fr\/wp-json\/wp\/v2\/types\/post"}],"author":[{"embeddable":true,"href":"https:\/\/www.europesays.com\/fr\/wp-json\/wp\/v2\/users\/2"}],"replies":[{"embeddable":true,"href":"https:\/\/www.europesays.com\/fr\/wp-json\/wp\/v2\/comments?post=379602"}],"version-history":[{"count":0,"href":"https:\/\/www.europesays.com\/fr\/wp-json\/wp\/v2\/posts\/379602\/revisions"}],"wp:featuredmedia":[{"embeddable":true,"href":"https:\/\/www.europesays.com\/fr\/wp-json\/wp\/v2\/media\/379603"}],"wp:attachment":[{"href":"https:\/\/www.europesays.com\/fr\/wp-json\/wp\/v2\/media?parent=379602"}],"wp:term":[{"taxonomy":"category","embeddable":true,"href":"https:\/\/www.europesays.com\/fr\/wp-json\/wp\/v2\/categories?post=379602"},{"taxonomy":"post_tag","embeddable":true,"href":"https:\/\/www.europesays.com\/fr\/wp-json\/wp\/v2\/tags?post=379602"}],"curies":[{"name":"wp","href":"https:\/\/api.w.org\/{rel}","templated":true}]}}