{"id":379611,"date":"2025-09-10T06:35:10","date_gmt":"2025-09-10T06:35:10","guid":{"rendered":"https:\/\/www.europesays.com\/fr\/379611\/"},"modified":"2025-09-10T06:35:10","modified_gmt":"2025-09-10T06:35:10","slug":"un-homme-de-93-ans-meurt-renverse-a-sorbiers","status":"publish","type":"post","link":"https:\/\/www.europesays.com\/fr\/379611\/","title":{"rendered":"Un homme de 93 ans meurt renvers\u00e9 \u00e0 Sorbiers,"},"content":{"rendered":"<p>Un pi\u00e9ton percut\u00e9 en traversant \u00e0 Sorbiers n\u2019a pas surv\u00e9cu \u00e0 ses blessures. Ce drame est le 14e d\u00e9c\u00e8s routier enregistr\u00e9 cette ann\u00e9e dans la Loire.<\/p>\n<p>La commune de Sorbiers a \u00e9t\u00e9 le th\u00e9\u00e2tre d\u2019un tragique accident ce samedi 6 septembre aux alentours de 9h30. <strong>Un homme de 93 ans<\/strong>, qui traversait la rue de la Mollanche sur un passage pi\u00e9ton, a \u00e9t\u00e9 percut\u00e9 par une voiture. Le conducteur, un homme de 78 ans, red\u00e9marrait \u00e0 un feu rouge lorsqu\u2019il a heurt\u00e9 le pi\u00e9ton. Rapidement alert\u00e9s, les sapeurs-pompiers et une \u00e9quipe du SAMU sont intervenus pour prendre en charge la victime, gri\u00e8vement bless\u00e9e. L\u2019homme a \u00e9t\u00e9 transport\u00e9 en urgence vers le centre hospitalier Nord \u00e0 Saint-Priest-en-Jarez, o\u00f9 il est d\u00e9c\u00e9d\u00e9 peu apr\u00e8s son admission.<\/p>\n<p>ZF<\/p>\n","protected":false},"excerpt":{"rendered":"Un pi\u00e9ton percut\u00e9 en traversant \u00e0 Sorbiers n\u2019a pas surv\u00e9cu \u00e0 ses blessures. Ce drame est le 14e&hellip;\n","protected":false},"author":2,"featured_media":379612,"comment_status":"","ping_status":"","sticky":false,"template":"","format":"standard","meta":{"footnotes":""},"categories":[9653],"tags":[1111,11,2430,1777,674,1011,27,12,25,4001],"class_list":{"0":"post-379611","1":"post","2":"type-post","3":"status-publish","4":"format-standard","5":"has-post-thumbnail","7":"category-saint-etienne","8":"tag-actu","9":"tag-actualites","10":"tag-auvergne-rhone-alpes","11":"tag-eu","12":"tag-europe","13":"tag-fr","14":"tag-france","15":"tag-news","16":"tag-republique-francaise","17":"tag-saint-etienne"},"share_on_mastodon":{"url":"https:\/\/pubeurope.com\/@fr\/115178617313719365","error":""},"_links":{"self":[{"href":"https:\/\/www.europesays.com\/fr\/wp-json\/wp\/v2\/posts\/379611","targetHints":{"allow":["GET"]}}],"collection":[{"href":"https:\/\/www.europesays.com\/fr\/wp-json\/wp\/v2\/posts"}],"about":[{"href":"https:\/\/www.europesays.com\/fr\/wp-json\/wp\/v2\/types\/post"}],"author":[{"embeddable":true,"href":"https:\/\/www.europesays.com\/fr\/wp-json\/wp\/v2\/users\/2"}],"replies":[{"embeddable":true,"href":"https:\/\/www.europesays.com\/fr\/wp-json\/wp\/v2\/comments?post=379611"}],"version-history":[{"count":0,"href":"https:\/\/www.europesays.com\/fr\/wp-json\/wp\/v2\/posts\/379611\/revisions"}],"wp:featuredmedia":[{"embeddable":true,"href":"https:\/\/www.europesays.com\/fr\/wp-json\/wp\/v2\/media\/379612"}],"wp:attachment":[{"href":"https:\/\/www.europesays.com\/fr\/wp-json\/wp\/v2\/media?parent=379611"}],"wp:term":[{"taxonomy":"category","embeddable":true,"href":"https:\/\/www.europesays.com\/fr\/wp-json\/wp\/v2\/categories?post=379611"},{"taxonomy":"post_tag","embeddable":true,"href":"https:\/\/www.europesays.com\/fr\/wp-json\/wp\/v2\/tags?post=379611"}],"curies":[{"name":"wp","href":"https:\/\/api.w.org\/{rel}","templated":true}]}}