{"id":379613,"date":"2025-09-10T06:36:12","date_gmt":"2025-09-10T06:36:12","guid":{"rendered":"https:\/\/www.europesays.com\/fr\/379613\/"},"modified":"2025-09-10T06:36:12","modified_gmt":"2025-09-10T06:36:12","slug":"saint-etienne-cette-usine-menacee-de-fermeture-en-passe-detre-sauvee-on-est-soulages","status":"publish","type":"post","link":"https:\/\/www.europesays.com\/fr\/379613\/","title":{"rendered":"Saint-\u00c9tienne. Cette usine menac\u00e9e de fermeture en passe d&rsquo;\u00eatre sauv\u00e9e : \u00ab\u00a0On est soulag\u00e9s\u00a0\u00bb"},"content":{"rendered":"<p>            Par<br \/>\n        <strong><br \/>\n            <a href=\"https:\/\/actu.fr\/auteur\/julien-sournies\" title=\"Consulter tous les articles de Julien Sournies\" target=\"_blank\" rel=\"noopener\">Julien Sournies<\/a><br \/>\n        <\/strong><\/p>\n<p>        Publi\u00e9 le<\/p>\n<p>            10 sept. 2025 \u00e0 6h22        <\/p>\n<p>\u00c0 la mi-ao\u00fbt, la crainte \u00e9tait plus que palpable chez la <a href=\"https:\/\/actu.fr\/auvergne-rhone-alpes\/saint-etienne_42218\/saint-etienne-cette-usine-de-50-salaries-menacee-de-fermeture-nous-sommes-tres-inquiets_63022236.html\" target=\"_blank\" rel=\"noopener\">cinquantaine de salari\u00e9s de Novasco<\/a>, \u00e0 <a href=\"https:\/\/actu.fr\/saint-etienne\/\" target=\"_blank\" rel=\"noopener\">Saint-\u00c9tienne<\/a> (<a href=\"https:\/\/actu.fr\/auvergne-rhone-alpes\/loire_42\" target=\"_blank\" rel=\"noopener\">Loire<\/a>). \u00ab\u2009Nous sommes forc\u00e9ment tr\u00e8s inquiets pour notre boulot. On se pose beaucoup de questions quant \u00e0 notre avenir\u2009\u00bb, d\u00e9plorait alors Lo\u00efc Devis, secr\u00e9taire CFDT du CSE Novasco Le Marais, juste apr\u00e8s l\u2019annonce de la <strong>mise en redressement judiciaire<\/strong> du groupe sp\u00e9cialis\u00e9 dans la production d\u2019aciers sp\u00e9ciaux par le tribunal de Strasbourg.<br \/>Seulement, tandis que le tribunal se prononcera le 25\u00a0septembre prochain sur le sort de l\u2019entreprise, les salari\u00e9s du site st\u00e9phanois ont d\u00e9couvert, vendredi dernier, l\u2019identit\u00e9 de plusieurs entreprises volontaires pour reprendre les r\u00eanes de Novasco.<\/p>\n<p>Europlasma en pole position pour le site de Saint-\u00c9tienne<\/p>\n<p class=\" wall-content\">\u00c0 ce jour, la piste la plus concr\u00e8te \u00e9mane du groupe fran\u00e7ais <strong>Europlasma<\/strong>, lequel s\u2019int\u00e9resse notamment aux sites de Leffrinkoucke, Saint-\u00c9tienne et Custines. \u00ab\u2009On est soulag\u00e9s qu\u2019il y ait un repreneur, \u00e7a nous donne de l\u2019espoir, car leur offre est vraiment compl\u00e8te. De plus, nous les connaissons plut\u00f4t bien puisqu\u2019ils s\u2019\u00e9taient d\u00e9j\u00e0 positionn\u00e9s pour nous reprendre l\u2019ann\u00e9e pass\u00e9e, m\u00eame s\u2019ils se sont finalement r\u00e9tract\u00e9s\u2009\u00bb, confie Lo\u00efc Devis aupr\u00e8s de la r\u00e9daction.<\/p>\n<p class=\" wall-content\">Autre \u00e9l\u00e9ment de satisfaction\u2009: Europlasma, qui a r\u00e9cemment repris les Forges de Tarbes ou encore la Fonderie de Bretagne, se sp\u00e9cialise de plus en plus dans le secteur de <strong>l\u2019armement<\/strong>. \u00ab\u2009C\u2019est rassurant. S\u2019ils viennent \u00e0 nous confier des contrats, nous, on sera en mesure de produire pour eux et, de fait, \u00e7a pourra d\u00e9velopper le site\u2009\u00bb, estime le syndicaliste.<\/p>\n<p>Cinq postes potentiellement non conserv\u00e9s<\/p>\n<p class=\" wall-content\">Malgr\u00e9 tout, quelques doutes demeurent chez les 38 employ\u00e9s st\u00e9phanois. Pour cause\u2009: en cas de reprise, Europlasma pourrait laisser cinq salari\u00e9s sur le carreau.<\/p>\n<p class=\" wall-content\">Selon nos informations, une <strong>r\u00e9union<\/strong> entre les salari\u00e9s et les dirigeants du groupe fran\u00e7ais est ainsi pr\u00e9vue courant de la semaine prochaine, \u00ab\u2009afin d\u2019\u00e9tudier plus en profondeur leur offre, mais surtout pour savoir pourquoi ils veulent supprimer cinq postes\u2009\u00bb, insiste Lo\u00efc Devis.<\/p>\n<blockquote class=\"ac-article-quote wall-content\">\n<p>On va tout mettre en \u0153uvre pour les convaincre de conserver ces cinq emplois. Nous en avons besoin. On se battra pour eux.<\/p>\n<p>    <strong>Lo\u00efc Devis<\/strong><br \/>\n        Secr\u00e9taire CFDT du CSE Novasco Le Marais    <\/p><\/blockquote>\n<p>D\u2019autres candidats moins \u00ab\u2009concrets\u2009\u00bb<\/p>\n<p class=\" wall-content\">Outre Europlasma, le groupe ardennais <strong>M\u00e9tal Blanc<\/strong> a par ailleurs formul\u00e9 une offre. Si elle porte uniquement sur le site de Leffrinkoucke, le repreneur pourrait l\u2019\u00e9largir \u00e0 l\u2019ensemble des quatre sites si un d\u00e9lai suppl\u00e9mentaire lui est accord\u00e9.<\/p>\n<p>Votre r\u00e9gion, votre actu !<\/p>\n<p>Recevez chaque jour les infos qui comptent pour vous.<\/p>\n<p>\t<a href=\"https:\/\/actu.fr\/newsletter\" class=\"ac-btn ac-btn--corner ac-btn--medium ac-btn--blue800\" target=\"_blank\" rel=\"noopener\">S&rsquo;incrire<\/a><\/p>\n<p class=\" wall-content\">\u00ab\u2009Leur int\u00e9r\u00eat nous rassure, mais si le tribunal refuse d\u2019accorder ce fameux d\u00e9lai, leur offre ne tient pas malheureusement. Ils ne comptent pas reprendre les sites avant la fin de l\u2019ann\u00e9e, c\u2019est trop tard\u2009\u00bb, regrette Lo\u00efc Devis.<\/p>\n<p class=\" wall-content\">Hormis ces deux offres de reprise, une lettre ouverte d\u2019intention, c\u2019est-\u00e0-dire des manifestations d\u2019int\u00e9r\u00eat pouvant d\u00e9boucher sur une offre, a \u00e9galement \u00e9t\u00e9 transmise \u00e0 Saint-\u00c9tienne par le groupe industriel lyonnais ACI, o\u00f9 une offre concr\u00e8te pourrait \u00eatre formul\u00e9e au cours des prochains.<\/p>\n<p>\u00ab\u2009C\u2019est Europlasma ou rien\u2009\u00bb<\/p>\n<p class=\" wall-content\">Mais pour les salari\u00e9s du site st\u00e9phanois, \u00ab\u2009c\u2019est Europlasma ou rien. C\u2019est la seule entreprise qui a fait une v\u00e9ritable offre \u00e0 l\u2019heure actuelle et le temps presse\u2009\u00bb, poursuit le syndicaliste.<\/p>\n<p class=\" wall-content\">En tout cas, m\u00eame si Novasco est en redressement judiciaire pour la quatri\u00e8me fois depuis 2014, les salari\u00e9s du Marais ne perdent pas espoir et \u00ab\u2009tout le monde fait de son mieux\u2009\u00bb en attendant la d\u00e9cision du tribunal de Strasbourg, laquelle sera rendue dans tout juste deux semaines.<\/p>\n<p class=\" wall-content\">Personnalisez votre actualit\u00e9 en ajoutant vos villes et m\u00e9dias en favori avec <a href=\"https:\/\/moncompte.actu.fr\" title=\"D\u00e9couvez Mon Actu\" rel=\"nofollow noopener\" data-trk=\"{&quot;cta&quot;:{&quot;action&quot;:&quot;https:\\\/\\\/moncompte.actu.fr&quot;,&quot;category&quot;:&quot;mon compte&quot;,&quot;from&quot;:&quot;article footer&quot;,&quot;name&quot;:&quot;Mon actu&quot;,&quot;type&quot;:&quot;cta&quot;}}\" target=\"_blank\">Mon Actu<\/a>.<\/p>\n","protected":false},"excerpt":{"rendered":"Par Julien Sournies Publi\u00e9 le 10 sept. 2025 \u00e0 6h22 \u00c0 la mi-ao\u00fbt, la crainte \u00e9tait plus que&hellip;\n","protected":false},"author":2,"featured_media":311715,"comment_status":"","ping_status":"","sticky":false,"template":"","format":"standard","meta":{"footnotes":""},"categories":[9653],"tags":[1111,11,2430,33,341,1777,674,1011,27,693,303,12,25,4001],"class_list":{"0":"post-379613","1":"post","2":"type-post","3":"status-publish","4":"format-standard","5":"has-post-thumbnail","7":"category-saint-etienne","8":"tag-actu","9":"tag-actualites","10":"tag-auvergne-rhone-alpes","11":"tag-economie","12":"tag-emploi","13":"tag-eu","14":"tag-europe","15":"tag-fr","16":"tag-france","17":"tag-industrie","18":"tag-justice","19":"tag-news","20":"tag-republique-francaise","21":"tag-saint-etienne"},"share_on_mastodon":{"url":"https:\/\/pubeurope.com\/@fr\/115178621141603674","error":""},"_links":{"self":[{"href":"https:\/\/www.europesays.com\/fr\/wp-json\/wp\/v2\/posts\/379613","targetHints":{"allow":["GET"]}}],"collection":[{"href":"https:\/\/www.europesays.com\/fr\/wp-json\/wp\/v2\/posts"}],"about":[{"href":"https:\/\/www.europesays.com\/fr\/wp-json\/wp\/v2\/types\/post"}],"author":[{"embeddable":true,"href":"https:\/\/www.europesays.com\/fr\/wp-json\/wp\/v2\/users\/2"}],"replies":[{"embeddable":true,"href":"https:\/\/www.europesays.com\/fr\/wp-json\/wp\/v2\/comments?post=379613"}],"version-history":[{"count":0,"href":"https:\/\/www.europesays.com\/fr\/wp-json\/wp\/v2\/posts\/379613\/revisions"}],"wp:featuredmedia":[{"embeddable":true,"href":"https:\/\/www.europesays.com\/fr\/wp-json\/wp\/v2\/media\/311715"}],"wp:attachment":[{"href":"https:\/\/www.europesays.com\/fr\/wp-json\/wp\/v2\/media?parent=379613"}],"wp:term":[{"taxonomy":"category","embeddable":true,"href":"https:\/\/www.europesays.com\/fr\/wp-json\/wp\/v2\/categories?post=379613"},{"taxonomy":"post_tag","embeddable":true,"href":"https:\/\/www.europesays.com\/fr\/wp-json\/wp\/v2\/tags?post=379613"}],"curies":[{"name":"wp","href":"https:\/\/api.w.org\/{rel}","templated":true}]}}