{"id":379614,"date":"2025-09-10T06:37:14","date_gmt":"2025-09-10T06:37:14","guid":{"rendered":"https:\/\/www.europesays.com\/fr\/379614\/"},"modified":"2025-09-10T06:37:14","modified_gmt":"2025-09-10T06:37:14","slug":"le-lycee-poincare-de-nancy-est-bloque-le-calme-sur-les-principaux-axes-de-circulation-en-lorraine-suivez-avec-nous-cette-journee-de-mobilisation","status":"publish","type":"post","link":"https:\/\/www.europesays.com\/fr\/379614\/","title":{"rendered":"le lyc\u00e9e Poincar\u00e9 de Nancy est bloqu\u00e9, le calme sur les principaux axes de circulation&#8230; en Lorraine, suivez avec nous cette journ\u00e9e de mobilisation"},"content":{"rendered":"<p>        <strong>En Meurthe-et-Moselle<br \/><\/strong><\/p>\n<p>Une assembl\u00e9e citoyenne est pr\u00e9vue \u00e0 <strong>Longwy<\/strong> \u00e0 9\u00a0h place Darche et \u00e0 11\u00a0h \u00e0 <strong>Toul<\/strong>, place du Couarail. Pour <strong>Nancy<\/strong> et sa r\u00e9gion, rendez-vous est donn\u00e9 \u00e0 6\u00a0h au rond-point d\u2019 <strong>Essey.<\/strong> Une assembl\u00e9e g\u00e9n\u00e9rale des Gilets Jaunes 54 devrait avoir lieu \u00e0 9\u00a0h\u00a030 au rond-point Botanic d\u2019<strong>Houdemont<\/strong>. \u00c0 14\u00a0h, rassemblement pour une manifestation qui d\u00e9marrera \u00e0 15\u00a0h en direction de la place Carnot. Un cort\u00e8ge est pr\u00e9vu au d\u00e9part du march\u00e9 de Vand\u0153uvre.<\/p>\n<p><strong>En Moselle<br \/><\/strong><\/p>\n<p>Des rendez-vous sont a priori fix\u00e9s \u00e0 7\u00a0h \u00e0 <strong>Phalsbourg<\/strong> pour un blocage du p\u00e9age ou du rond-point, \u00e0 8\u00a0h au parking de l\u2019Agora \u00e0 <strong>Saint-Avold<\/strong> et \u00e0 9\u00a0h \u00e0 <strong>Sarrebourg<\/strong> au Jardin de la Libert\u00e9. De 13\u00a0h \u00e0 17\u00a0h rassemblement au rond-point des terrasses de la Sarre et \u00e0 13\u00a0h\u00a045 \u00e0 <strong>Moyeuvre-Grande<\/strong> au rond-point de Colruyt. Ce sera \u00e0 14\u00a0h \u00e0 <strong>Metz<\/strong>, place de la R\u00e9publique et \u00e0 18\u00a0h \u00e0 <strong>Meisenthal<\/strong> sur la place du village. Une action serait aussi possible \u00e0 <strong>Kanfen<\/strong> pour le blocage de l\u2019autoroute.<\/p>\n<p><strong>En Meuse<br \/><\/strong><\/p>\n<p>\u00c0 <strong>Verdun<\/strong>, rendez-vous est donn\u00e9 \u00e0 10\u00a0h sur le parking du 8-Mai. \u00c0 <strong>Bar-le-Duc<\/strong>, une assembl\u00e9e serait pr\u00e9vue place du march\u00e9 \u00e0 10\u00a0h. \u00c0 <strong>Commercy<\/strong> , \u00e0 10\u00a0h, un pique-nique citoyen est pr\u00e9vu place du fer-\u00e0-cheval.<\/p>\n<p><strong>Dans les Vosges<br \/><\/strong><\/p>\n<p>\u00c0 <strong>Saint-Di\u00e9-des-Vosges<\/strong> , rassemblement pr\u00e9vu \u00e0 10\u00a0h et 15\u00a0h \u00e0 la Tour de la Libert\u00e9.<\/p>\n","protected":false},"excerpt":{"rendered":"En Meurthe-et-Moselle Une assembl\u00e9e citoyenne est pr\u00e9vue \u00e0 Longwy \u00e0 9\u00a0h place Darche et \u00e0 11\u00a0h \u00e0 Toul,&hellip;\n","protected":false},"author":2,"featured_media":379615,"comment_status":"","ping_status":"","sticky":false,"template":"","format":"standard","meta":{"footnotes":""},"categories":[9635],"tags":[1111,11,3602,1707,1704,1706,1705,10174,1777,674,1011,27,329,775,3457,1702,12,3456,25,801],"class_list":{"0":"post-379614","1":"post","2":"type-post","3":"status-publish","4":"format-standard","5":"has-post-thumbnail","7":"category-nancy","8":"tag-actu","9":"tag-actualites","10":"tag-edition-bar-le-duc","11":"tag-edition-luneville","12":"tag-edition-nancy-et-agglomeration","13":"tag-edition-pont-a-mousson","14":"tag-edition-toul","15":"tag-edition-verdun","16":"tag-eu","17":"tag-europe","18":"tag-fr","19":"tag-france","20":"tag-france-monde","21":"tag-grand-est","22":"tag-meurthe-et-moselle","23":"tag-nancy","24":"tag-news","25":"tag-region-lorraine","26":"tag-republique-francaise","27":"tag-social"},"share_on_mastodon":{"url":"https:\/\/pubeurope.com\/@fr\/115178625121866771","error":""},"_links":{"self":[{"href":"https:\/\/www.europesays.com\/fr\/wp-json\/wp\/v2\/posts\/379614","targetHints":{"allow":["GET"]}}],"collection":[{"href":"https:\/\/www.europesays.com\/fr\/wp-json\/wp\/v2\/posts"}],"about":[{"href":"https:\/\/www.europesays.com\/fr\/wp-json\/wp\/v2\/types\/post"}],"author":[{"embeddable":true,"href":"https:\/\/www.europesays.com\/fr\/wp-json\/wp\/v2\/users\/2"}],"replies":[{"embeddable":true,"href":"https:\/\/www.europesays.com\/fr\/wp-json\/wp\/v2\/comments?post=379614"}],"version-history":[{"count":0,"href":"https:\/\/www.europesays.com\/fr\/wp-json\/wp\/v2\/posts\/379614\/revisions"}],"wp:featuredmedia":[{"embeddable":true,"href":"https:\/\/www.europesays.com\/fr\/wp-json\/wp\/v2\/media\/379615"}],"wp:attachment":[{"href":"https:\/\/www.europesays.com\/fr\/wp-json\/wp\/v2\/media?parent=379614"}],"wp:term":[{"taxonomy":"category","embeddable":true,"href":"https:\/\/www.europesays.com\/fr\/wp-json\/wp\/v2\/categories?post=379614"},{"taxonomy":"post_tag","embeddable":true,"href":"https:\/\/www.europesays.com\/fr\/wp-json\/wp\/v2\/tags?post=379614"}],"curies":[{"name":"wp","href":"https:\/\/api.w.org\/{rel}","templated":true}]}}