{"id":379616,"date":"2025-09-10T06:38:11","date_gmt":"2025-09-10T06:38:11","guid":{"rendered":"https:\/\/www.europesays.com\/fr\/379616\/"},"modified":"2025-09-10T06:38:11","modified_gmt":"2025-09-10T06:38:11","slug":"a-la-gare-les-agents-de-securite-inquiets-face-aux-violences-de-mineurs","status":"publish","type":"post","link":"https:\/\/www.europesays.com\/fr\/379616\/","title":{"rendered":"\u00e0 la gare, les agents de s\u00e9curit\u00e9 inquiets face aux violences de mineurs"},"content":{"rendered":"<p class=\"article__intro\">Un groupe de jeunes, dont plusieurs mineurs, serait r\u00e9guli\u00e8rement impliqu\u00e9 dans des violences autour de la gare de Nancy. Les agents de s\u00e9curit\u00e9 signalent des incidents quasi quotidiens depuis deux semaines, en fin de journ\u00e9e.<\/p>\n<p>\n      La Quotidienne Soci\u00e9t\u00e9\n    <\/p>\n<p>\n      De la vie quotidienne aux grands enjeux, recevez tous les jours les sujets qui font la soci\u00e9t\u00e9 locale, comme la justice, l\u2019\u00e9ducation, la sant\u00e9 et la famille.\n    <\/p>\n<p>    France T\u00e9l\u00e9visions utilise votre adresse e-mail afin de vous envoyer la newsletter \u00ab\u00a0La Quotidienne Soci\u00e9t\u00e9\u00a0\u00bb. Vous pouvez vous d\u00e9sinscrire \u00e0 tout moment via le lien en bas de cette newsletter. <a target=\"_blank\" href=\"https:\/\/www.francetelevisions.fr\/groupe\/confidentialite\/politique-de-confidentialite\/politique-de-confidentialite-de-france-televisions-6503\" rel=\"nofollow noopener\">Notre politique de confidentialit\u00e9<\/a><\/p>\n<p>Depuis deux semaines, les agents de s\u00e9curit\u00e9 de la gare de Nancy (Meurthe-et-Moselle) signalent une recrudescence d\u2019agressions. Ils d\u00e9noncent la pr\u00e9sence d\u2019un groupe d\u2019une vingtaine de jeunes violents, \u00ab\u00a0pr\u00e9sents quotidiennement entre 17 et 21 heures\u00a0\u00bb. Selon quatre agents qui ont accept\u00e9 de t\u00e9moigner anonymement aupr\u00e8s de France 3 Lorraine, les incidents se sont multipli\u00e9s ces derniers jours.<\/p>\n<p><a data-article-figure=\"\" href=\"https:\/\/france3-regions.franceinfo.fr\/image\/K2OI0znfv-bxc6HAtrt9rmrRG64\/2048x1365\/regions\/2025\/09\/08\/13015084-53af-49ae-9310-c41eb66320ee-68bf154ceb7bc679821344.jpg\" data-pswp-width=\"2048\" data-pswp-height=\"1365\" target=\"_blank\" rel=\"nofollow noopener\"><\/p>\n<p>          <img width=\"600\" height=\"400\" class=\"article-image lazy\" data-src=\"https:\/\/www.europesays.com\/fr\/wp-content\/uploads\/2025\/09\/13015084-53af-49ae-9310-c41eb66320ee-68bf154ceb7bc679821344.jpg\" alt=\"Le parvis de la gare de Nancy, place Simone Veil, zone ouverte devant l\u2019entr\u00e9e principale o\u00f9 transitent de nombreux passagers et passants chaque jour.\" fetchpriority=\"high\" as=\"image\"\/><\/p>\n<p>\n            Le parvis de la gare de Nancy, place Simone Veil, zone ouverte devant l\u2019entr\u00e9e principale o\u00f9 transitent de nombreux passagers et passants chaque jour.<br \/>\n                           \u2022<br \/>\n                                      \u00a9 ESCUDERO Patrick \/ Hemis via AFP\n                      <\/p>\n<p><\/a><\/p>\n<p>Le 2 septembre 2025, deux agents ont \u00e9t\u00e9 agress\u00e9s dans le hall de la gare et ont port\u00e9 plainte. La Direction d\u00e9partementale de la s\u00e9curit\u00e9 publique (DDSP) de Meurthe-et-Moselle confirme les faits.<\/p>\n<p>Le m\u00eame jour, plusieurs jeunes auraient affirm\u00e9 aux agents \u00ab\u00a0avoir agress\u00e9 au couteau une femme sans domicile fixe pr\u00e8s d\u2019un fast-food Quick\u00a0\u00bb. Mais \u00e0 ce stade, les forces de l\u2019ordre indiquent n\u2019avoir connaissance d\u2019aucun fait correspondant.<\/p>\n<p>Quelques jours plus t\u00f4t, le 31 ao\u00fbt, un homme d\u2019une vingtaine d\u2019ann\u00e9es aurait \u00e9t\u00e9 frapp\u00e9 par un groupe de jeunes entre les deux halls de la gare, vers 17 heures. \u00ab\u00a0On l\u2019a r\u00e9cup\u00e9r\u00e9 plein de sang et les pompiers l\u2019ont pris en charge\u00a0\u00bb, t\u00e9moigne un agent. Les pompiers confirment avoir transport\u00e9 un jeune homme de la gare vers l\u2019h\u00f4pital de Nancy, mais aucune plainte n\u2019a \u00e9t\u00e9 d\u00e9pos\u00e9e.<\/p>\n<p>Des agents agress\u00e9s en pleine gare<\/p>\n<p>Adrien* (*le pr\u00e9nom a \u00e9t\u00e9 modifi\u00e9), agent de s\u00e9curit\u00e9, revient sur l\u2019agression dont il a \u00e9t\u00e9 victime le 2 septembre : \u00ab\u00a0Mon coll\u00e8gue avait vu deux jeunes, de 15 \u00e0 17 ans, qui faisaient de la trottinette \u00e0 fond dans la gare. C\u2019est dangereux, surtout avec des enfants. On leur a demand\u00e9 d\u2019arr\u00eater mais ils n\u2019ont pas voulu. J\u2019ai saisi un jeune pour le faire descendre : il m\u2019a frapp\u00e9 et a frapp\u00e9 mon coll\u00e8gue au visage. On a appel\u00e9 la police mais des passants nous ont forc\u00e9s \u00e0 les rel\u00e2cher en disant qu\u2019ils \u00e9taient mineurs\u00a0\u00bb.<\/p>\n<blockquote class=\"ftvi_content_quote\">\n<p class=\"ftvi_citation_quote\">On sait qu\u2019ils peuvent sortir des couteaux \u00e0 tout moment<\/p>\n<p>Adrien*, agent de s\u00e9curit\u00e9 \u00e0 la gare de Nancy<\/p>\n<\/blockquote>\n<p>Depuis, il souffre de s\u00e9quelles : \u00ab\u00a0Depuis une semaine, j\u2019ai des insomnies, des maux de t\u00eate permanents, une hyperphagie li\u00e9e au stress. C\u2019est compliqu\u00e9 moralement de travailler dans ces conditions. On sait qu\u2019ils peuvent sortir des couteaux \u00e0 tout moment\u00a0\u00bb. Paul*, un autre agent de s\u00e9curit\u00e9, confirme le climat tendu : \u00ab\u00a0On vient avec la boule au ventre. Ils nous rient \u00e0 la gueule. Personne ne r\u00e9agit, parce qu\u2019ils sont mineurs\u00a0\u00bb.<\/p>\n<p>\u00ab\u00a0Le moral chute de mois en mois\u00a0\u00bb<\/p>\n<p>L&rsquo;un de ses coll\u00e8gues, Mathieu*, d\u00e9nonce le manque de moyens : \u00ab\u00a0On n\u2019a pas de moyen de d\u00e9fense, contrairement \u00e0 la police. Pas de protection, pas de prime de risque. On gagne le SMIC horaire, comme au McDo, mais avec des risques \u00e9normes. Les jeunes sont en groupe, une dizaine au minimum, ils provoquent et agressent tout le temps. Le moral chute de mois en mois, on se sent abandonn\u00e9s\u00a0\u00bb.<\/p>\n<blockquote class=\"ftvi_content_quote\">\n<p class=\"ftvi_citation_quote\">Je d\u00e9conseille \u00e0 quiconque d\u2019y aller sauf pour prendre un train<\/p>\n<p>Kevin*, agent de s\u00e9curit\u00e9 \u00e0 la gare de Nancy<\/p>\n<\/blockquote>\n<p>Kevin*, qui fait aussi partie de la quinzaine d&rsquo;agents de s\u00e9curit\u00e9 priv\u00e9e de la gare de Nancy, d\u00e9crit une situation hors de contr\u00f4le : \u00ab\u00a0Notre p\u00e9rim\u00e8tre d\u2019action va jusqu\u2019aux murets qui entourent la gare. Pour moi, c\u2019est le lieu le plus dangereux de Nancy, je d\u00e9conseille \u00e0 quiconque d\u2019y aller sauf pour prendre un train. Il y a 30 \u00e0 40 individus probl\u00e9matiques au total, dont une vingtaine de jeunes. Drogue, alcool, violences\u2026 Depuis un mois et demi, c\u2019est ing\u00e9rable. Il faut que la mairie agisse\u00a0\u00bb.<\/p>\n<p>La mairie assure suivre la situation<\/p>\n<p>La Ville de Nancy indique travailler en lien avec la M\u00e9tropole du Grand Nancy, la police nationale, la SNCF et la s\u00fbret\u00e9 ferroviaire. \u00ab\u00a0Nous assurons en moyenne 5 \u00e0 6 patrouilles de police municipale par jour et une dizaine de cam\u00e9ras dans le secteur. Concernant les faits expos\u00e9s, la police municipale n\u2019a \u00e9t\u00e9 interpell\u00e9e qu\u2019une seule fois ces derni\u00e8res semaines et n\u2019a pas connaissance d\u2019une situation aussi d\u00e9grad\u00e9e. N\u00e9anmoins, elle renforcera ses passages dans les prochains jours pour s\u2019assurer que la tranquillit\u00e9 de l\u2019espace public est respect\u00e9e\u00a0\u00bb, pr\u00e9cise la mairie.<\/p>\n<p>Contact\u00e9e, la SNCF explique ne pas communiquer sur ce type de sujet : \u00ab\u00a0Nous travaillons en \u00e9troite collaboration avec les forces de l\u2019ordre. C\u2019est la police qui m\u00e8ne les enqu\u00eates\u00a0\u00bb.<\/p>\n","protected":false},"excerpt":{"rendered":"Un groupe de jeunes, dont plusieurs mineurs, serait r\u00e9guli\u00e8rement impliqu\u00e9 dans des violences autour de la gare de&hellip;\n","protected":false},"author":2,"featured_media":379617,"comment_status":"","ping_status":"","sticky":false,"template":"","format":"standard","meta":{"footnotes":""},"categories":[9635],"tags":[1111,11,1777,674,1011,27,775,1702,12,25],"class_list":{"0":"post-379616","1":"post","2":"type-post","3":"status-publish","4":"format-standard","5":"has-post-thumbnail","7":"category-nancy","8":"tag-actu","9":"tag-actualites","10":"tag-eu","11":"tag-europe","12":"tag-fr","13":"tag-france","14":"tag-grand-est","15":"tag-nancy","16":"tag-news","17":"tag-republique-francaise"},"share_on_mastodon":{"url":"https:\/\/pubeurope.com\/@fr\/115178629007411525","error":""},"_links":{"self":[{"href":"https:\/\/www.europesays.com\/fr\/wp-json\/wp\/v2\/posts\/379616","targetHints":{"allow":["GET"]}}],"collection":[{"href":"https:\/\/www.europesays.com\/fr\/wp-json\/wp\/v2\/posts"}],"about":[{"href":"https:\/\/www.europesays.com\/fr\/wp-json\/wp\/v2\/types\/post"}],"author":[{"embeddable":true,"href":"https:\/\/www.europesays.com\/fr\/wp-json\/wp\/v2\/users\/2"}],"replies":[{"embeddable":true,"href":"https:\/\/www.europesays.com\/fr\/wp-json\/wp\/v2\/comments?post=379616"}],"version-history":[{"count":0,"href":"https:\/\/www.europesays.com\/fr\/wp-json\/wp\/v2\/posts\/379616\/revisions"}],"wp:featuredmedia":[{"embeddable":true,"href":"https:\/\/www.europesays.com\/fr\/wp-json\/wp\/v2\/media\/379617"}],"wp:attachment":[{"href":"https:\/\/www.europesays.com\/fr\/wp-json\/wp\/v2\/media?parent=379616"}],"wp:term":[{"taxonomy":"category","embeddable":true,"href":"https:\/\/www.europesays.com\/fr\/wp-json\/wp\/v2\/categories?post=379616"},{"taxonomy":"post_tag","embeddable":true,"href":"https:\/\/www.europesays.com\/fr\/wp-json\/wp\/v2\/tags?post=379616"}],"curies":[{"name":"wp","href":"https:\/\/api.w.org\/{rel}","templated":true}]}}