{"id":379618,"date":"2025-09-10T06:39:20","date_gmt":"2025-09-10T06:39:20","guid":{"rendered":"https:\/\/www.europesays.com\/fr\/379618\/"},"modified":"2025-09-10T06:39:20","modified_gmt":"2025-09-10T06:39:20","slug":"je-soutiens-lethique-et-la-morale-en-politique","status":"publish","type":"post","link":"https:\/\/www.europesays.com\/fr\/379618\/","title":{"rendered":"\u00ab Je soutiens l\u2019\u00e9thique et la morale en politique \u00bb"},"content":{"rendered":"\n<p><b>La Marseillaise<\/b><b>\u00a0<\/b><b>:<\/b> <b>Demain soir s\u2019ouvre une nouvelle assembl\u00e9e populaire&#8230;<\/b><\/p>\n<p>Andr\u00e9 De Ubeda\u00a0: Oui, nous sommes dans la continuit\u00e9 d\u2019un processus d\u00e9mocratique in\u00e9dit dans lequel on fait choisir les citoyens. Ils ont \u00e0 se d\u00e9terminer sur le programme et sur les candidats, c\u2019est quand m\u00eame assez extraordinaire. C\u2019est un exercice difficile, mais tr\u00e8s enrichissant. Donc, on continue. Et on est les seuls \u00e0 le faire, m\u00eame s\u2019il y en a qui essayent tr\u00e8s maladroitement de nous imiter, comme Lavalette avec ses conf\u00e9rences-d\u00e9bats.<\/p>\n<p><b>Vous parlez l\u00e0 de la candidate d\u2019extr\u00eame droite<\/b><b>\u00a0<\/b><b>?<\/b><\/p>\n<p>A. D. U\u00a0: Oui, la candidate du Rassemblement national, qui fait tout pour ne pas appara\u00eetre pour ce qu\u2019elle est dans ses affiches et dans ses propos. La vacuit\u00e9 de ses propos, malgr\u00e9 la rapidit\u00e9 de son d\u00e9bit, montre qu\u2019elle n\u2019a pas de programme. D\u2019ailleurs, elle n\u2019a absolument expos\u00e9 aucune id\u00e9e pour Toulon. Elle se contente d\u2019exposer sa personne et, surtout, elle \u00e9vite de parler de politique.<\/p>\n<p><b>Elle n\u2019est pas la seule \u00e0 vouloir montrer une autre image, \u00e0 Toulon, que celle d\u00e9fendue par son parti&#8230;<\/b><\/p>\n<p>A. D. U\u00a0: C\u2019est vrai. Je trouve d\u2019ailleurs que Michel Bonnus [le s\u00e9nateur LR], puisqu\u2019on parle des candidats putatifs, fait \u00e0 peu pr\u00e8s la m\u00eame chose. Il se met en photo avec sa famille et il parle de lui. Je lui souhaite une bonne sant\u00e9, bien s\u00fbr, mais c\u2019est un peu court. Il ne parle pas de Toulon, il ne parle pas de projet. Mais qui est Bonnus, exactement\u00a0? Est-ce le g\u00e9n\u00e9reux restaurateur qui invite tout le monde chez lui\u00a0? Ou est-ce le repr\u00e9sentant de l\u2019aile la plus \u00e0 droite de la droite, de la droite extr\u00eame de Retailleau. Est-ce Dr Jekyll ou est-ce M.\u00a0Hyde\u00a0? Est-ce que c\u2019est le gentil gars qui accueille tout le monde sur sa liste\u00a0? Ou celui qui vote des lois au S\u00e9nat contre les immigr\u00e9s, contre les \u00e9trangers\u00a0? Il fait partie de ceux qui lient d\u00e9linquance et immigration, exactement comme le Rassemblement national. Ce n\u2019est pas pour rien que Laure Lavalette lui a propos\u00e9 une alliance. Elle lui a propos\u00e9 \u00e0 lui et \u00e0 personne d\u2019autre.<\/p>\n<p><b>Comment analysez-vous ce qui semble \u00eatre un manque d\u2019entrain d\u2019Hubert Falco \u00e0 soutenir Jos\u00e9e Massi, maire sortante, apr\u00e8s toutes ces ann\u00e9es de fid\u00e9lit\u00e9 exemplaire<\/b><b>\u00a0<\/b><b>?<\/b><\/p>\n<p>A. D. U\u00a0: Cela fait partie des actes qui contribuent \u00e0 ce que les gens soient d\u00e9go\u00fbt\u00e9s de la politique. Tout le monde sait que je ne partage pas toutes les id\u00e9es de Jos\u00e9e Massi, mais c\u2019est une femme respectable, honn\u00eate, qui lutte r\u00e9ellement, elle, contre le Rassemblement national, de fa\u00e7on sinc\u00e8re et efficace. Moi, j\u2019ai \u00e9cout\u00e9 son discours le jour de la comm\u00e9moration de la Lib\u00e9ration de Toulon. Un extraordinaire discours qui a fait que Mme\u00a0Lavalette parte avant \u00ab\u00a0La\u00a0Marseillaise\u00a0\u00bb, sans s\u2019embarrasser du protocole. Moi, je ne soutiens pas Mme\u00a0Massi, mais je soutiens l\u2019\u00e9thique et la morale en politique.<\/p>\n<p><b>O\u00f9 en est l\u2019union \u00e0 gauche<\/b><b>\u00a0<\/b><b>?<\/b><\/p>\n<p>A. D. U\u00a0: Soyons francs, soyons clairs\u00a0! On rassemble pour l\u2019instant toutes les gauches, m\u00eame si LFI h\u00e9site encore \u00e0 venir. Nous allons parler de \u00e7a, aussi, au cours de l\u2019Assembl\u00e9e populaire. Tranquillement, sans se f\u00e2cher, sans s\u2019\u00e9nerver. On va \u00e9couter tout le monde et on va entrer dans un processus, je l\u2019esp\u00e8re, de discussion avec la France insoumise. Mais plus largement, on va essayer de rassembler. On est en train de rencontrer des acteurs de la vie \u00e9conomique, sociale, culturelle, politique et sportive de Toulon. Et on est tr\u00e8s fiers de ce qu\u2019on fait. On est ouvert \u00e0 tout le monde. Pas \u00e0 l\u2019extr\u00eame droite, bien s\u00fbr. Mais \u00e0 toutes les personnes de bonne volont\u00e9. Je discute d\u2019ailleurs avec des gens qui sont de droite et qui sont int\u00e9ress\u00e9s. On est dans un processus de consultation, d\u2019\u00e9coute attentive, pour transposer \u00e7a dans un projet qui sera le projet du XXIe\u00a0si\u00e8cle, pour le coup.<\/p>\n","protected":false},"excerpt":{"rendered":"La Marseillaise\u00a0: Demain soir s\u2019ouvre une nouvelle assembl\u00e9e populaire&#8230; Andr\u00e9 De Ubeda\u00a0: Oui, nous sommes dans la continuit\u00e9&hellip;\n","protected":false},"author":2,"featured_media":379619,"comment_status":"","ping_status":"","sticky":false,"template":"","format":"standard","meta":{"footnotes":""},"categories":[9619],"tags":[1111,11,1777,674,1011,27,3434,12,882,25,2310],"class_list":{"0":"post-379618","1":"post","2":"type-post","3":"status-publish","4":"format-standard","5":"has-post-thumbnail","7":"category-toulon","8":"tag-actu","9":"tag-actualites","10":"tag-eu","11":"tag-europe","12":"tag-fr","13":"tag-france","14":"tag-municipales-2026","15":"tag-news","16":"tag-provence-alpes-cote-dazur","17":"tag-republique-francaise","18":"tag-toulon"},"share_on_mastodon":{"url":"https:\/\/pubeurope.com\/@fr\/115178632924662440","error":""},"_links":{"self":[{"href":"https:\/\/www.europesays.com\/fr\/wp-json\/wp\/v2\/posts\/379618","targetHints":{"allow":["GET"]}}],"collection":[{"href":"https:\/\/www.europesays.com\/fr\/wp-json\/wp\/v2\/posts"}],"about":[{"href":"https:\/\/www.europesays.com\/fr\/wp-json\/wp\/v2\/types\/post"}],"author":[{"embeddable":true,"href":"https:\/\/www.europesays.com\/fr\/wp-json\/wp\/v2\/users\/2"}],"replies":[{"embeddable":true,"href":"https:\/\/www.europesays.com\/fr\/wp-json\/wp\/v2\/comments?post=379618"}],"version-history":[{"count":0,"href":"https:\/\/www.europesays.com\/fr\/wp-json\/wp\/v2\/posts\/379618\/revisions"}],"wp:featuredmedia":[{"embeddable":true,"href":"https:\/\/www.europesays.com\/fr\/wp-json\/wp\/v2\/media\/379619"}],"wp:attachment":[{"href":"https:\/\/www.europesays.com\/fr\/wp-json\/wp\/v2\/media?parent=379618"}],"wp:term":[{"taxonomy":"category","embeddable":true,"href":"https:\/\/www.europesays.com\/fr\/wp-json\/wp\/v2\/categories?post=379618"},{"taxonomy":"post_tag","embeddable":true,"href":"https:\/\/www.europesays.com\/fr\/wp-json\/wp\/v2\/tags?post=379618"}],"curies":[{"name":"wp","href":"https:\/\/api.w.org\/{rel}","templated":true}]}}