{"id":379624,"date":"2025-09-10T06:42:11","date_gmt":"2025-09-10T06:42:11","guid":{"rendered":"https:\/\/www.europesays.com\/fr\/379624\/"},"modified":"2025-09-10T06:42:11","modified_gmt":"2025-09-10T06:42:11","slug":"direct-montpellier-bloquons-tout-ce-mercredi-10-septembre-intervention-matinale-des-crs-points-chauds","status":"publish","type":"post","link":"https:\/\/www.europesays.com\/fr\/379624\/","title":{"rendered":"Direct. Montpellier. \u00ab\u00a0Bloquons tout\u00a0\u00bb ce mercredi 10 septembre, intervention matinale des CRS, points chauds"},"content":{"rendered":"<p>            Par<br \/>\n        <strong><br \/>\n            <a href=\"https:\/\/actu.fr\/auteur\/metropoop\" title=\"Consulter tous les articles de R\u00e9daction M\u00e9tropolitain\" rel=\"nofollow noopener\" target=\"_blank\">R\u00e9daction M\u00e9tropolitain<\/a><br \/>\n        <\/strong><\/p>\n<p>        Publi\u00e9 le<\/p>\n<p>            10 sept. 2025 \u00e0 8h03<br \/>\n        ; mis \u00e0 jour le 10 sept. 2025 \u00e0 8h38    <\/p>\n<p>\/ SUIVEZ NOTRE DIRECT \/<\/p>\n<p class=\" wall-content\">Les actions \u00ab\u00a0Bloquons tout\u00a0\u00bb lanc\u00e9es en cette journ\u00e9e de mercredi 10 septembre ont d\u00e9but\u00e9 d\u00e8s 6h30 par le blocage du rond-point des Pr\u00e8s d\u2019Ar\u00e8nes, \u00e0 Montpellier. Les CRS sont intervenus pour d\u00e9loger ceux qui tenaient ce piquet en ce lieu strat\u00e9gique.<\/p>\n<p class=\" wall-content\"><strong>8h30<\/strong> : la pr\u00e9fecture de l\u2019H\u00e9rault fait le premier point de cette journ\u00e9e de mobilisation : \u00ab\u00a0les premi\u00e8res manifestations non d\u00e9clar\u00e9es sont observ\u00e9es dans l\u2019H\u00e9rault.\u00a0A <strong>Montpellier,<\/strong> une centaine de personnes, dont certaines hostiles et encagoul\u00e9es, ont tent\u00e9 de bloquer le rond-point des Pr\u00e8s d\u2019Ar\u00e8nes \u00e0 Montpellier. Ces derni\u00e8res ont rapidement \u00e9t\u00e9 d\u00e9log\u00e9es par les forces de l\u2019ordre avec usage de moyens lacrymog\u00e8nes. Les manifestants sont toujours pr\u00e9sents \u00e0 proximit\u00e9 du site sans occasionner de g\u00eane \u00e0 la circulation.\u00a0L\u2019universit\u00e9 Paul Val\u00e9ry Montpellier 3 est bloqu\u00e9e par une cinquantaine de personnes. Les lyc\u00e9es Jules Guesde, Jean Monnet et Georges Cl\u00e9menceau sont aussi bloqu\u00e9s ce matin, totalement ou partiellement. En coordination avec la direction acad\u00e9mique des services de l\u2019\u00e9ducation nationale, les acc\u00e8s aux \u00e9tablissements scolaires seront r\u00e9tablis dans la matin\u00e9e.<\/p>\n<p class=\" wall-content\">A <strong>S\u00e8te<\/strong>, des manifestants sont par ailleurs pr\u00e9sents sur trois ronds-points aux entr\u00e9es de la ville. Les conditions de circulation sont perturb\u00e9es.\u00a0Le pr\u00e9fet a activ\u00e9 le centre op\u00e9rationnel d\u00e9partemental \u00e0 la pr\u00e9fecture depuis 7h.<\/p>\n<p class=\" wall-content\">Conform\u00e9ment aux instructions du ministre de l\u2019Int\u00e9rieur, le pr\u00e9fet de l\u2019H\u00e9rault a d\u00e9ploy\u00e9 d\u2019importants moyens dans le d\u00e9partement, notamment \u00e0 Montpellier, pour pr\u00e9venir les troubles \u00e0 l\u2019ordre public et emp\u00eacher toute situation de blocage. Les policiers nationaux de la DIPN 34 sont renforc\u00e9s par l\u2019engagement de deux compagnies de CRS, un engin lanceur d\u2019eau, un h\u00e9licopt\u00e8re de la gendarmerie. Au total, <strong>plus de 750 policiers et gendarmes<\/strong> sont mobilis\u00e9s dans l\u2019H\u00e9rault, ainsi qu\u2019une centaine de sapeurs-pompiers du Sdis 34.<\/p>\n<p class=\" wall-content\">Le pr\u00e9fet de l\u2019H\u00e9rault a donn\u00e9 aux forces de l\u2019ordre des instructions strictes d\u2019intervention et d\u2019interpellation des fauteurs de troubles. La pr\u00e9fecture appelle les usagers de la route \u00e0 plus grande prudence et \u00e0 suivre les consignes suivantes\u00a0:\u00a0\u00e9viter les secteurs concern\u00e9s par les manifestations,\u00a0respecter les consignes des forces de s\u00e9curit\u00e9.<\/p>\n<p>Vid\u00e9os : en ce moment sur Actu<\/p>\n<p class=\" wall-content\">Tenez-vous inform\u00e9s de la situation\u00a0sur les r\u00e9seaux sociaux du pr\u00e9fet de l\u2019H\u00e9rault @prefet34 (X, Facebook, Instagram) et\/ou\u00a0en prenant connaissance de l\u2019\u00e9tat des routes\u00a0: https:\/\/inforoute.herault.fr\/<\/p>\n<p class=\" wall-content\"><strong>8h25<\/strong> : un piquet de gr\u00e9vistes est install\u00e9 place Rondelet. On peut voir notamment des drapeaux du syndicat CGT.<\/p>\n<p>Votre r\u00e9gion, votre actu !<\/p>\n<p>Recevez chaque jour les infos qui comptent pour vous.<\/p>\n<p>\t<a href=\"https:\/\/actu.fr\/newsletter\" class=\"ac-btn ac-btn--corner ac-btn--medium ac-btn--blue800\" rel=\"nofollow noopener\" target=\"_blank\">S&rsquo;incrire<\/a><\/p>\n<p class=\" wall-content\"><strong>8h15<\/strong> : TaM 3M pr\u00e9vient les usagers qu\u2019en raison des d\u00e9fil\u00e9s pr\u00e9vus d\u00e8s 11h dans l\u2019\u00c9cusson, le trafic de tramway, des bus et du tram-bus risque d\u2019\u00eatre perturb\u00e9, avec des retards.<\/p>\n<p class=\" wall-content\"><strong>8h<\/strong> : tous les acc\u00e8s \u00e0 l\u2019Universit\u00e9 Paul Val\u00e9ry sur le site de Montpellier 3 sont bloqu\u00e9s par du mobilier depuis 6h, une action du Scum. Les \u00e9tudiants vont devoir faire du t\u00e9l\u00e9travail sur les campus. Un journaliste de <strong>M\u00e9tropolitain<\/strong> sur place indique qu\u2019une entr\u00e9e permettant l\u2019acc\u00e8s \u00e0 la facult\u00e9 est toutefois ouverte.<\/p>\n<p class=\" wall-content\">\n<p class=\" wall-content\"><strong>7h45 :<\/strong> la circulation reste difficile sur l\u2019autoroute A709, entre les bretelles de Montpellier-Est et de Montpellier-Ouest, dont celle de Montpellier-Sud\/Lattes\/Palavas-les-Flots, m\u00eame si les CRS ont d\u00e9log\u00e9 une poign\u00e9e de manifestants qui paralysaient le trafic dans le rond-point des Pr\u00e8s d\u2019Ar\u00e8nes. Parmi eux, des anciens Gilets jaunes qui avaient longtemps occup\u00e9 cette zone. Une intervention polici\u00e8re qui s\u2019est d\u00e9roul\u00e9e sans incident, mais les CRS ont utilis\u00e9 des grenades lacrymog\u00e8nes pour disperser les quelque 200 manifestants dont une centaine encagoul\u00e9s qui faisaient de la r\u00e9sistance. L\u2019h\u00e9licopt\u00e8re de la section a\u00e9rienne de la gendarmerie de Montpellier a survol\u00e9 le secteur.<\/p>\n<p class=\" wall-content\">Le journaliste Samuel Clauzier (Rue89, Brut, France3) \u00e9tait pr\u00e9sent d\u00e8s 6h30 du matin aux abords du rond-point Pr\u00e8s d\u2019Ar\u00e8nes. Un peu avant 7h, il diffusait la vid\u00e9o de la <strong>charge des CRS<\/strong> sur la centaine de manifestants :\u00a0<\/p>\n<p class=\" wall-content\">\n<p class=\" wall-content\"><strong>6h30<\/strong> : Des lyc\u00e9ens, des \u00e9tudiants, des cheminots, etc. r\u00e9unis mardi en assembl\u00e9e g\u00e9n\u00e9rale vont occuper des points strat\u00e9giques ce mercredi, \u00e0 Montpellier, \u00e0 l\u2019appel de tous les syndicats. Prenez vos pr\u00e9cautions si avez d\u00e9cid\u00e9 de maintenir d\u2019aller au travail ou d\u2019effectuer des d\u00e9placements. Des actions sont \u00e9galement men\u00e9es \u00e0 B\u00e9ziers et \u00e0 S\u00e8te.<\/p>\n<p class=\" wall-content\">Personnalisez votre actualit\u00e9 en ajoutant vos villes et m\u00e9dias en favori avec <a href=\"https:\/\/moncompte.actu.fr\" title=\"D\u00e9couvez Mon Actu\" rel=\"nofollow noopener\" data-trk=\"{&quot;cta&quot;:{&quot;action&quot;:&quot;https:\\\/\\\/moncompte.actu.fr&quot;,&quot;category&quot;:&quot;mon compte&quot;,&quot;from&quot;:&quot;article footer&quot;,&quot;name&quot;:&quot;Mon actu&quot;,&quot;type&quot;:&quot;cta&quot;}}\" target=\"_blank\">Mon Actu<\/a>.<\/p>\n","protected":false},"excerpt":{"rendered":"Par R\u00e9daction M\u00e9tropolitain Publi\u00e9 le 10 sept. 2025 \u00e0 8h03 ; mis \u00e0 jour le 10 sept. 2025&hellip;\n","protected":false},"author":2,"featured_media":379625,"comment_status":"","ping_status":"","sticky":false,"template":"","format":"standard","meta":{"footnotes":""},"categories":[9599],"tags":[1111,11,47212,1777,674,1011,27,2208,12,2680,1072,25,104],"class_list":{"0":"post-379624","1":"post","2":"type-post","3":"status-publish","4":"format-standard","5":"has-post-thumbnail","7":"category-montpellier","8":"tag-actu","9":"tag-actualites","10":"tag-bloquons-tout","11":"tag-eu","12":"tag-europe","13":"tag-fr","14":"tag-france","15":"tag-montpellier","16":"tag-news","17":"tag-occitanie","18":"tag-police","19":"tag-republique-francaise","20":"tag-societe"},"share_on_mastodon":{"url":"https:\/\/pubeurope.com\/@fr\/115178644707062926","error":""},"_links":{"self":[{"href":"https:\/\/www.europesays.com\/fr\/wp-json\/wp\/v2\/posts\/379624","targetHints":{"allow":["GET"]}}],"collection":[{"href":"https:\/\/www.europesays.com\/fr\/wp-json\/wp\/v2\/posts"}],"about":[{"href":"https:\/\/www.europesays.com\/fr\/wp-json\/wp\/v2\/types\/post"}],"author":[{"embeddable":true,"href":"https:\/\/www.europesays.com\/fr\/wp-json\/wp\/v2\/users\/2"}],"replies":[{"embeddable":true,"href":"https:\/\/www.europesays.com\/fr\/wp-json\/wp\/v2\/comments?post=379624"}],"version-history":[{"count":0,"href":"https:\/\/www.europesays.com\/fr\/wp-json\/wp\/v2\/posts\/379624\/revisions"}],"wp:featuredmedia":[{"embeddable":true,"href":"https:\/\/www.europesays.com\/fr\/wp-json\/wp\/v2\/media\/379625"}],"wp:attachment":[{"href":"https:\/\/www.europesays.com\/fr\/wp-json\/wp\/v2\/media?parent=379624"}],"wp:term":[{"taxonomy":"category","embeddable":true,"href":"https:\/\/www.europesays.com\/fr\/wp-json\/wp\/v2\/categories?post=379624"},{"taxonomy":"post_tag","embeddable":true,"href":"https:\/\/www.europesays.com\/fr\/wp-json\/wp\/v2\/tags?post=379624"}],"curies":[{"name":"wp","href":"https:\/\/api.w.org\/{rel}","templated":true}]}}