{"id":379628,"date":"2025-09-10T06:44:10","date_gmt":"2025-09-10T06:44:10","guid":{"rendered":"https:\/\/www.europesays.com\/fr\/379628\/"},"modified":"2025-09-10T06:44:10","modified_gmt":"2025-09-10T06:44:10","slug":"pres-de-rouen-le-rond-point-de-renault-occupe","status":"publish","type":"post","link":"https:\/\/www.europesays.com\/fr\/379628\/","title":{"rendered":"pr\u00e8s de Rouen, le rond-point de Renault occup\u00e9"},"content":{"rendered":"<p>            Par<br \/>\n        <strong><br \/>\n            <a href=\"https:\/\/actu.fr\/auteur\/emilien-jacques\" title=\"Consulter tous les articles de Emilien Jacques\" target=\"_blank\" rel=\"noopener\">Emilien Jacques<\/a><br \/>\n        <\/strong><\/p>\n<p>        Publi\u00e9 le<\/p>\n<p>            10 sept. 2025 \u00e0 7h57<br \/>\n        ; mis \u00e0 jour le 10 sept. 2025 \u00e0 8h25    <\/p>\n<p>L\u2019usine Renault Amp\u00e8re de <a href=\"https:\/\/actu.fr\/normandie\/cleon_76178\" target=\"_blank\" rel=\"noopener\">Cl\u00e9on<\/a>, pr\u00e8s de <a href=\"https:\/\/actu.fr\/normandie\/rouen_76540\" target=\"_blank\" rel=\"noopener\">Rouen <\/a>est cibl\u00e9e par les syndicalistes CGT de l\u2019entreprise dans le cadre du <a href=\"https:\/\/actu.fr\/normandie\/rouen_76540\/en-direct-circulation-manifestations-suivez-cette-journee-du-10-septembre-a-rouen-et-au-havre_63131485.html\" target=\"_blank\" rel=\"noopener\">mouvement de gr\u00e8ve national Bloquons tout<\/a>. Une vingtaine de manifestants se tient \u00e0 l\u2019entr\u00e9e du rond-point en ce matin du 10\u00a0septembre 2025.<\/p>\n<p>Circulation fortement ralentie<\/p>\n<p class=\" wall-content\">Depuis 7h30, un barrage filtrant est install\u00e9 sur le rond-point de l\u2019usine Renault Amp\u00e8re Cl\u00e9on dans le sens Tourville-la-Rivi\u00e8re \u2013 Elbeuf.<\/p>\n<p class=\" wall-content\">Une seule voie est accessible sur ce rond-point tr\u00e8s fr\u00e9quent\u00e9, sur les deux habituellement, et une distribution de tracts aux automobilistes est en cours \u00e0 l\u2019entr\u00e9e du rond-point.<\/p>\n<p class=\" wall-content\">La circulation est donc fortement ralentie entre le centre commercial de Tourville-la-Rivi\u00e8re et le rond-point de l\u2019usine. Celle-ci reste accessible par les ouvriers.<\/p>\n<p class=\" wall-content\">Les manifestants n\u2019excluent pas un deuxi\u00e8me barrage filtrant dans l\u2019autre sens, Elbeuf \u2013 Tourville-la-Rivi\u00e8re, plus tard dans la matin\u00e9e.<\/p>\n<p>Vid\u00e9os : en ce moment sur ActuLes bus pas impact\u00e9s<\/p>\n<p class=\" wall-content\">Dans le reste de l\u2019agglo elbeuvienne, selon les informations transmises par le R\u00e9seau astuce, les bus circulent normalement, <a href=\"https:\/\/actu.fr\/normandie\/rouen_76540\/greve-du-10-septembre-les-metros-teor-et-bus-de-rouen-seront-tres-perturbes_63130542.html\" target=\"_blank\" rel=\"noopener\">contrairement au reste de la M\u00e9tropole de Rouen<\/a>. C\u2019est aussi le cas de la ligne F9, entre Rouen et Elbeuf.<\/p>\n<p class=\" wall-content\">En revanche, le service de transports en commun annonce qu\u2019il n\u2019y aura plus de bus apr\u00e8s 20 h.<\/p>\n<p class=\" wall-content\">Plus d\u2019informations \u00e0 venir.<\/p>\n<p class=\" wall-content\">Personnalisez votre actualit\u00e9 en ajoutant vos villes et m\u00e9dias en favori avec <a href=\"https:\/\/moncompte.actu.fr\" title=\"D\u00e9couvez Mon Actu\" rel=\"nofollow noopener\" data-trk=\"{&quot;cta&quot;:{&quot;action&quot;:&quot;https:\\\/\\\/moncompte.actu.fr&quot;,&quot;category&quot;:&quot;mon compte&quot;,&quot;from&quot;:&quot;article footer&quot;,&quot;name&quot;:&quot;Mon actu&quot;,&quot;type&quot;:&quot;cta&quot;}}\" target=\"_blank\">Mon Actu<\/a>.<\/p>\n","protected":false},"excerpt":{"rendered":"Par Emilien Jacques Publi\u00e9 le 10 sept. 2025 \u00e0 7h57 ; mis \u00e0 jour le 10 sept. 2025&hellip;\n","protected":false},"author":2,"featured_media":379629,"comment_status":"","ping_status":"","sticky":false,"template":"","format":"standard","meta":{"footnotes":""},"categories":[9587],"tags":[1111,11,47212,3542,1777,674,1011,27,1272,12,5161,25,9590,104],"class_list":{"0":"post-379628","1":"post","2":"type-post","3":"status-publish","4":"format-standard","5":"has-post-thumbnail","7":"category-rouen","8":"tag-actu","9":"tag-actualites","10":"tag-bloquons-tout","11":"tag-circulation","12":"tag-eu","13":"tag-europe","14":"tag-fr","15":"tag-france","16":"tag-manifestations","17":"tag-news","18":"tag-normandie","19":"tag-republique-francaise","20":"tag-rouen","21":"tag-societe"},"share_on_mastodon":{"url":"https:\/\/pubeurope.com\/@fr\/115178652481660413","error":""},"_links":{"self":[{"href":"https:\/\/www.europesays.com\/fr\/wp-json\/wp\/v2\/posts\/379628","targetHints":{"allow":["GET"]}}],"collection":[{"href":"https:\/\/www.europesays.com\/fr\/wp-json\/wp\/v2\/posts"}],"about":[{"href":"https:\/\/www.europesays.com\/fr\/wp-json\/wp\/v2\/types\/post"}],"author":[{"embeddable":true,"href":"https:\/\/www.europesays.com\/fr\/wp-json\/wp\/v2\/users\/2"}],"replies":[{"embeddable":true,"href":"https:\/\/www.europesays.com\/fr\/wp-json\/wp\/v2\/comments?post=379628"}],"version-history":[{"count":0,"href":"https:\/\/www.europesays.com\/fr\/wp-json\/wp\/v2\/posts\/379628\/revisions"}],"wp:featuredmedia":[{"embeddable":true,"href":"https:\/\/www.europesays.com\/fr\/wp-json\/wp\/v2\/media\/379629"}],"wp:attachment":[{"href":"https:\/\/www.europesays.com\/fr\/wp-json\/wp\/v2\/media?parent=379628"}],"wp:term":[{"taxonomy":"category","embeddable":true,"href":"https:\/\/www.europesays.com\/fr\/wp-json\/wp\/v2\/categories?post=379628"},{"taxonomy":"post_tag","embeddable":true,"href":"https:\/\/www.europesays.com\/fr\/wp-json\/wp\/v2\/tags?post=379628"}],"curies":[{"name":"wp","href":"https:\/\/api.w.org\/{rel}","templated":true}]}}