{"id":379632,"date":"2025-09-10T06:47:12","date_gmt":"2025-09-10T06:47:12","guid":{"rendered":"https:\/\/www.europesays.com\/fr\/379632\/"},"modified":"2025-09-10T06:47:12","modified_gmt":"2025-09-10T06:47:12","slug":"saint-gregoire-les-habitants-celebrent-les-arbres-plantes-mais-sinquietent-du-futur","status":"publish","type":"post","link":"https:\/\/www.europesays.com\/fr\/379632\/","title":{"rendered":"Saint-Gr\u00e9goire. Les habitants c\u00e9l\u00e8brent les arbres plant\u00e9s, mais s\u2019inqui\u00e8tent du futur"},"content":{"rendered":"<p>Il y avait du monde samedi midi dans le parc du quartier de la Pr\u00e9e. \u00a0L\u2019an dernier, il a \u00e9t\u00e9 d\u00e9cid\u00e9 par la Ville de planter un petit verger dans cet espace, celui-ci est compos\u00e9 de pommiers, poiriers et de noisetiers, explique Georges Coudraye, pr\u00e9sident de l\u2019association de quartier Bien vivre \u00e0 la Pr\u00e9e. Nous avons travaill\u00e9 avec les \u00e9lus pour une programmation pluriannuelle sur cinq\u00a0ans pour diff\u00e9rentes actions.\u00a0<\/p>\n<p>La v\u00e9g\u00e9talisation des rues, une bo\u00eete \u00e0 livres et un nouvel espace jeux pour les enfants ont aussi \u00e9t\u00e9 install\u00e9s dans ce quartier r\u00e9sidentiel qui rassemble cinquante\u00a0maisons.<\/p>\n<p>L\u2019\u00e9v\u00e9nement s\u2019est poursuivi par un repas, o\u00f9 d\u2019autres sujets ont \u00e9t\u00e9 au c\u0153ur des conversations des habitants. \u00a0Nous sommes aussi pr\u00e9occup\u00e9s par le trambus et la bande de 200\u00a0m\u00e8tres de densification demand\u00e9e par la M\u00e9tropole de part et d\u2019autre de la ligne. Ce syst\u00e8me de transport moderne peut chambouler notre environnement.\u00a0<\/p>\n<p>L\u2019association affirme que la zone bois\u00e9e est d\u00e9sormais prot\u00e9g\u00e9e et class\u00e9. \u00a0La pression urbanistique augmente et nous voulons avoir des espaces pour les enfants\u00a0, indique le pr\u00e9sident de l\u2019association.<\/p>\n<p>\u00a0<\/p>\n","protected":false},"excerpt":{"rendered":"Il y avait du monde samedi midi dans le parc du quartier de la Pr\u00e9e. \u00a0L\u2019an dernier, il&hellip;\n","protected":false},"author":2,"featured_media":379633,"comment_status":"","ping_status":"","sticky":false,"template":"","format":"standard","meta":{"footnotes":""},"categories":[2821],"tags":[1111,11,3570,829,30821,1777,674,1011,27,5852,4021,51299,12,4896,584,25,5372,3728,51300],"class_list":{"0":"post-379632","1":"post","2":"type-post","3":"status-publish","4":"format-standard","5":"has-post-thumbnail","7":"category-rennes","8":"tag-actu","9":"tag-actualites","10":"tag-arbres","11":"tag-bretagne","12":"tag-celebrent","13":"tag-eu","14":"tag-europe","15":"tag-fr","16":"tag-france","17":"tag-futur","18":"tag-habitants","19":"tag-inquietent","20":"tag-news","21":"tag-plantes","22":"tag-rennes","23":"tag-republique-francaise","24":"tag-saint-gregoire","25":"tag-saint-malo","26":"tag-trambus"},"share_on_mastodon":{"url":"https:\/\/pubeurope.com\/@fr\/115178664377384522","error":""},"_links":{"self":[{"href":"https:\/\/www.europesays.com\/fr\/wp-json\/wp\/v2\/posts\/379632","targetHints":{"allow":["GET"]}}],"collection":[{"href":"https:\/\/www.europesays.com\/fr\/wp-json\/wp\/v2\/posts"}],"about":[{"href":"https:\/\/www.europesays.com\/fr\/wp-json\/wp\/v2\/types\/post"}],"author":[{"embeddable":true,"href":"https:\/\/www.europesays.com\/fr\/wp-json\/wp\/v2\/users\/2"}],"replies":[{"embeddable":true,"href":"https:\/\/www.europesays.com\/fr\/wp-json\/wp\/v2\/comments?post=379632"}],"version-history":[{"count":0,"href":"https:\/\/www.europesays.com\/fr\/wp-json\/wp\/v2\/posts\/379632\/revisions"}],"wp:featuredmedia":[{"embeddable":true,"href":"https:\/\/www.europesays.com\/fr\/wp-json\/wp\/v2\/media\/379633"}],"wp:attachment":[{"href":"https:\/\/www.europesays.com\/fr\/wp-json\/wp\/v2\/media?parent=379632"}],"wp:term":[{"taxonomy":"category","embeddable":true,"href":"https:\/\/www.europesays.com\/fr\/wp-json\/wp\/v2\/categories?post=379632"},{"taxonomy":"post_tag","embeddable":true,"href":"https:\/\/www.europesays.com\/fr\/wp-json\/wp\/v2\/tags?post=379632"}],"curies":[{"name":"wp","href":"https:\/\/api.w.org\/{rel}","templated":true}]}}