{"id":379636,"date":"2025-09-10T06:49:11","date_gmt":"2025-09-10T06:49:11","guid":{"rendered":"https:\/\/www.europesays.com\/fr\/379636\/"},"modified":"2025-09-10T06:49:11","modified_gmt":"2025-09-10T06:49:11","slug":"premiers-blocages-sur-la-m35-a-strasbourg-et-a-luha-suivez-la-mobilisation-dans-notre-region","status":"publish","type":"post","link":"https:\/\/www.europesays.com\/fr\/379636\/","title":{"rendered":"premiers blocages sur la M35 \u00e0 Strasbourg et \u00e0 l&rsquo;UHA, suivez la mobilisation dans notre r\u00e9gion"},"content":{"rendered":"<p>Environ 70 \u00e0 80 manifestants sont revenus sur les voies de la M35, \u00e0 hauteur du quartier de la Montagne Verte,\u00a0peu apr\u00e8s 8 heures, indiquent les CRS de l&rsquo;autoroute.<\/p>\n<p>La circulation est enti\u00e8rement interrompue en direction de Strasbourg, et tr\u00e8s fortement ralentie en direction de Colmar .<\/p>\n<p>Une dizaine de kilom\u00e8tres de bouchons se sont form\u00e9s sur la M351, la M352 et sur l\u2019A35. L\u2019acc\u00e8s au centre-ville de Strasbourg est particuli\u00e8rement compliqu\u00e9.<\/p>\n","protected":false},"excerpt":{"rendered":"Environ 70 \u00e0 80 manifestants sont revenus sur les voies de la M35, \u00e0 hauteur du quartier de&hellip;\n","protected":false},"author":2,"featured_media":379637,"comment_status":"","ping_status":"","sticky":false,"template":"","format":"standard","meta":{"footnotes":""},"categories":[2820],"tags":[1111,11,2389,2649,1777,674,107,1011,27,775,1637,12,316,25,801,104,640],"class_list":{"0":"post-379636","1":"post","2":"type-post","3":"status-publish","4":"format-standard","5":"has-post-thumbnail","7":"category-strasbourg","8":"tag-actu","9":"tag-actualites","10":"tag-alsace","11":"tag-bas-rhin","12":"tag-eu","13":"tag-europe","14":"tag-fil-info","15":"tag-fr","16":"tag-france","17":"tag-grand-est","18":"tag-haut-rhin","19":"tag-news","20":"tag-politique","21":"tag-republique-francaise","22":"tag-social","23":"tag-societe","24":"tag-strasbourg"},"share_on_mastodon":{"url":"https:\/\/pubeurope.com\/@fr\/115178672168116081","error":""},"_links":{"self":[{"href":"https:\/\/www.europesays.com\/fr\/wp-json\/wp\/v2\/posts\/379636","targetHints":{"allow":["GET"]}}],"collection":[{"href":"https:\/\/www.europesays.com\/fr\/wp-json\/wp\/v2\/posts"}],"about":[{"href":"https:\/\/www.europesays.com\/fr\/wp-json\/wp\/v2\/types\/post"}],"author":[{"embeddable":true,"href":"https:\/\/www.europesays.com\/fr\/wp-json\/wp\/v2\/users\/2"}],"replies":[{"embeddable":true,"href":"https:\/\/www.europesays.com\/fr\/wp-json\/wp\/v2\/comments?post=379636"}],"version-history":[{"count":0,"href":"https:\/\/www.europesays.com\/fr\/wp-json\/wp\/v2\/posts\/379636\/revisions"}],"wp:featuredmedia":[{"embeddable":true,"href":"https:\/\/www.europesays.com\/fr\/wp-json\/wp\/v2\/media\/379637"}],"wp:attachment":[{"href":"https:\/\/www.europesays.com\/fr\/wp-json\/wp\/v2\/media?parent=379636"}],"wp:term":[{"taxonomy":"category","embeddable":true,"href":"https:\/\/www.europesays.com\/fr\/wp-json\/wp\/v2\/categories?post=379636"},{"taxonomy":"post_tag","embeddable":true,"href":"https:\/\/www.europesays.com\/fr\/wp-json\/wp\/v2\/tags?post=379636"}],"curies":[{"name":"wp","href":"https:\/\/api.w.org\/{rel}","templated":true}]}}