{"id":379642,"date":"2025-09-10T06:52:28","date_gmt":"2025-09-10T06:52:28","guid":{"rendered":"https:\/\/www.europesays.com\/fr\/379642\/"},"modified":"2025-09-10T06:52:28","modified_gmt":"2025-09-10T06:52:28","slug":"un-vehicule-en-feu-paralyse-la-circulation-sur-lautoroute-a8-a-nice-enorme-galere-en-vue","status":"publish","type":"post","link":"https:\/\/www.europesays.com\/fr\/379642\/","title":{"rendered":"Un v\u00e9hicule en feu paralyse la circulation sur l&rsquo;autoroute A8 \u00e0 Nice, \u00e9norme gal\u00e8re en vue"},"content":{"rendered":"<p>Gal\u00e8re en vue pour les usagers de l&rsquo;autoroute.\u00a0<\/p>\n<p>Un <strong>remorque de poids lourd a pris feu<\/strong>\u00a0sur l&rsquo;<strong>A8<\/strong> dans le contournement de <strong>Nice<\/strong>, avant la barri\u00e8re de p\u00e9age de Saint-Isidore,\u00a0ce mercredi 10 septembre 2025 vers 7h.\u00a0<\/p>\n<p>Cet incident a engendr\u00e9 la fermeture de la bretelle d&rsquo;entr\u00e9e de l&rsquo;\u00e9changeur de l&rsquo;a\u00e9roport (n\u00b051) en <strong>direction de l&rsquo;Italie<\/strong> en pleine heure de pointe.\u00a0<\/p>\n<p>\u00c0 8 heures, les deux voies de circulation les plus \u00e0 gauche ont \u00e9t\u00e9 <strong>rouvertes<\/strong>, celle de droite \u00e9tant toujours paralys\u00e9e pour l&rsquo;intervention des secours.\u00a0<\/p>\n<p>Quelque treize sapeurs-pompiers et quatre engins ont \u00e9t\u00e9 d\u00e9ploy\u00e9s.<\/p>\n<p>              <img ci-src=\"https:\/\/www.nicematin.com\/info-trafic\/IMG_0938-NKDH60wr.jpg?vh=9390df&amp;ci_seal=dce797a64a\" alt=\"\"\/><br \/>\n        \u00c0 8h30, la circulation \u00e9tait toujours ralentie.  <strong>Photo Jean-Fran\u00e7ois Ottonello.<\/strong> <\/p>\n<p>              <img ci-src=\"https:\/\/www.nicematin.com\/info-trafic\/5R9A4167-vsf8tL9i.JPG?vh=0d134d&amp;ci_seal=3a2773e646\" alt=\"\"\/><br \/>\n         <strong>Photo Jean-Fran\u00e7ois Ottonello.<\/strong> <\/p>\n","protected":false},"excerpt":{"rendered":"Gal\u00e8re en vue pour les usagers de l&rsquo;autoroute.\u00a0 Un remorque de poids lourd a pris feu\u00a0sur l&rsquo;A8 dans&hellip;\n","protected":false},"author":2,"featured_media":379643,"comment_status":"","ping_status":"","sticky":false,"template":"","format":"standard","meta":{"footnotes":""},"categories":[2819],"tags":[1111,11,1777,674,1011,27,803,12,2401,882,25],"class_list":{"0":"post-379642","1":"post","2":"type-post","3":"status-publish","4":"format-standard","5":"has-post-thumbnail","7":"category-nice","8":"tag-actu","9":"tag-actualites","10":"tag-eu","11":"tag-europe","12":"tag-fr","13":"tag-france","14":"tag-info-trafic","15":"tag-news","16":"tag-nice","17":"tag-provence-alpes-cote-dazur","18":"tag-republique-francaise"},"share_on_mastodon":{"url":"https:\/\/pubeurope.com\/@fr\/115178683962860176","error":""},"_links":{"self":[{"href":"https:\/\/www.europesays.com\/fr\/wp-json\/wp\/v2\/posts\/379642","targetHints":{"allow":["GET"]}}],"collection":[{"href":"https:\/\/www.europesays.com\/fr\/wp-json\/wp\/v2\/posts"}],"about":[{"href":"https:\/\/www.europesays.com\/fr\/wp-json\/wp\/v2\/types\/post"}],"author":[{"embeddable":true,"href":"https:\/\/www.europesays.com\/fr\/wp-json\/wp\/v2\/users\/2"}],"replies":[{"embeddable":true,"href":"https:\/\/www.europesays.com\/fr\/wp-json\/wp\/v2\/comments?post=379642"}],"version-history":[{"count":0,"href":"https:\/\/www.europesays.com\/fr\/wp-json\/wp\/v2\/posts\/379642\/revisions"}],"wp:featuredmedia":[{"embeddable":true,"href":"https:\/\/www.europesays.com\/fr\/wp-json\/wp\/v2\/media\/379643"}],"wp:attachment":[{"href":"https:\/\/www.europesays.com\/fr\/wp-json\/wp\/v2\/media?parent=379642"}],"wp:term":[{"taxonomy":"category","embeddable":true,"href":"https:\/\/www.europesays.com\/fr\/wp-json\/wp\/v2\/categories?post=379642"},{"taxonomy":"post_tag","embeddable":true,"href":"https:\/\/www.europesays.com\/fr\/wp-json\/wp\/v2\/tags?post=379642"}],"curies":[{"name":"wp","href":"https:\/\/api.w.org\/{rel}","templated":true}]}}