{"id":379654,"date":"2025-09-10T06:58:18","date_gmt":"2025-09-10T06:58:18","guid":{"rendered":"https:\/\/www.europesays.com\/fr\/379654\/"},"modified":"2025-09-10T06:58:18","modified_gmt":"2025-09-10T06:58:18","slug":"en-direct-greve-du-10-septembre-fac-bloquee-a-toulouse-peripherique-immobilise-a-caen-suivez-les-perturbations","status":"publish","type":"post","link":"https:\/\/www.europesays.com\/fr\/379654\/","title":{"rendered":"EN DIRECT &#8211; Gr\u00e8ve du 10 septembre : fac bloqu\u00e9e \u00e0 Toulouse, p\u00e9riph\u00e9rique immobilis\u00e9 \u00e0 Caen&#8230; Suivez les perturbations"},"content":{"rendered":"<p>                Le point sur les principaux blocages en d\u00e9but de matin\u00e9e<\/p>\n<p>La nuit a \u00e9t\u00e9 calme, mais 70 personnes sont rassembl\u00e9es devant l&rsquo;a\u00e9roport de Nantes, mercredi 10 septembre. Une action de blocage est en cours sur le p\u00e9riph\u00e9rique de Caen, ainsi qu&rsquo;\u00e0 Lyon et \u00e0 Poitiers. \u00c0 Rennes, plusieurs blocages ont lieu sur p\u00e9riph\u00e9rique avec l&rsquo;utilisation de gaz lacrymog\u00e8ne. \u00c0\u00a0Brest, un barrage est en cours sur la RN 12, des automobilistes circulent \u00e0 contre sens. Dans les Yvelines, 50 employ\u00e9s bloquent un d\u00e9p\u00f4t de bus \u00e0 Trappes.\u00a0\u00a0<\/p>\n<p>Le d\u00e9ploiement massif des forces de l&rsquo;ordre permet souvent d&rsquo;intervenir avant tout blocages, c&rsquo;est ce qui est en train de se passer \u00e0 Bordeaux et sur le p\u00e9riph\u00e9rique \u00e0 Paris, avec plusieurs op\u00e9rations d\u00e9jou\u00e9es et des premi\u00e8res interpellations.<\/p>\n<p>    Partager<\/p>\n","protected":false},"excerpt":{"rendered":"Le point sur les principaux blocages en d\u00e9but de matin\u00e9e La nuit a \u00e9t\u00e9 calme, mais 70 personnes&hellip;\n","protected":false},"author":2,"featured_media":379655,"comment_status":"","ping_status":"","sticky":false,"template":"","format":"standard","meta":{"footnotes":""},"categories":[2816],"tags":[1111,11,898,7551,1777,674,107,1011,27,6151,51302,1272,12,2680,25,2312,800],"class_list":{"0":"post-379654","1":"post","2":"type-post","3":"status-publish","4":"format-standard","5":"has-post-thumbnail","7":"category-toulouse","8":"tag-actu","9":"tag-actualites","10":"tag-alerte","11":"tag-blocage","12":"tag-eu","13":"tag-europe","14":"tag-fil-info","15":"tag-fr","16":"tag-france","17":"tag-greve","18":"tag-greve-du-10-septembre-2025","19":"tag-manifestations","20":"tag-news","21":"tag-occitanie","22":"tag-republique-francaise","23":"tag-toulouse","24":"tag-transports"},"share_on_mastodon":{"url":"https:\/\/pubeurope.com\/@fr\/115178707676524179","error":""},"_links":{"self":[{"href":"https:\/\/www.europesays.com\/fr\/wp-json\/wp\/v2\/posts\/379654","targetHints":{"allow":["GET"]}}],"collection":[{"href":"https:\/\/www.europesays.com\/fr\/wp-json\/wp\/v2\/posts"}],"about":[{"href":"https:\/\/www.europesays.com\/fr\/wp-json\/wp\/v2\/types\/post"}],"author":[{"embeddable":true,"href":"https:\/\/www.europesays.com\/fr\/wp-json\/wp\/v2\/users\/2"}],"replies":[{"embeddable":true,"href":"https:\/\/www.europesays.com\/fr\/wp-json\/wp\/v2\/comments?post=379654"}],"version-history":[{"count":0,"href":"https:\/\/www.europesays.com\/fr\/wp-json\/wp\/v2\/posts\/379654\/revisions"}],"wp:featuredmedia":[{"embeddable":true,"href":"https:\/\/www.europesays.com\/fr\/wp-json\/wp\/v2\/media\/379655"}],"wp:attachment":[{"href":"https:\/\/www.europesays.com\/fr\/wp-json\/wp\/v2\/media?parent=379654"}],"wp:term":[{"taxonomy":"category","embeddable":true,"href":"https:\/\/www.europesays.com\/fr\/wp-json\/wp\/v2\/categories?post=379654"},{"taxonomy":"post_tag","embeddable":true,"href":"https:\/\/www.europesays.com\/fr\/wp-json\/wp\/v2\/tags?post=379654"}],"curies":[{"name":"wp","href":"https:\/\/api.w.org\/{rel}","templated":true}]}}