{"id":379660,"date":"2025-09-10T07:01:13","date_gmt":"2025-09-10T07:01:13","guid":{"rendered":"https:\/\/www.europesays.com\/fr\/379660\/"},"modified":"2025-09-10T07:01:13","modified_gmt":"2025-09-10T07:01:13","slug":"une-centaine-de-manifestants-bloquent-eurolinks-et-filtrent-la-circulation","status":"publish","type":"post","link":"https:\/\/www.europesays.com\/fr\/379660\/","title":{"rendered":"Une centaine de manifestants bloquent Eurolinks et filtrent la circulation"},"content":{"rendered":"<p>Environ 150 manifestants ont quitt\u00e9 peu avant 7 heures, le point de rendez-vous du m\u00e9tro La Rose dans le 13e arrondissement de Marseille, pour rallier <a href=\"https:\/\/www.laprovence.com\/article\/france-monde\/1126192796069515\/gaza-la-societe-darmement-eurolinks-visee-par-une-plainte-pour-complicite-de-crimes-contre-lhumanite\" target=\"_blank\" rel=\"noopener\">Eurolinks<\/a>.<\/p>\n<p>Objectif, emp\u00eacher les employ\u00e9s de prendre leur poste et bloquer les camions venant livrer l\u2019entreprise d\u2019armement, vis\u00e9e en juin dernier par une plainte de la Ligue des Droits de l\u2019Homme (LDH) avec constitution de partie civile. L\u2019entreprise fran\u00e7aise d\u2019armement Eurolinks, qui fabrique des composants pour armes automatiques rue Louis Leprince-Ringuet, dans le quartier de Ch\u00e2teau-Gombert, \u00e0 moins de 2 km du m\u00e9tro La Rose, est dans le collimateur des manifestants, tr\u00e8s majoritairement des jeunes.<\/p>\n<p>Ceux-ci sont d\u00e9cid\u00e9s \u00e0 \u00a0\u00bb rester courtois et polis\u00a0avec les automobilistes comme avec la police \u00ab\u00a0, ont-ils rappel\u00e9 avant d\u2019aller r\u00e9cup\u00e9rer des palettes pour bloquer le rond-point Andr\u00e9 Malraux et filtrer \u00a0\u00bb sans bloquer compl\u00e8tement\u00a0\u00a0\u00bb la circulation.<\/p>\n<p>Casques et boucliers fuchsia<\/p>\n<p>Des palettes qui, \u00e0 peine mont\u00e9es, ont \u00e9t\u00e9 d\u00e9barrass\u00e9es en quelques secondes par les CRS, faisant reculer d\u2019une dizaine de m\u00e8tres les activistes dont quelques-uns sont grim\u00e9s en faux CRS aux casques et boucliers peints en rose fuchsia.<\/p>\n<p>Aux cris de \u00a0\u00bb\u00a0Non au massacre\u00a0\u00a0\u00bb ou \u00a0\u00bb\u00a0Pas pour la guerre\u00a0! Plus d\u2019argent pour les salaires\u00a0! \u00ab\u00a0, les protestataires tractent mollement les automobilistes qu\u2019ils laissent passer au compte-goutte.<\/p>\n","protected":false},"excerpt":{"rendered":"Environ 150 manifestants ont quitt\u00e9 peu avant 7 heures, le point de rendez-vous du m\u00e9tro La Rose dans&hellip;\n","protected":false},"author":2,"featured_media":379661,"comment_status":"","ping_status":"","sticky":false,"template":"","format":"standard","meta":{"footnotes":""},"categories":[2814],"tags":[17,1111,11,23303,10466,1777,28064,674,274,51303,1011,27,10239,884,12,882,25,96],"class_list":{"0":"post-379660","1":"post","2":"type-post","3":"status-publish","4":"format-standard","5":"has-post-thumbnail","7":"category-marseille","8":"tag-17","9":"tag-actu","10":"tag-actualites","11":"tag-bloquent","12":"tag-centaine","13":"tag-eu","14":"tag-eurolinks","15":"tag-europe","16":"tag-faits-divers-justice","17":"tag-filtrent","18":"tag-fr","19":"tag-france","20":"tag-manifestants","21":"tag-marseille","22":"tag-news","23":"tag-provence-alpes-cote-dazur","24":"tag-republique-francaise","25":"tag-une"},"share_on_mastodon":{"url":"https:\/\/pubeurope.com\/@fr\/115178719454751539","error":""},"_links":{"self":[{"href":"https:\/\/www.europesays.com\/fr\/wp-json\/wp\/v2\/posts\/379660","targetHints":{"allow":["GET"]}}],"collection":[{"href":"https:\/\/www.europesays.com\/fr\/wp-json\/wp\/v2\/posts"}],"about":[{"href":"https:\/\/www.europesays.com\/fr\/wp-json\/wp\/v2\/types\/post"}],"author":[{"embeddable":true,"href":"https:\/\/www.europesays.com\/fr\/wp-json\/wp\/v2\/users\/2"}],"replies":[{"embeddable":true,"href":"https:\/\/www.europesays.com\/fr\/wp-json\/wp\/v2\/comments?post=379660"}],"version-history":[{"count":0,"href":"https:\/\/www.europesays.com\/fr\/wp-json\/wp\/v2\/posts\/379660\/revisions"}],"wp:featuredmedia":[{"embeddable":true,"href":"https:\/\/www.europesays.com\/fr\/wp-json\/wp\/v2\/media\/379661"}],"wp:attachment":[{"href":"https:\/\/www.europesays.com\/fr\/wp-json\/wp\/v2\/media?parent=379660"}],"wp:term":[{"taxonomy":"category","embeddable":true,"href":"https:\/\/www.europesays.com\/fr\/wp-json\/wp\/v2\/categories?post=379660"},{"taxonomy":"post_tag","embeddable":true,"href":"https:\/\/www.europesays.com\/fr\/wp-json\/wp\/v2\/tags?post=379660"}],"curies":[{"name":"wp","href":"https:\/\/api.w.org\/{rel}","templated":true}]}}