{"id":379665,"date":"2025-09-10T07:04:15","date_gmt":"2025-09-10T07:04:15","guid":{"rendered":"https:\/\/www.europesays.com\/fr\/379665\/"},"modified":"2025-09-10T07:04:15","modified_gmt":"2025-09-10T07:04:15","slug":"toute-lactualite-de-ce-mercredi-10-septembre-2025-a-lyon","status":"publish","type":"post","link":"https:\/\/www.europesays.com\/fr\/379665\/","title":{"rendered":"Toute l&rsquo;actualit\u00e9 de ce mercredi 10 septembre 2025 \u00e0 Lyon"},"content":{"rendered":"<p>A la une de l\u2019info \u00e0 Lyon : le mouvement \u00ab Indignons nous ! Bloquons tout ! \u00bb, 1 300 policiers et gendarmes mobilis\u00e9s, nouvelle manifestation pour la \u00ab\u00a0fermeture du zoo de la T\u00eate d\u2019Or\u00a0\u00bb, le nouveau coll\u00e8ge Katia Krafft \u00e0 V\u00e9nissieux, Journ\u00e9es du patrimoine : la CGT invite le public, Jean-Michel Aulas annoncerait sa candidature le 26 septembre, le Centre Georges Pompidou partenaire de la Biennale de la Danse, le Festival Lumi\u00e8re annonce la couleur\u2026<\/p>\n<p>ECOUTEZ LE 1\/4H LYONNAIS\u2026 Toute l\u2019actualit\u00e9 de ce mercredi 10 septembre 2025<\/p>\n<p>LE 1\/4H LYONNAIS | mercredi 10 septembre 2025<\/p>\n<p>Le mouvement <strong>\u00ab Indignons nous ! Bloquons tout ! \u00bb<\/strong>\u00a0: des dizaines d\u2019actions pr\u00e9vues partout dans le d\u00e9partement.\u00a0<\/p>\n<p>\u00c0 la <strong><a href=\"https:\/\/www.sncf-connect.com\/trafficInfo\" target=\"_blank\" rel=\"noreferrer noopener nofollow\">SNCF<\/a><\/strong>, Sud Rail et CGT cheminots ont appel\u00e9 \u00e0 la mobilisation. Les r\u00e9percussions toucheront surtout les <strong>TER<\/strong>.<\/p>\n<p>Le r\u00e9seau <strong><a href=\"https:\/\/www.tcl.fr\/\" target=\"_blank\" rel=\"noreferrer noopener nofollow\">TCL<\/a><\/strong> pourrait \u00eatre perturb\u00e9 en cas de manifestations. Mais pas de pr\u00e9avis de gr\u00e8ve officielle pour cette journ\u00e9e<\/p>\n<p>La pr\u00e9sidence de l\u2019<strong>universit\u00e9 Lyon 2<\/strong> a indiqu\u00e9 que l\u2019ensemble de ses campus fermeraient leurs portes ce mercredi. Les cours seront report\u00e9s ou donn\u00e9s \u00e0 distance<\/p>\n<p>1 300 <strong>policiers et gendarmes<\/strong> seront mobilis\u00e9s dans le d\u00e9partement, 7 000 au niveau de la r\u00e9gion.\u00a0Avec des <strong>h\u00e9licopt\u00e8res, drones, engins lanceurs d\u2019eau et autres Centaures<\/strong>\u2026<\/p>\n<p>Ecoutez aussi : <a href=\"https:\/\/www.lyondemain.fr\/ecole-jules-ferry-cour-vegetalisee\/\" target=\"_blank\" rel=\"noreferrer noopener nofollow\">Villeurbanne : l\u2019\u00e9cole Jules Ferry inaugure sa cour v\u00e9g\u00e9talis\u00e9e<\/a><\/p>\n<p>Egalement dans l\u2019actualit\u00e9 de ce mercredi 10 septembre<\/p>\n<p>L\u2019<strong>association de d\u00e9fense animale <a href=\"https:\/\/zoopolis.fr\/\" target=\"_blank\" rel=\"noreferrer noopener nofollow\">PAZ<\/a><\/strong> manifestera samedi devant l\u2019H\u00f4tel de Ville de Lyon pour la \u00ab\u00a0<strong>fermeture du zoo de la T\u00eate d\u2019Or<\/strong> et pour le <strong>placement en sanctuaire des animaux<\/strong>.\u00a0\u00bb<\/p>\n<p>\u00c0 <strong>V\u00e9nissieux<\/strong>, un <strong>nouveau coll\u00e8ge<\/strong> vient d\u2019ouvrir ses portes pour cette rentr\u00e9e. Un \u00e9tablissement attendu, qui symbolise \u00e0 la fois le renouvellement du paysage scolaire et les d\u00e9fis de l\u2019\u00e9ducation dans le territoire. Un reportage de <strong>Paul MARS<\/strong><\/p>\n<p>Nos invit\u00e9s : <strong>Arnaud Leclerc<\/strong> nomm\u00e9 <strong>directeur acad\u00e9mique des services de l\u2019\u00c9ducation nationale<\/strong> (DASEN) du Rh\u00f4ne <strong>Mich\u00e8le Picard<\/strong>, maire de <strong>V\u00e9nissieux<\/strong>, <strong>Yan Beretta<\/strong>, l\u2019<strong>architecte<\/strong> du coll\u00e8ge, <strong>Fakhri<\/strong>, parent d\u2019une \u00e9l\u00e8ve de 6\u00e8me<\/p>\n<p><strong>Jean-Michel Aulas<\/strong> annoncerait sa candidature aux municipales le 26 septembre prochain, lors d\u2019un meeting\u2026<\/p>\n<p><strong>Journ\u00e9es du patrimoine<\/strong>, la <strong>CGT <\/strong>invite le public \u00e0 venir visiter ses locaux \u00e0 Villeurbanne, Vaulx-en-Velin, Saint-Priest et \u00e0 Lyon (<strong>Bourse du Travail<\/strong>)<\/p>\n<p>La <strong>Biennale de la Danse<\/strong> officiellement lanc\u00e9e dimanche avec le traditionnel d\u00e9fil\u00e9 en presqu\u2019\u00eele. Mais l\u2019\u00e9v\u00e9nement se poursuit jusqu\u2019\u00e0 la fin du mois. En particulier \u00e0 la <strong>cit\u00e9 Internationale de la gastronomie<\/strong><\/p>\n<p><strong>Gaele Beaussier<\/strong> a rencontr\u00e9\u00a0<strong>Chlo\u00e9 Siganos<\/strong>, responsable des spectacles vivants pour le <strong>Centre Georges Pompidou<\/strong> partenaire de la biennale de Lyon cette ann\u00e9e<\/p>\n<p>130 ans de l\u2019invention du <strong>cin\u00e9ma<\/strong> par les fr\u00e8res Lumi\u00e8re :le <strong>festival Lumi\u00e8re<\/strong> programm\u00e9 du 11 au 19 octobre promet d\u2019\u00eatre \u00e0 la hauteur<\/p>\n<p>Ecoutez aussi : <a href=\"https:\/\/www.lyondemain.fr\/actualite-de-ce-mardi-9-septembre-lyon-info-remi-camus-pfas-rhone\/\" target=\"_blank\" rel=\"noreferrer noopener nofollow\">Toute l\u2019actualit\u00e9 de ce mardi 9 septembre 2025 \u00e0 Lyon<\/a><\/p>\n<p><img fetchpriority=\"high\" decoding=\"async\" width=\"1200\" height=\"675\" src=\"https:\/\/www.europesays.com\/fr\/wp-content\/uploads\/2025\/09\/actualite-de-ce-mercredi-10-septembre-2025.jpg\" alt=\"actualit\u00e9 de ce mercredi 10 septembre 2025 info \u00e0 Lyon\" class=\"wp-image-251435\"  \/>Retrouvez aussi le Quart d\u2019Heure Lyonnais de Lyon Demain sur les antennes de Radio Pluriel (Lyon). Radio Salam (Lyon, Saint-Etienne et Bourg) et Radio Arm\u00e9nie (Lyon et Vienne)<br \/>\nJ\u2019aime \u00e7a\u00a0:<\/p>\n<p>J\u2019aime chargement\u2026<\/p>\n<p><a class=\"sd-link-color\"\/><\/p>\n<p>\n\tArticles similaires\n<\/p>\n<p>\t\t\t\t<img decoding=\"async\" src=\"https:\/\/www.europesays.com\/fr\/wp-content\/uploads\/2025\/09\/1757487855_491_7866158698e17e8ed633c05e8f8e7fe5d9e057ad78661c4dc34e413abb6b9f19\" alt=\"G\u00e9rald Bouchon\"\/><\/p>\n<p>Pionnier des radios libres, passionn\u00e9 de radio, journaliste et dirigeant de m\u00e9dias \u00e9co-responsables..<\/p>\n","protected":false},"excerpt":{"rendered":"A la une de l\u2019info \u00e0 Lyon : le mouvement \u00ab Indignons nous ! Bloquons tout ! \u00bb,&hellip;\n","protected":false},"author":2,"featured_media":379666,"comment_status":"","ping_status":"","sticky":false,"template":"","format":"standard","meta":{"footnotes":""},"categories":[1889],"tags":[1111,11,14941,2430,24843,7551,47212,51304,3401,1271,1124,51305,1777,674,34755,1011,27,47275,2428,6795,2088,12,13760,30474,6890,25,12592,2215,10213,6472,29496,4375,51306],"class_list":{"0":"post-379665","1":"post","2":"type-post","3":"status-publish","4":"format-standard","5":"has-post-thumbnail","7":"category-lyon","8":"tag-actu","9":"tag-actualites","10":"tag-aulas","11":"tag-auvergne-rhone-alpes","12":"tag-biennale-de-la-danse","13":"tag-blocage","14":"tag-bloquons-tout","15":"tag-bourse-du-travail","16":"tag-centre-georges-pompidou","17":"tag-cgt","18":"tag-college","19":"tag-college-katia-krafft","20":"tag-eu","21":"tag-europe","22":"tag-festival-lumiere","23":"tag-fr","24":"tag-france","25":"tag-journees-europeennes-du-patrimoine","26":"tag-lyon","27":"tag-maltraitance-animale","28":"tag-manifestation","29":"tag-news","30":"tag-parc-de-la-tete-dor","31":"tag-paz","32":"tag-policiers","33":"tag-republique-francaise","34":"tag-saint-fons","35":"tag-sncf","36":"tag-tcl","37":"tag-ter","38":"tag-universite-lyon-2","39":"tag-venissieux","40":"tag-zoo-de-lyon"},"share_on_mastodon":{"url":"https:\/\/pubeurope.com\/@fr\/115178731222628671","error":""},"_links":{"self":[{"href":"https:\/\/www.europesays.com\/fr\/wp-json\/wp\/v2\/posts\/379665","targetHints":{"allow":["GET"]}}],"collection":[{"href":"https:\/\/www.europesays.com\/fr\/wp-json\/wp\/v2\/posts"}],"about":[{"href":"https:\/\/www.europesays.com\/fr\/wp-json\/wp\/v2\/types\/post"}],"author":[{"embeddable":true,"href":"https:\/\/www.europesays.com\/fr\/wp-json\/wp\/v2\/users\/2"}],"replies":[{"embeddable":true,"href":"https:\/\/www.europesays.com\/fr\/wp-json\/wp\/v2\/comments?post=379665"}],"version-history":[{"count":0,"href":"https:\/\/www.europesays.com\/fr\/wp-json\/wp\/v2\/posts\/379665\/revisions"}],"wp:featuredmedia":[{"embeddable":true,"href":"https:\/\/www.europesays.com\/fr\/wp-json\/wp\/v2\/media\/379666"}],"wp:attachment":[{"href":"https:\/\/www.europesays.com\/fr\/wp-json\/wp\/v2\/media?parent=379665"}],"wp:term":[{"taxonomy":"category","embeddable":true,"href":"https:\/\/www.europesays.com\/fr\/wp-json\/wp\/v2\/categories?post=379665"},{"taxonomy":"post_tag","embeddable":true,"href":"https:\/\/www.europesays.com\/fr\/wp-json\/wp\/v2\/tags?post=379665"}],"curies":[{"name":"wp","href":"https:\/\/api.w.org\/{rel}","templated":true}]}}