{"id":379667,"date":"2025-09-10T07:05:10","date_gmt":"2025-09-10T07:05:10","guid":{"rendered":"https:\/\/www.europesays.com\/fr\/379667\/"},"modified":"2025-09-10T07:05:10","modified_gmt":"2025-09-10T07:05:10","slug":"le-marche-immobilier-marque-le-pas-en-ile-de-france","status":"publish","type":"post","link":"https:\/\/www.europesays.com\/fr\/379667\/","title":{"rendered":"Le march\u00e9 immobilier marque le pas en Ile-de-France"},"content":{"rendered":"<p>En Ile-de-France, selon les Notaires\u00a0du Grand Paris, la hausse des volumes de ventes des logements anciens au 2e trimestre 2025 reste timide (+3%). L\u2019activit\u00e9 sur 12 mois est toujours inf\u00e9rieure \u00e0 120 000 transactions depuis un an et demi, signe d\u2019un march\u00e9 durablement ralenti.<\/p>\n<p>La dynamique reste contrast\u00e9e selon les territoires : Paris enregistre une chute de 12% des volumes de ventes, tandis que la Grande Couronne se d\u00e9marque par une hausse de 10%. C\u00f4t\u00e9 prix, la stabilisation amorc\u00e9e pr\u00e9c\u00e9demment se confirme : les prix des appartements restent stables et la baisse sur les maisons est d\u00e9sormais tr\u00e8s l\u00e9g\u00e8re. Des hausses mod\u00e9r\u00e9es de prix sont attendues d\u2019ici octobre.<\/p>\n<p>Les conditions de financement se sont am\u00e9lior\u00e9es en d\u00e9but d\u2019ann\u00e9e mais le risque de nouvelles hausses de taux dans un contexte politique instable pourrait freiner davantage une dynamique encore fragile. Les perspectives restent donc incertaines : peu de progression de l\u2019activit\u00e9 anticip\u00e9e pour les prochains mois, une potentielle l\u00e9g\u00e8re hausse des prix, un march\u00e9 locatif de plus en plus tendu et un acc\u00e8s \u00e0 la propri\u00e9t\u00e9 toujours limit\u00e9.<\/p>\n<p>Un d\u00e9but d\u2019ann\u00e9e en demi-teinte avec une faible progression des volumes de ventes<\/p>\n<p>Apr\u00e8s un premier trimestre dont les volumes de ventes ont \u00e9t\u00e9 dynamis\u00e9s par l\u2019anticipation de l\u2019augmentation des droits de mutation dans certains d\u00e9partements, l\u2019activit\u00e9 du march\u00e9 francilien global au second trimestre ne progresse plus que de 3% sur un an, avec 28 740 transactions. Une pouss\u00e9e timide car le volume annuel de 117 930 ventes \u00e0 fin juin, bien qu\u2019en augmentation de 5% sur un an, reste inf\u00e9rieur \u00e0 120 000 depuis 6 trimestres cons\u00e9cutifs, comparable au creux de 2009 observ\u00e9 durant 4 trimestres. La dynamique des ventes, faiblement positive en avril (+2% de ventes sur un an) et n\u00e9gative en mai (-8% sur un an) a toutefois \u00e9t\u00e9 beaucoup plus soutenue en juin (+12% sur un an), laissant augurer une activit\u00e9 pour le mois de juillet au moins \u00e9quivalente.<\/p>\n<p>Au 2e trimestre 2025, le march\u00e9 des ventes d\u2019appartements est rest\u00e9 stable par rapport au 2e trimestre 2024 sur l\u2019ensemble de la r\u00e9gion Ile-de-France mais \u00e0 un faible niveau, avec des disparit\u00e9s selon les secteurs g\u00e9ographiques : l\u2019activit\u00e9 \u00e0 Paris est en retrait de 12% sur un an, tandis que celles de la Petite Couronne et la Grande Couronne ont augment\u00e9 respectivement de 4% et 7%. Les \u00e9carts sont cependant importants selon les d\u00e9partements : de -1% en Seine-Saint-Denis \u00e0 +12% en Seine-et-Marne, illustrant l\u2019h\u00e9t\u00e9rog\u00e9n\u00e9it\u00e9 des march\u00e9s franciliens.<\/p>\n<p>Sur l\u2019ensemble de la r\u00e9gion, le march\u00e9 de la maison individuelle a retrouv\u00e9 des couleurs, avec une augmentation du nombre de ventes de 12% sur un an, aussi bien en Petite Couronne \u00e0 +7% qu\u2019en Grande Couronne \u00e0 +14%, le march\u00e9 le plus dynamique ce trimestre. A l\u2019exception de la Seine-Saint-Denis (-4% sur un an), tous les autres d\u00e9partements voient leur volume de ventes de maisons progresser.<\/p>\n<p>La stabilisation des prix se confirme partout en Ile-de-France<\/p>\n<p>La tendance \u00e0 la stagnation observ\u00e9e au trimestre pr\u00e9c\u00e9dent se prolonge au 2e trimestre. Les variations de prix sont d\u00e9sormais tr\u00e8s faibles sur l\u2019ensemble des march\u00e9s alors que les volumes de ventes restent \u00e0 un niveau bas. Sur un an, comme au trimestre pr\u00e9c\u00e9dent, les prix des appartements franciliens \u00e9voluent peu (+0,1%) ; quant aux maisons, la baisse est d\u00e9sormais tr\u00e8s limit\u00e9e \u00e0 0,8%. Le mouvement observ\u00e9 est le m\u00eame \u00e0 Paris o\u00f9 le prix au m\u00b2 des appartements se maintient depuis pr\u00e8s d\u2019un an et demi autour de 9 500 \u20ac. M\u00eame si les \u00e9volutions y sont h\u00e9t\u00e9rog\u00e8nes suivant les arrondissements, les baisses sur un an sont plus fortes dans les arrondissements aux prix les plus \u00e9lev\u00e9s.<\/p>\n<p>D\u2019apr\u00e8s les indicateurs avanc\u00e9s sur les avant-contrats, cette phase de stagnation pourrait laisser la place \u00e0 une hausse mod\u00e9r\u00e9e d\u2019ici octobre : sur trois mois, les prix augmenteraient de fa\u00e7on limit\u00e9e pour les appartements \u00e0 +0,6% et de fa\u00e7on un peu plus marqu\u00e9e \u00e0 +3,5% pour les maisons. Cette \u00e9volution positive concernerait l\u2019ensemble des d\u00e9partements franciliens.<\/p>\n<p>Cette croissance limit\u00e9e des prix se r\u00e9percuterait aussi sur les variations annuelles qui redeviendraient positives, avec des progressions attendues en octobre de +1,9% pour les appartements et de +2,9% pour les maisons en Ile-de-France.<\/p>\n<p>Dans Paris, dans la lign\u00e9e des \u00e9volutions anticip\u00e9es pour l\u2019ensemble de l\u2019Ile-de-France, le prix au m2 des appartements s\u2019orienterait \u00e9galement en l\u00e9g\u00e8re hausse pour s\u2019\u00e9tablir \u00e0 9 650 \u20ac en octobre 2025 (+1,8% en un an).<\/p>\n<p>Peu de signaux d\u2019am\u00e9lioration pour les mois \u00e0 venir<\/p>\n<p>Si les premiers mois de l\u2019ann\u00e9e ont permis de redonner de la solvabilit\u00e9 aux m\u00e9nages et un peu d\u2019air \u00e0 l\u2019activit\u00e9, la dynamique du march\u00e9 pourrait se gripper \u00e0 nouveau, d\u2019autant que les corrections sur les prix sont d\u00e9sormais tr\u00e8s mod\u00e9r\u00e9es et que des hausses sont anticip\u00e9es d\u2019ici octobre. Le volume limit\u00e9 des ventes complique la lisibilit\u00e9 du march\u00e9 et les anticipations pour les prochains mois. Pour autant, le maintien des ventes \u00e0 un niveau bas interroge : le rythme actuel pourrait-il constituer la nouvelle norme pour les ann\u00e9es \u00e0 venir ?<\/p>\n<p>Cette inertie du march\u00e9 de l\u2019ancien contribue par ailleurs \u00e0 g\u00e9n\u00e9rer des situations de blocage dans les parcours r\u00e9sidentiels : l\u2019accession \u00e0 la propri\u00e9t\u00e9 n\u2019est possible que pour un nombre toujours r\u00e9duit de m\u00e9nages, ce qui allonge la dur\u00e9e d\u2019occupation des logements lou\u00e9s et accentue le manque d\u2019offre de logements disponibles dans un march\u00e9 locatif d\u00e9j\u00e0 en forte tension, dans un contexte o\u00f9 le march\u00e9 du neuf reste \u00e0 l\u2019arr\u00eat.<\/p>\n<p>La stabilisation des taux de cr\u00e9dits \u00e0 l\u2019habitat observ\u00e9e au second trimestre n\u2019a pas permis de passer sous le seuil des 3%, et le climat d\u2019instabilit\u00e9 politique pourrait conduire \u00e0 de nouvelles hausses de taux qui mettraient de nouveau \u00e0 mal la solvabilit\u00e9 des m\u00e9nages et pourrait reporter en cons\u00e9quence la reprise du march\u00e9.<\/p>\n<p>\n                Rejoignez la communaut\u00e9 MySweet\n            <\/p>\n<p>\t\tCoucou, c&rsquo;est nous&#8230; les sweet Cookies ! \ud83c\udf6a<\/p>\n<p>\u00a0<\/p>\n<p>On adore que vous soyez gourmand de nos contenus. Mais pour rendre votre visite encore plus sweet, on aimerait vous accompagner avec quelques cookies \u2014 promis, ils sont sans calories. \u00c7a vous dit ?<\/p>\n<p>\u00a0<\/p>\n<p>Vous vous demandez pourquoi on vous sert des cookies\u00a0? \ud83c\udf6a<\/p>\n<p>\u00a0<\/p>\n<p>Compter nos visiteurs, c&rsquo;est important !<\/p>\n<p>C\u2019est simple : on veut rendre votre exp\u00e9rience ici aussi sweet que nos contenus. Les cookies nous aident \u00e0 compter vos visites pour mieux comprendre vos pr\u00e9f\u00e9rences, \u00e0 vous chouchouter en vous proposant ce que vous aimez, et \u00e0 vous assurer de ne rien manquer. Et ne vous inqui\u00e9tez pas, ils sont toujours sans calories !<\/p>\n<p>\n\t\t\t\t\tLe stockage ou l&rsquo;acc\u00e8s technique est strictement n\u00e9cessaire \u00e0 la finalit\u00e9 l\u00e9gitime de permettre l&rsquo;utilisation d&rsquo;un service sp\u00e9cifique explicitement demand\u00e9 par l&rsquo;abonn\u00e9 ou l&rsquo;utilisateur, ou aux seules fins d&rsquo;effectuer la transmission d&rsquo;une communication sur un r\u00e9seau de communications \u00e9lectroniques.\n\t\t\t\t<\/p>\n<p>\n\t\t\t\t\tThe technical storage or access is necessary for the legitimate purpose of storing preferences that are not requested by the subscriber or user.\n\t\t\t\t<\/p>\n<p>\n\t\t\t\t\tThe technical storage or access that is used exclusively for statistical purposes.<br \/>\n\t\t\t\t\tLe stockage technique ou l&rsquo;acc\u00e8s utilis\u00e9 exclusivement \u00e0 des fins statistiques anonymes. Sans assignation \u00e0 compara\u00eetre, conformit\u00e9 volontaire de la part de votre fournisseur de services Internet ou enregistrements suppl\u00e9mentaires provenant d&rsquo;un tiers, les informations stock\u00e9es ou r\u00e9cup\u00e9r\u00e9es \u00e0 cette seule fin ne peuvent g\u00e9n\u00e9ralement pas \u00eatre utilis\u00e9es pour vous identifier.\n\t\t\t\t<\/p>\n<p>\n\t\t\t\t\tLe stockage ou l&rsquo;acc\u00e8s technique est n\u00e9cessaire pour cr\u00e9er des profils d&rsquo;utilisateur afin d&rsquo;envoyer de la publicit\u00e9 ou pour suivre l&rsquo;utilisateur sur un site Web ou sur plusieurs sites Web \u00e0 des fins de marketing similaires.\n\t\t\t\t<\/p>\n<p>Param\u00e9trez vos consentements<\/p>\n<p>Nous utilisons des cookies pour vous garantir la meilleure exp\u00e9rience sur notre site web. Si vous continuez \u00e0 utiliser ce site, nous supposerons que vous en \u00eates satisfait.OK<\/p>\n","protected":false},"excerpt":{"rendered":"En Ile-de-France, selon les Notaires\u00a0du Grand Paris, la hausse des volumes de ventes des logements anciens au 2e&hellip;\n","protected":false},"author":2,"featured_media":379668,"comment_status":"","ping_status":"","sticky":false,"template":"","format":"standard","meta":{"footnotes":""},"categories":[1592],"tags":[1111,11,1777,674,1011,27,662,12,626,25],"class_list":{"0":"post-379667","1":"post","2":"type-post","3":"status-publish","4":"format-standard","5":"has-post-thumbnail","7":"category-ile-de-france","8":"tag-actu","9":"tag-actualites","10":"tag-eu","11":"tag-europe","12":"tag-fr","13":"tag-france","14":"tag-ile-de-france","15":"tag-news","16":"tag-paris","17":"tag-republique-francaise"},"share_on_mastodon":{"url":"https:\/\/pubeurope.com\/@fr\/115178735111573757","error":""},"_links":{"self":[{"href":"https:\/\/www.europesays.com\/fr\/wp-json\/wp\/v2\/posts\/379667","targetHints":{"allow":["GET"]}}],"collection":[{"href":"https:\/\/www.europesays.com\/fr\/wp-json\/wp\/v2\/posts"}],"about":[{"href":"https:\/\/www.europesays.com\/fr\/wp-json\/wp\/v2\/types\/post"}],"author":[{"embeddable":true,"href":"https:\/\/www.europesays.com\/fr\/wp-json\/wp\/v2\/users\/2"}],"replies":[{"embeddable":true,"href":"https:\/\/www.europesays.com\/fr\/wp-json\/wp\/v2\/comments?post=379667"}],"version-history":[{"count":0,"href":"https:\/\/www.europesays.com\/fr\/wp-json\/wp\/v2\/posts\/379667\/revisions"}],"wp:featuredmedia":[{"embeddable":true,"href":"https:\/\/www.europesays.com\/fr\/wp-json\/wp\/v2\/media\/379668"}],"wp:attachment":[{"href":"https:\/\/www.europesays.com\/fr\/wp-json\/wp\/v2\/media?parent=379667"}],"wp:term":[{"taxonomy":"category","embeddable":true,"href":"https:\/\/www.europesays.com\/fr\/wp-json\/wp\/v2\/categories?post=379667"},{"taxonomy":"post_tag","embeddable":true,"href":"https:\/\/www.europesays.com\/fr\/wp-json\/wp\/v2\/tags?post=379667"}],"curies":[{"name":"wp","href":"https:\/\/api.w.org\/{rel}","templated":true}]}}