{"id":379669,"date":"2025-09-10T07:06:10","date_gmt":"2025-09-10T07:06:10","guid":{"rendered":"https:\/\/www.europesays.com\/fr\/379669\/"},"modified":"2025-09-10T07:06:10","modified_gmt":"2025-09-10T07:06:10","slug":"cci-essonne-la-rentree-economique-approche","status":"publish","type":"post","link":"https:\/\/www.europesays.com\/fr\/379669\/","title":{"rendered":"CCI Essonne : La rentr\u00e9e \u00e9conomique approche"},"content":{"rendered":"<p><img loading=\"lazy\" decoding=\"async\" alt=\"Patrick Rakotoson, pr\u00e9sident de la CCI Essonne, ouvrira les d\u00e9bats.\" data-zoom-src=\"https:\/\/www.europesays.com\/fr\/wp-content\/uploads\/2025\/09\/initial-p-rakotoson-president-cci-essonne.jpg\" data-zoomable=\"\" height=\"702\" src=\"https:\/\/www.europesays.com\/fr\/wp-content\/uploads\/2025\/09\/initial-p-rakotoson-president-cci-essonne.jpg\" width=\"1248\"\/>  <\/p>\n<p class=\"article-desc\">Patrick Rakotoson, pr\u00e9sident de la CCI Essonne, ouvrira les d\u00e9bats. <\/p>\n<p>La \u201c<strong>Rentr\u00e9e \u00e9conomique<\/strong>\u201d revient le lundi 15 septembre \u00e0 la <strong>CCI Essonne<\/strong>, \u00e0 <strong>\u00c9vry-Courcouronnes<\/strong>, de 18h \u00e0 19h30. Ce rendez-vous, qui rassemble chaque ann\u00e9e pr\u00e8s de 400 participants, propose un temps d\u2019analyse de la conjoncture suivi d\u2019un d\u00e9bat autour d\u2019un enjeu majeur pour le monde \u00e9conomique.\u00a0 <\/p>\n<p> Un \u00e9tat des lieux par \u00c9ric Heyer, \u00e9conomiste <\/p>\n<p>Apr\u00e8s une introduction de <strong>Patrick Rakotoson<\/strong>, pr\u00e9sident de la <a href=\"https:\/\/mesinfos.fr\/91000-evry\/agir-au-feminin-prochain-evenement-de-la-cci-essonne-autour-de-l-entrepreneuriat-feminin-222363.html\" rel=\"noopener\" target=\"_blank\">CCI Essonne<\/a>, l\u2019\u00e9conomiste <strong>\u00c9ric Heyer<\/strong> dressera un \u00e9tat des lieux de la situation actuelle, marqu\u00e9e par l\u2019inflation persistante, les tensions commerciales, les incertitudes li\u00e9es \u00e0 l\u2019essor de l\u2019intelligence artificielle ou encore les d\u00e9fis du financement de la transition \u00e9cologique.\u00a0 <\/p>\n<p>La r\u00e9flexion se poursuivra avec la table-ronde \u201cLes entreprises ne vont pas sauver le climat : entre d\u00e9carbonation et durabilit\u00e9 du mod\u00e8le \u00e9conomique\u201d. Ces \u00e9changes, anim\u00e9s par la journaliste \u00c9milie Zapalski, r\u00e9uniront notamment<strong> C\u00e9dric Ringenbach<\/strong>, fondateur de la <strong>Fresque du Climat<\/strong>, afin d\u2019interroger les limites de l\u2019action des entreprises face \u00e0 l\u2019urgence climatique et les conditions d\u2019une performance durable. La soir\u00e9e se conclura par un cocktail et un moment de r\u00e9seautage.<\/p>\n","protected":false},"excerpt":{"rendered":"Patrick Rakotoson, pr\u00e9sident de la CCI Essonne, ouvrira les d\u00e9bats. La \u201cRentr\u00e9e \u00e9conomique\u201d revient le lundi 15 septembre&hellip;\n","protected":false},"author":2,"featured_media":379670,"comment_status":"","ping_status":"","sticky":false,"template":"","format":"standard","meta":{"footnotes":""},"categories":[1592],"tags":[1111,11,14179,1777,674,1011,27,662,12,626,25],"class_list":{"0":"post-379669","1":"post","2":"type-post","3":"status-publish","4":"format-standard","5":"has-post-thumbnail","7":"category-ile-de-france","8":"tag-actu","9":"tag-actualites","10":"tag-cci","11":"tag-eu","12":"tag-europe","13":"tag-fr","14":"tag-france","15":"tag-ile-de-france","16":"tag-news","17":"tag-paris","18":"tag-republique-francaise"},"share_on_mastodon":{"url":"https:\/\/pubeurope.com\/@fr\/115178739384724989","error":""},"_links":{"self":[{"href":"https:\/\/www.europesays.com\/fr\/wp-json\/wp\/v2\/posts\/379669","targetHints":{"allow":["GET"]}}],"collection":[{"href":"https:\/\/www.europesays.com\/fr\/wp-json\/wp\/v2\/posts"}],"about":[{"href":"https:\/\/www.europesays.com\/fr\/wp-json\/wp\/v2\/types\/post"}],"author":[{"embeddable":true,"href":"https:\/\/www.europesays.com\/fr\/wp-json\/wp\/v2\/users\/2"}],"replies":[{"embeddable":true,"href":"https:\/\/www.europesays.com\/fr\/wp-json\/wp\/v2\/comments?post=379669"}],"version-history":[{"count":0,"href":"https:\/\/www.europesays.com\/fr\/wp-json\/wp\/v2\/posts\/379669\/revisions"}],"wp:featuredmedia":[{"embeddable":true,"href":"https:\/\/www.europesays.com\/fr\/wp-json\/wp\/v2\/media\/379670"}],"wp:attachment":[{"href":"https:\/\/www.europesays.com\/fr\/wp-json\/wp\/v2\/media?parent=379669"}],"wp:term":[{"taxonomy":"category","embeddable":true,"href":"https:\/\/www.europesays.com\/fr\/wp-json\/wp\/v2\/categories?post=379669"},{"taxonomy":"post_tag","embeddable":true,"href":"https:\/\/www.europesays.com\/fr\/wp-json\/wp\/v2\/tags?post=379669"}],"curies":[{"name":"wp","href":"https:\/\/api.w.org\/{rel}","templated":true}]}}