{"id":379671,"date":"2025-09-10T07:07:16","date_gmt":"2025-09-10T07:07:16","guid":{"rendered":"https:\/\/www.europesays.com\/fr\/379671\/"},"modified":"2025-09-10T07:07:16","modified_gmt":"2025-09-10T07:07:16","slug":"direct-mouvement-du-10-septembre-paris-caen-bordeaux-environ-3000-manifestants-et-deja-des-dizaines-dinterpellations","status":"publish","type":"post","link":"https:\/\/www.europesays.com\/fr\/379671\/","title":{"rendered":"DIRECT. Mouvement du 10 septembre : Paris, Caen, Bordeaux&#8230; environ 3000 manifestants et d\u00e9j\u00e0 des dizaines d&rsquo;interpellations"},"content":{"rendered":"<p>08:59<\/p>\n<p>Rien \u00e0 signaler sur les Champs-\u00c9lys\u00e9es<\/p>\n<p>\u00c0 8h30, rien \u00e0 signaler sur les Champs-\u00c9lys\u00e9es si ce n\u2019est une pr\u00e9sence polici\u00e8re sur le haut de l\u2019avenue et des boutiques qui, par pr\u00e9caution, ont pr\u00e9f\u00e9r\u00e9 se barricader. C\u2019est notamment le cas du Foot Locker qui avait \u00e9t\u00e9 d\u00e9grad\u00e9 et pill\u00e9 le soir de la victoire du PSG en Ligue des Champions. Chanel aussi, dont la vitrine avait \u00e9t\u00e9 bien ab\u00eem\u00e9e, s\u2019est prot\u00e9g\u00e9e. On parle seulement d\u2019une poign\u00e9e de boutiques sur l\u2019ensemble de l\u2019art\u00e8re.<\/p>\n<p><img decoding=\"async\" src=\"https:\/\/www.europesays.com\/fr\/wp-content\/uploads\/2025\/09\/N7FADUS3GJCQNHIIGD7JFQ2TG4.jpg\"\/>LP \/ Paul Abran<\/p>\n<p>08:59<\/p>\n<p>80 mouvements, 16 blocages, 3 000 manifestants<\/p>\n<p>Nouveau point sur la situation. A 8h30 la pr\u00e9fecture de police identifiait 80 mouvements, 16 blocages ou filtrages routes et ronds points parmi lesquels l&rsquo;A10 qui a \u00e9t\u00e9 d\u00e9bloqu\u00e9e depuis. Enfin elle comptabilisait d\u00e9j\u00e0 3 000 manifestants dans les rues.<\/p>\n<p>08:54<\/p>\n<p>Le p\u00e9age de Poitiers d\u00e9bloqu\u00e9, deux interpellations<\/p>\n<p>Selon une source polici\u00e8re au Parisien, environ 300 personnes se sont r\u00e9unies ce matin sur le rond-point qui dessert le p\u00e9age de Poitiers Sud (Vienne). Une cinquantaine ont tent\u00e9 de d\u00e9grader les cabines du p\u00e9age. Une trentaine de gendarmes \u00e9taient pr\u00e9sents sur place pour d\u00e9loger les manifestants.\u00a0<\/p>\n<p>Le p\u00e9age a \u00e9t\u00e9 d\u00e9bloqu\u00e9 aux alentours de 8h20, deux personnes ont \u00e9t\u00e9 interpell\u00e9es.<\/p>\n<p><img decoding=\"async\" src=\"https:\/\/www.europesays.com\/fr\/wp-content\/uploads\/2025\/09\/SMWNTQL3ENCPFKPL3QXTRWS3UA.png\"\/>Gendarmerie nationale<\/p>\n<p>Le mouvement grandi autour des lyc\u00e9es Parisiens<\/p>\n<p>Plusieurs lyc\u00e9es parisiens font l&rsquo;objet d&rsquo;un blocage par des \u00e9l\u00e8ves ce matin. C&rsquo;est notamment le cas \u00e0 Claude Monnet dans le XIIIe arrondissement ou quelques dizaines d\u2019\u00e9l\u00e8ves ont rassembl\u00e9 des poubelles devant les deux entr\u00e9es de l\u2019\u00e9tablissement et accroch\u00e9 une banderole \u00ab stop r\u00e9pression vive le mouvement lyc\u00e9en \u00bb sur les grilles.\u00a0\u00a0<\/p>\n<blockquote class=\"twitter-tweet\" align=\"center\">\n<p lang=\"fr\" dir=\"ltr\">Le lyc\u00e9e Claude Monet (Paris 13)  est bloqu\u00e9 ce mercredi 10 septembre. Quelques dizaines d\u2019\u00e9l\u00e8ves ont rassembl\u00e9 des poubelles t\u00f4t ce matin devant les deux entr\u00e9es de l\u2019\u00e9tablissement et accroch\u00e9 une banderole \u00ab\u00a0stop r\u00e9pression vive le mouvement lyc\u00e9en\u00a0\u00bb sur les grilles. <a href=\"https:\/\/twitter.com\/Le_Figaro?ref_src=twsrc%5Etfw\" target=\"_blank\" rel=\"noopener\">@Le_Figaro<\/a> <a href=\"https:\/\/t.co\/0jWWzrTpCw\">pic.twitter.com\/0jWWzrTpCw<\/a><\/p>\n<p>\u2014 Paul-Henri Wallet (@phwallet) <a href=\"https:\/\/twitter.com\/phwallet\/status\/1965659701456363797?ref_src=twsrc%5Etfw\" target=\"_blank\" rel=\"noopener\">September 10, 2025<\/a><\/p><\/blockquote>\n<p>08:51<\/p>\n<p>Des policiers jusque dans les caf\u00e9s<\/p>\n<p>Le pr\u00e9fet de police de Paris l&rsquo;avait annonc\u00e9, la fermet\u00e9 prime ce mercredi et aucun comportement suspect ne sera tol\u00e9r\u00e9 par les autorit\u00e9s. Ici, les policiers vont jusqu&rsquo;\u00e0 suivre des personnes suspect\u00e9es d&rsquo;appartenir aux mobilisations jusque dans un caf\u00e9 parisien.\u00a0\u00a0<\/p>\n<p>08:43<\/p>\n<p>Trafic fluide sur la route et dans les transports en \u00cele-de-France<\/p>\n<p>Face aux blocages annonc\u00e9s, les Franciliens ont visiblement pris leur pr\u00e9caution. La circulation est particuli\u00e8rement fluide sur la route. \u00c0 8h40, le service d&rsquo;information <a href=\"https:\/\/www.sytadin.fr\/sys\/barometre_bouchon.jsp.html\" target=\"_blank\" rel=\"noopener\">Sytadin<\/a> recensait 99 km de bouchons cumul\u00e9s sur l&rsquo;ensemble du r\u00e9seau routier de la r\u00e9gion, un niveau jug\u00e9 \u00ab faible \u00bb.<\/p>\n<p>Dans les transports en commun, les quais du m\u00e9tro sont presque vides ce matin. Dans les gares, notre journaliste n&rsquo;a pas constat\u00e9 de cohue particuli\u00e8re malgr\u00e9 les perturbations sur le r\u00e9seau Transilien.\u00a0<\/p>\n<p>08:35<\/p>\n<p>Aucun blocus \u00e0 la raffinerie du Midi<\/p>\n<p>Elle fait partie des sites tr\u00e8s surveill\u00e9es par les autorit\u00e9s, consid\u00e9r\u00e9s comme des \u00ab points d&rsquo;int\u00e9r\u00eats vitaux \u00bb. Pourtant, la situation est calme \u00e0 la raffinerie du Midi \u00e0 Coigni\u00e8res (Yvelines), a constat\u00e9 notre journaliste, qui signale aucun blocus, ni aucun manifestant. Une voiture banalis\u00e9e de la police est toutefois pr\u00e9sente devant le site.\u00a0<\/p>\n<p><img decoding=\"async\" src=\"https:\/\/www.europesays.com\/fr\/wp-content\/uploads\/2025\/09\/Z6QZWVACEVA5FODEMDA7HBGJUA.jpeg\"\/>10 septembre 2025. Raffinerie du Midi \u00e0 \u00a0Coigni\u00e8res (Yvelines)<\/p>\n<p>08:29<\/p>\n<p>75 interpellations en r\u00e9gion parisienne<\/p>\n<p>Nouveau bilan de la pr\u00e9fecture de police de Paris : 75 personnes ont \u00e9t\u00e9 interpell\u00e9es depuis ce matin en r\u00e9gion parisienne.\u00a0<\/p>\n<p>08:26<\/p>\n<p>Des centaines de personnes dans la rue \u00e0 Marseille<\/p>\n<p>Plusieurs actions sont en cours dans la cit\u00e9 phoc\u00e9enne, selon les m\u00e9dias locaux, notamment un blocage du boulevard Sakakini. Des centaines de personnes d\u00e9filent dans les rues, en semant des obstacles (poubelles, v\u00e9los\u2026) sur les voies pour entraver la circulation.\u00a0<\/p>\n<p>08:23<\/p>\n<p>Sc\u00e8ne d&rsquo;affrontements entre lyc\u00e9ens et policiers devant H\u00e9l\u00e8ne Boucher<\/p>\n<p>L&rsquo;ambiance autour du lyc\u00e9e H\u00e9l\u00e8ne Boucher dans le XXe arrondissement de Paris se tend. A quelques m\u00e8tres de l&rsquo;entr\u00e9e de l&rsquo;\u00e9tablissement bloqu\u00e9 par des \u00e9l\u00e8ves depuis 7 heures, des affrontements ont \u00e9clat\u00e9 entre les jeunes et les policiers. Sur une vid\u00e9o on voit les lyc\u00e9ens lancer des fumig\u00e8nes et des poubelles sur les agents de police.\u00a0\u00a0<\/p>\n<p>08:16<\/p>\n<p>Coups de matraques sur des manifestants<\/p>\n<p>D&rsquo;apr\u00e8s des vid\u00e9os publi\u00e9es sur les r\u00e9seaux sociaux, des manifestants situ\u00e9s au niveau du barrage de la Porte de la Chapelle se sont fait matraquer par des agents de police lors d&rsquo;une intervention.\u00a0\u00a0<\/p>\n<p>08:06<\/p>\n<p>Blocus au lyc\u00e9e H\u00e9l\u00e8ne Boucher de Paris<\/p>\n<p>Au tour des lyc\u00e9ens de prendre part au mouvement \u00ab Bloquons tout \u00bb. Au lyc\u00e9e H\u00e9l\u00e8ne-Boucher, dans le XXe arrondissement de Paris, des dizaines d&rsquo;\u00e9l\u00e8ves se sont r\u00e9unis devant l&rsquo;\u00e9tablissement pour installer un blocus.\u00a0<\/p>\n<p>08:03<\/p>\n<p>65 interpellations en r\u00e9gion parisienne<\/p>\n<p>Selon la pr\u00e9fecture de police de Paris, les forces de l&rsquo;ordre ont, \u00e0 ce stade, proc\u00e9d\u00e9 \u00e0 65 interpellations dans l&rsquo;agglom\u00e9ration.\u00a0<\/p>\n<p>07:58<\/p>\n<p>Un millier de manifestants, une trentaine de rassemblements\u2026 Le point sur la situation en France<\/p>\n<p>Selon une source polici\u00e8re au Parisien, \u00e0 7h30, les autorit\u00e9s ont constat\u00e9 aux quatre coins de la France : une cinquantaine d&rsquo;actions en zone gendarmerie, un millier de manifestants, dix actions de blocages d&rsquo;axes routiers, notamment sur l&rsquo;A10 dans les deux sens au niveau de Poitiers, une trentaine de rassemblements.\u00a0<\/p>\n<p>07:54<\/p>\n<p>Rennes<\/p>\n<p>La situation se tend sur la rocade de Rennes o\u00f9 des manifestants tentent de bloquer la circulation. Selon Actu Rennes, des gaz lacrymog\u00e8ne ont \u00e9t\u00e9 tir\u00e9s, lib\u00e9rant le pont sur la rocade.<\/p>\n<p>07:51<\/p>\n<p>Feu de poubelles et de pneus porte de Montreuil<\/p>\n<p>L&rsquo;ambiance est tendue porte de Montreuil, o\u00f9 les manifestants ont mont\u00e9 des barricades et allum\u00e9 des feux de poubelles et de pneus. Les forces de l&rsquo;ordre sont pr\u00e9sentes en nombre.<\/p>\n<p><img decoding=\"async\" src=\"https:\/\/www.europesays.com\/fr\/wp-content\/uploads\/2025\/09\/CUSHV3YQSVFYZECZGQ4MCRZ2ZM.jpeg\"\/>LP \/ Vincent Montgaillard<img decoding=\"async\" src=\"https:\/\/www.europesays.com\/fr\/wp-content\/uploads\/2025\/09\/NBPV4UVVFZBK5ALJBHYG2XKY2I.jpeg\"\/>LP \/ Vincent Montgaillard<\/p>\n<p>07:46<\/p>\n<p>51 interpellations \u00e0 Paris et en petite couronne<\/p>\n<p>\u00c0 7h45 ce matin, la pr\u00e9fecture de police de Paris annonce d\u00e9j\u00e0 51 interpellations dans le p\u00e9rim\u00e8tre qui comprend Paris et sa petite couronne. Le d\u00e9tail de ces interpellations sera donn\u00e9 plus tard dans la matin\u00e9e.<\/p>\n<p>07:36<\/p>\n<p>Lyon<\/p>\n<p>Les forces de l&rsquo;ordre sont mobilis\u00e9es \u00e0 Lyon pour d\u00e9bloquer la circulation sur le pont Gallieni.<\/p>\n<p>D&rsquo;autre part, la circulation est interrompue dans les deux sens sur l&rsquo;autoroute M7, qui traverse Lyon, \u00e0 hauteur de Perrache, rapporte <a href=\"https:\/\/radio.vinci-autoroutes.com\/article\/greve-du-10-septembre-trafic-en-direct-sur-les-autoroutes-et-grandes-villes-16125\" target=\"_blank\" rel=\"noopener\">la radio 107.7 de Vinci Autoroutes<\/a>.<\/p>\n<p>07:34<\/p>\n<p>Manifestation porte d&rsquo;Orl\u00e9ans<\/p>\n<p>\u00c0 l&rsquo;aube, des dizaines de personnes ont battu le pav\u00e9 porte d&rsquo;Orl\u00e9ans, selon les images d&rsquo;Anthony Toueilles, conseiller municipal \u00e0 Malakoff (Hauts-de-Seine).\u00a0<\/p>\n<p>07:31<\/p>\n<p>Point de situation en Gironde<\/p>\n<p>Dans son point de situation \u00e0 6h30, la pr\u00e9fecture de la Gironde a relev\u00e9 plusieurs actions dans l&rsquo;agglom\u00e9ration bordelaise et dans le d\u00e9partement.\u00a0<\/p>\n<p>Vers 4h30, le d\u00e9p\u00f4t tram K\u00e9olis \u00e0 Bastide a \u00e9t\u00e9 bloqu\u00e9 par une cinquantaine de personnes. Les forces de s\u00e9curit\u00e9 sont intervenues et \u00ab l\u2019attroupement a \u00e9t\u00e9 dispers\u00e9 dans le calme \u00bb, indique la pr\u00e9fecture. Le trafic a pu reprendre normalement \u00e0 5 heures<\/p>\n<p>Le rond-point d\u2019Aquitaine est \u00ab occup\u00e9 par 60 personnes, avec d\u00e9ploiement de banderoles \u00bb, pr\u00e9cise la pr\u00e9fecture. \u00ab La circulation n\u2019est pas coup\u00e9e et la situation est calme avec aucun trouble \u00e0 l\u2019ordre public \u00e0 relever \u00bb, selon la m\u00eame source.\u00a0<\/p>\n<p>07:22<\/p>\n<p>Ambiance tendue porte de Montreuil<\/p>\n<p>Du c\u00f4t\u00e9 de la porte de Montreuil, tentatives de mise en place de barricades sur le boulevard Davout avec des poubelles. Les manifestants veulent aussi essayer de bloquer le tramway. Les forces de l&rsquo;ordre interviennent pour enlever tout ce qui peut faire obstacle.<\/p>\n<p><img decoding=\"async\" src=\"https:\/\/www.europesays.com\/fr\/wp-content\/uploads\/2025\/09\/PHF2RLJECVF57KFVKJIZZ4EZZU.jpeg\"\/>LP \/ Vincent Montgaillard<img decoding=\"async\" src=\"https:\/\/www.europesays.com\/fr\/wp-content\/uploads\/2025\/09\/NX3JAOQZ6ZCKPFVGCEQOMDZ6JY.jpeg\"\/>LP \/ Vincent Montgaillard<\/p>\n<p>07:21<\/p>\n<p>Tours &#8211; Poitiers\u00a0<\/p>\n<p>Une manifestation est en cours sur l&rsquo;autoroute A10 \u00e0 hauteur de Poitiers. Des pi\u00e9tons sont sur les voies de circulation, dans les deux sens et bloquent totalement le trafic.<\/p>\n<blockquote class=\"twitter-tweet\" align=\"center\">\n<p lang=\"fr\" dir=\"ltr\">07h00 : sur <a href=\"https:\/\/twitter.com\/hashtag\/A10?src=hash&amp;ref_src=twsrc%5Etfw\" target=\"_blank\" rel=\"noopener\">#A10<\/a>, .Manifestation, pi\u00e9tons sur les voies. L&rsquo;autoroute est coup\u00e9e dans les 2 sens de circulation <br \/>\u26d4 Entr\u00e9es interdite et sorties interdite \u00e0 Poitiers Sud n\u00b030 <br \/>\u2705 Depuis <a href=\"https:\/\/twitter.com\/hashtag\/Tours?src=hash&amp;ref_src=twsrc%5Etfw\" target=\"_blank\" rel=\"noopener\">#Tours<\/a> sortie obligatoire \u00e0 Poitiers nord n\u00b029<br \/>\u00c9coutez <a href=\"https:\/\/twitter.com\/hashtag\/Radio1077?src=hash&amp;ref_src=twsrc%5Etfw\" target=\"_blank\" rel=\"noopener\">#Radio1077<\/a> <a href=\"https:\/\/twitter.com\/hashtag\/InfoTrafic?src=hash&amp;ref_src=twsrc%5Etfw\" target=\"_blank\" rel=\"noopener\">#InfoTrafic<\/a><\/p>\n<p>\u2014 Autoroute A10 (@A10Trafic) <a href=\"https:\/\/twitter.com\/A10Trafic\/status\/1965642030475808996?ref_src=twsrc%5Etfw\" target=\"_blank\" rel=\"noopener\">September 10, 2025<\/a><\/p><\/blockquote>\n<p>07:17<\/p>\n<p>Bordeaux\u00a0<\/p>\n<p>\u00c0 Bordeaux, quelques dizaines de personnes encagoul\u00e9es (des militants syndicaux et des jeunes de la tendance libertaire) ont bloqu\u00e9 dans la nuit l&rsquo;un des d\u00e9p\u00f4ts du r\u00e9seau de tramways de la ville, avec une barricade de palettes et de poubelles, mais ils ont \u00e9t\u00e9 d\u00e9log\u00e9s rapidement et sans heurts par la police.<\/p>\n<p>07:16<\/p>\n<p>Seine-et-Marne<\/p>\n<p>Selon la pr\u00e9fecture de la Seine-et-Marne, contact\u00e9e par Le Parisien, \u00e0 7 heures, il n&rsquo;y avait rien \u00e0 signaler.\u00a0<\/p>\n<p>En pr\u00e9vention, un millier de policiers et gendarmes ont \u00e9t\u00e9 mobilis\u00e9s dans l&rsquo;ensemble du d\u00e9partement. Le p\u00e9age de Coutevroult sur l&rsquo;A4 Paris-Reims est fluide.<\/p>\n<p>07:13<\/p>\n<p>Le p\u00e9riph\u00e9rique parisien bloqu\u00e9 porte de la Chapelle<\/p>\n<p>Des dizaines de manifestants, munis de barricades et de fumig\u00e8nes, ont fait irruption sur le p\u00e9riph\u00e9rique parisien au niveau de la porte de la Chapelle pour bloquer le passage aux automobilistes.\u00a0<\/p>\n<p>07:11<\/p>\n<p>Toulouse<\/p>\n<p>Le trafic SNCF est coup\u00e9 entre Toulouse et Auch \u00e0 cause d&rsquo;un incendie sur des c\u00e2bles au petit matin. Des agents sont sur place pour tenter de r\u00e9soudre la situation.<\/p>\n<p>07:09<\/p>\n<p>Bruno Retailleau d\u00e9nonce une \u00ab r\u00e9cup\u00e9ration \u00bb du mouvement par \u00ab l&rsquo;ultragauche \u00bb<\/p>\n<p>Depuis le march\u00e9 international de Rungis, pour \u00ab rendre hommage aux forces de s\u00e9curit\u00e9 int\u00e9rieure \u00bb, le ministre de l&rsquo;Int\u00e9rieur d\u00e9missionnaire a d\u00e9nonc\u00e9 une \u00ab r\u00e9cup\u00e9ration \u00bb du mouvement du 10 septembre par \u00ab l&rsquo;ultragauche, qui est ultraviolente \u00bb.\u00a0<\/p>\n<p>\u00ab Il y a une r\u00e9cup\u00e9ration tr\u00e8s politicienne, qui a sans doute conduit \u00e0 une forme de d\u00e9mobilisation de celles et de ceux qui ne veulent pas \u00eatre m\u00eal\u00e9s \u00e0 une instrumentalisation \u00bb, a lanc\u00e9 Bruno Retailleau.<\/p>\n<blockquote class=\"twitter-tweet\" align=\"center\" data-theme=\"dark\">\n<p lang=\"fr\" dir=\"ltr\">Pr\u00e9sent ce matin au march\u00e9 international de Rungis. Ici et partout en France, je veux rendre hommage aux forces de s\u00e9curit\u00e9 int\u00e9rieure, engag\u00e9es sur le terrain pour garantir la s\u00e9curit\u00e9 de nos infrastructures essentielles et celle de nos concitoyens. <a href=\"https:\/\/t.co\/QIKkPjl062\">pic.twitter.com\/QIKkPjl062<\/a><\/p>\n<p>\u2014 Bruno Retailleau (@BrunoRetailleau) <a href=\"https:\/\/twitter.com\/BrunoRetailleau\/status\/1965626637636227513?ref_src=twsrc%5Etfw\" target=\"_blank\" rel=\"noopener\">September 10, 2025<\/a><\/p><\/blockquote>\n<p>Bruno Retailleau a rappel\u00e9 la forte mobilisation des forces de l&rsquo;ordre, \u00ab 80 000 gendarmes et policiers \u00bb en France, dont 6 000 \u00e0 Paris, avec la consigne \u00ab de ne pas tol\u00e9rer de violence, de d\u00e9gradation, de blocage, d&rsquo;occupation des infrastructures essentielles de notre nation \u00bb.<\/p>\n<p>06:58<\/p>\n<p>Solidaires veut \u00ab inscrire le mouvement dans la dur\u00e9e \u00bb<\/p>\n<p>Sur franceinfo, l&rsquo;interview du secr\u00e9taire national de l&rsquo;union syndical Solidaires, Aur\u00e9lien Boudon, a \u00e9t\u00e9 une premi\u00e8re fois interrompue par la police, qui a demand\u00e9 au syndicaliste de \u00ab raccrocher \u00bb. Recontact\u00e9 quelques minutes plus tard, Aur\u00e9lien Boudon a d\u00e9clar\u00e9 que \u00ab l&rsquo;objectif premier \u00bb de cette journ\u00e9e est de \u00ab construire des gr\u00e8ves \u00bb et \u00ab r\u00e9unir des assembl\u00e9es g\u00e9n\u00e9rales pour les ancrer dans la dur\u00e9e \u00bb. Avec la nomination hier de S\u00e9bastien Lecornu \u00e0 Matignon, \u00ab le signal donn\u00e9 \u00bb par le gouvernement n&rsquo;est \u00ab pas celui d&rsquo;un changement politique \u00bb, c&rsquo;est pourquoi \u00ab on va devoir s&rsquo;inscrire le mouvement dans la dur\u00e9e \u00bb, a-t-il abond\u00e9.\u00a0<\/p>\n<p>06:49<\/p>\n<p>Tensions sur le blocage d&rsquo;un d\u00e9p\u00f4t de bus RATP \u00e0 Paris<\/p>\n<p>Le centre de bus RATP rue Belliard, dans le XVIIIe arrondissement de Paris, a \u00e9t\u00e9 bloqu\u00e9 \u00e0 l&rsquo;aube. Selon des journalistes ind\u00e9pendants sur place, la police est intervenue pour d\u00e9loger les gr\u00e9vistes, faisant usage de gaz lacrymog\u00e8ne apr\u00e8s quelques tensions.\u00a0<\/p>\n<p>06:42<\/p>\n<p>Gaz lacrymog\u00e8ne \u00e0 Lyon<\/p>\n<p>Les forces de l&rsquo;ordre ont d\u00e9j\u00e0 fait usage du gaz lacrymog\u00e8ne \u00e0 Lyon, au niveau de la gare Perrache, pour disperser les manifestants pr\u00e9sents, selon nos confr\u00e8res d&rsquo;actu Lyon.\u00a0<\/p>\n<p>06:29<\/p>\n<p>Des blocages sur le p\u00e9riph\u00e9rique de Caen<\/p>\n<p>\u00c0 Caen, des manifestants ont commenc\u00e9 \u00e0 bloquer t\u00f4t ce matin le viaduc de Calix, qui permet de rejoindre le p\u00e9riph\u00e9rique nord. Selon plusieurs images partag\u00e9es sur les r\u00e9seaux sociaux, des objets dont des barricades ont \u00e9t\u00e9 br\u00fbl\u00e9s pour bloquer le passage.\u00a0<\/p>\n<p>06:19<\/p>\n<p>Toutes les r\u00e9ponses \u00e0 vos questions<\/p>\n<p>05:57<\/p>\n<p>Des policiers porte de Bagnolet<\/p>\n<p>Des policiers sont d\u00e9ploy\u00e9s un peu partout sur des points strat\u00e9giques susceptibles d&rsquo;\u00eatre bloqu\u00e9s. Une soixantaine de policiers sont actuellement post\u00e9s \u00e0 hauteur de la porte de Bagnolet, sur le p\u00e9riph\u00e9rique parisien, sur le pont au-dessus du boulevard p\u00e9riph\u00e9rique. Tous les pi\u00e9tons sont syst\u00e9matiquement contr\u00f4l\u00e9s.Vincent Montgaillard<\/p>\n<p><img decoding=\"async\" src=\"https:\/\/www.europesays.com\/fr\/wp-content\/uploads\/2025\/09\/UE7FNW3DMBDMJFGLU3NQBM3G7I.jpeg\"\/>LP \/ Vincent Montgaillard<\/p>\n<p>05:42<\/p>\n<p>Contre les mesures d&rsquo;\u00e9conomies<\/p>\n<p>Ce mouvement conteste les mesures d&rsquo;\u00e9conomie annonc\u00e9es mi-juillet par Fran\u00e7ois Bayrou (suppression de deux jours f\u00e9ri\u00e9s, allongement du d\u00e9lai de carence en cas d&rsquo;arr\u00eat-maladie, doublement des franchises m\u00e9dicales, mon\u00e9tisation de la cinqui\u00e8me semaine de cong\u00e9s pay\u00e9s&#8230;) et rejette les classes dirigeantes, en particulier Emmanuel Macron. Selon un sondage pour la Tribune dimanche, 46% des Fran\u00e7ais soutiennent le mouvement.<\/p>\n<p>05:37<\/p>\n<p>Un large dispositif de s\u00e9curit\u00e9 d\u00e9ploy\u00e9<\/p>\n<p>Si les autorit\u00e9s ne s\u2019attendent pas \u00e0 une mobilisation massive de la soci\u00e9t\u00e9 civile, elles redoutent en revanche la d\u00e9termination d\u2019individus appartenant \u00e0 \u00ab\u00a0l\u2019ultragauche radicale\u00a0\u00bb et pr\u00eats \u00e0 mener des actions violentes. <a href=\"https:\/\/www.leparisien.fr\/faits-divers\/blocages-du-10-septembre-les-forces-de-police-presentes-des-ce-soir-previent-bruno-retailleau-09-09-2025-AGO7OG2IEJC4FKS26XUA2BNSTU.php\" target=\"_blank\" rel=\"noopener\">Quelque 80 000 gendarmes et policiers sont mobilis\u00e9s<\/a>.<\/p>\n<p>05:31<\/p>\n<p>\u00c0 quoi s&rsquo;attendre ?\u00a0<\/p>\n<p>Dans les transports, les \u00e9coles et les entreprises, des gr\u00e8ves ou des blocages <a href=\"https:\/\/www.leparisien.fr\/economie\/bloquons-tout-transports-ecoles-commerces-cest-le-grand-flou-autour-de-la-mobilisation-09-09-2025-JW7NWLI2XFB2ZLLMQVZKN2IWWU.php\" target=\"_blank\" rel=\"noopener\">devraient provoquer des perturbations.<\/a> M\u00eame si la teneur m\u00eame du mouvement permet difficilement d&rsquo;anticiper les cons\u00e9quences de cette mobilisation, on fait le point sur ce que l\u2019on sait.<\/p>\n<p>05:31<\/p>\n<p>Bonjour et bienvenue !<\/p>\n<p>Suivez avec nous tout au long de ce mercredi la mobilisation du mouvement \u00ab Bloquons tout \u00bb.<\/p>\n<p>Contexte<\/p>\n<p>Le mouvement du 10 septembre veut tout bloquer<\/p>\n<p><script async src=\"https:\/\/platform.twitter.com\/widgets.js\" charset=\"utf-8\"><\/script><\/p>\n","protected":false},"excerpt":{"rendered":"08:59 Rien \u00e0 signaler sur les Champs-\u00c9lys\u00e9es \u00c0 8h30, rien \u00e0 signaler sur les Champs-\u00c9lys\u00e9es si ce n\u2019est&hellip;\n","protected":false},"author":2,"featured_media":379672,"comment_status":"","ping_status":"","sticky":false,"template":"","format":"standard","meta":{"footnotes":""},"categories":[1888],"tags":[48300,1111,1928,11,1927,47212,1777,674,1011,27,12,1926,626,1925,5677,25],"class_list":{"0":"post-379671","1":"post","2":"type-post","3":"status-publish","4":"format-standard","5":"has-post-thumbnail","7":"category-paris","8":"tag-10-septembre","9":"tag-actu","10":"tag-actu-paris","11":"tag-actualites","12":"tag-actualites-paris","13":"tag-bloquons-tout","14":"tag-eu","15":"tag-europe","16":"tag-fr","17":"tag-france","18":"tag-news","19":"tag-news-paris","20":"tag-paris","21":"tag-paris-news","22":"tag-porte-de-montreuil","23":"tag-republique-francaise"},"share_on_mastodon":{"url":"https:\/\/pubeurope.com\/@fr\/115178743209941337","error":""},"_links":{"self":[{"href":"https:\/\/www.europesays.com\/fr\/wp-json\/wp\/v2\/posts\/379671","targetHints":{"allow":["GET"]}}],"collection":[{"href":"https:\/\/www.europesays.com\/fr\/wp-json\/wp\/v2\/posts"}],"about":[{"href":"https:\/\/www.europesays.com\/fr\/wp-json\/wp\/v2\/types\/post"}],"author":[{"embeddable":true,"href":"https:\/\/www.europesays.com\/fr\/wp-json\/wp\/v2\/users\/2"}],"replies":[{"embeddable":true,"href":"https:\/\/www.europesays.com\/fr\/wp-json\/wp\/v2\/comments?post=379671"}],"version-history":[{"count":0,"href":"https:\/\/www.europesays.com\/fr\/wp-json\/wp\/v2\/posts\/379671\/revisions"}],"wp:featuredmedia":[{"embeddable":true,"href":"https:\/\/www.europesays.com\/fr\/wp-json\/wp\/v2\/media\/379672"}],"wp:attachment":[{"href":"https:\/\/www.europesays.com\/fr\/wp-json\/wp\/v2\/media?parent=379671"}],"wp:term":[{"taxonomy":"category","embeddable":true,"href":"https:\/\/www.europesays.com\/fr\/wp-json\/wp\/v2\/categories?post=379671"},{"taxonomy":"post_tag","embeddable":true,"href":"https:\/\/www.europesays.com\/fr\/wp-json\/wp\/v2\/tags?post=379671"}],"curies":[{"name":"wp","href":"https:\/\/api.w.org\/{rel}","templated":true}]}}