{"id":379675,"date":"2025-09-10T07:09:20","date_gmt":"2025-09-10T07:09:20","guid":{"rendered":"https:\/\/www.europesays.com\/fr\/379675\/"},"modified":"2025-09-10T07:09:20","modified_gmt":"2025-09-10T07:09:20","slug":"lirresistible-ascension-de-sebastien-lecornu-des-coulisses-du-pouvoir-a-matignon","status":"publish","type":"post","link":"https:\/\/www.europesays.com\/fr\/379675\/","title":{"rendered":"L\u2019irr\u00e9sistible ascension de S\u00e9bastien Lecornu, des coulisses du pouvoir \u00e0 Matignon"},"content":{"rendered":"<p>                         <img loading=\"lazy\" decoding=\"async\" src=\"https:\/\/www.europesays.com\/fr\/wp-content\/uploads\/2025\/09\/f495006_ftp-import-images-1-v3ee5bvlj7to-5841315-01-06.jpg\" alt=\"S\u00e9bastien Lecornu lors du salon du Bourget, \u00e0 l\u2019a\u00e9roport du Bourget (Seine-Saint-Denis), le 17\u00a0juin\u00a02025.\"   width=\"664\" height=\"443\"\/>    S\u00e9bastien Lecornu lors du salon du Bourget, \u00e0 l\u2019a\u00e9roport du Bourget (Seine-Saint-Denis), le 17\u00a0juin\u00a02025.  BERTRAND GUAY\/AFP                 <\/p>\n<p class=\"article__paragraph  \"><a href=\"https:\/\/www.lemonde.fr\/politique\/live\/2025\/09\/09\/en-direct-sebastien-lecornu-nouveau-premier-ministre-affirme-qu-il-mesure-les-attentes-des-francais-avec-cette-nomination-emmanuel-macron-prend-le-risque-du-blocage-institutionnel-denonce-le-ps_6639805_823448.html\" rel=\"nofollow noopener\" target=\"_blank\">L\u2019arriv\u00e9e de S\u00e9bastien Lecornu \u00e0 Matignon<\/a> aura seulement \u00e9t\u00e9 report\u00e9e de neuf mois. Le ministre des arm\u00e9es devait \u00eatre nomm\u00e9 premier ministre le 13\u00a0d\u00e9cembre\u00a02024, avant que Fran\u00e7ois Bayrou ne menace de \u00ab\u00a0tout casser\u00a0\u00bb et ne l\u2019\u00e9vince. Le B\u00e9arnais renvers\u00e9 par l\u2019Assembl\u00e9e nationale le 8\u00a0septembre, le pr\u00e9sident de la R\u00e9publique, Emmanuel Macron, avait la voie enfin libre pour installer rue de Varenne le plus discret et le plus fid\u00e8le de ses ministres. Le plus ancien aussi. S\u00e9bastien Lecornu est, \u00e0 39\u00a0ans, le doyen du gouvernement, ministre sans discontinuer depuis plus de huit ans.<\/p>\n<p class=\"article__paragraph  \">Les Fran\u00e7ais ne le connaissent pourtant pas. Originaire de Normandie, fils unique d\u2019un technicien a\u00e9ronautique et d\u2019une secr\u00e9taire m\u00e9dicale, il a d\u2019abord milit\u00e9, d\u00e8s l\u2019\u00e2ge de 16\u00a0ans, \u00e0\u00a0l\u2019Union pour un mouvement populaire (UMP), puis chez Les R\u00e9publicains (LR). Collaborateur parlementaire du d\u00e9put\u00e9 (UMP) de l\u2019Eure Bruno Le\u00a0Maire, en\u00a02008, \u00e0 22\u00a0ans, \u00e9lu maire de Vernon (Eure) en\u00a02014, \u00e0 27\u00a0ans, il devient l\u2019ann\u00e9e suivante le plus jeune pr\u00e9sident de ce m\u00eame d\u00e9partement.<\/p>\n<p class=\"reading-mode-only \"><strong>Il vous reste 85.78% de cet article \u00e0 lire. La suite est r\u00e9serv\u00e9e aux abonn\u00e9s.<\/strong><\/p>\n","protected":false},"excerpt":{"rendered":"S\u00e9bastien Lecornu lors du salon du Bourget, \u00e0 l\u2019a\u00e9roport du Bourget (Seine-Saint-Denis), le 17\u00a0juin\u00a02025. BERTRAND GUAY\/AFP L\u2019arriv\u00e9e de&hellip;\n","protected":false},"author":2,"featured_media":379676,"comment_status":"","ping_status":"","sticky":false,"template":"","format":"standard","meta":{"footnotes":""},"categories":[1888],"tags":[11,1777,674,1011,27,12,626,25],"class_list":{"0":"post-379675","1":"post","2":"type-post","3":"status-publish","4":"format-standard","5":"has-post-thumbnail","7":"category-paris","8":"tag-actualites","9":"tag-eu","10":"tag-europe","11":"tag-fr","12":"tag-france","13":"tag-news","14":"tag-paris","15":"tag-republique-francaise"},"share_on_mastodon":{"url":"https:\/\/pubeurope.com\/@fr\/115178750925319267","error":""},"_links":{"self":[{"href":"https:\/\/www.europesays.com\/fr\/wp-json\/wp\/v2\/posts\/379675","targetHints":{"allow":["GET"]}}],"collection":[{"href":"https:\/\/www.europesays.com\/fr\/wp-json\/wp\/v2\/posts"}],"about":[{"href":"https:\/\/www.europesays.com\/fr\/wp-json\/wp\/v2\/types\/post"}],"author":[{"embeddable":true,"href":"https:\/\/www.europesays.com\/fr\/wp-json\/wp\/v2\/users\/2"}],"replies":[{"embeddable":true,"href":"https:\/\/www.europesays.com\/fr\/wp-json\/wp\/v2\/comments?post=379675"}],"version-history":[{"count":0,"href":"https:\/\/www.europesays.com\/fr\/wp-json\/wp\/v2\/posts\/379675\/revisions"}],"wp:featuredmedia":[{"embeddable":true,"href":"https:\/\/www.europesays.com\/fr\/wp-json\/wp\/v2\/media\/379676"}],"wp:attachment":[{"href":"https:\/\/www.europesays.com\/fr\/wp-json\/wp\/v2\/media?parent=379675"}],"wp:term":[{"taxonomy":"category","embeddable":true,"href":"https:\/\/www.europesays.com\/fr\/wp-json\/wp\/v2\/categories?post=379675"},{"taxonomy":"post_tag","embeddable":true,"href":"https:\/\/www.europesays.com\/fr\/wp-json\/wp\/v2\/tags?post=379675"}],"curies":[{"name":"wp","href":"https:\/\/api.w.org\/{rel}","templated":true}]}}