{"id":379683,"date":"2025-09-10T07:13:11","date_gmt":"2025-09-10T07:13:11","guid":{"rendered":"https:\/\/www.europesays.com\/fr\/379683\/"},"modified":"2025-09-10T07:13:11","modified_gmt":"2025-09-10T07:13:11","slug":"bitcoin-une-priorite-absolue-les-usa-veulent-accelerer-leur-projet-de-reserve-strategique","status":"publish","type":"post","link":"https:\/\/www.europesays.com\/fr\/379683\/","title":{"rendered":"Bitcoin, \u00ab\u00a0une priorit\u00e9 absolue \u00bb : Les USA veulent acc\u00e9l\u00e9rer leur projet de r\u00e9serve strat\u00e9gique"},"content":{"rendered":"<p data-beyondwords-marker=\"f6103604-63f6-40fa-ba70-91a8f093c1c4\">Une r\u00e9serve de Bitcoin pour les USA. Le 7 mars dernier, le pr\u00e9sident Donald Trump a sign\u00e9 un d\u00e9cret pr\u00e9sidentiel ordonnant la <strong><a href=\"https:\/\/journalducoin.com\/bitcoin\/bitcoin-donald-trump-decret-historique-reserve-strategique-btc\/\" data-wpel-link=\"internal\" target=\"_self\" rel=\"follow noopener noreferrer\" class=\"plausible-event-name=Liens+internes\">cr\u00e9ation d\u2019une r\u00e9serve strat\u00e9gique de Bitcoin<\/a><\/strong> et de cryptomonnaies. Depuis, les choses n\u2019ont pas beaucoup avanc\u00e9 et c\u2019est ce que regrette aujourd\u2019hui Patrick Witt, le nouveau conseiller crypto de la Maison-Blanche qui a pris ses fonctions au mois d\u2019ao\u00fbt. Dans une interview donn\u00e9e \u00e0 CoinDesk, il explique que c\u2019est une priorit\u00e9 pour lui et qu\u2019il va tout faire pour acc\u00e9l\u00e9rer le processus. Direction Washington pour faire le point sur ce dossier.<\/p>\n<p><strong style=\"font-size: 18px\">Les points cl\u00e9s de cet article :<\/strong><\/p>\n<ul style=\"font-size: 18px\"><\/p>\n<li>Donald Trump a sign\u00e9 un d\u00e9cret pour cr\u00e9er une r\u00e9serve strat\u00e9gique de Bitcoin, mais peu de progr\u00e8s ont \u00e9t\u00e9 r\u00e9alis\u00e9s depuis.<\/li>\n<p><\/p>\n<li>Patrick Witt, nouveau conseiller crypto de la Maison-Blanche, cherche \u00e0 acc\u00e9l\u00e9rer la mise en place de cette r\u00e9serve ainsi que la mise en \u0153uvre de lois sur les cryptomonnaies.<\/li>\n<\/ul>\n<p><\/p>\n<p>Le conseiller crypto de la Maison-Blanche veut acc\u00e9l\u00e9rer la mise en place de la r\u00e9serve strat\u00e9gique de Bitcoin<\/p>\n<p data-beyondwords-marker=\"8ff1a802-6a49-440a-a702-5177a1bfd0c6\">Apr\u00e8s le d\u00e9part de <strong>Bo Hines<\/strong> pour Tether, c\u2019est donc <strong>Patrick Witt<\/strong> qui a \u00e9t\u00e9 nomm\u00e9 au poste de conseiller crypto de la Maison-Blanche et il a donn\u00e9 une<a href=\"https:\/\/www.coindesk.com\/policy\/2025\/09\/09\/new-white-house-crypto-adviser-patrick-witt-calls-market-structure-bill-top-priority\" target=\"_blank\" rel=\"noreferrer noopener nofollow\" data-wpel-link=\"external\"> interview<\/a> \u00e0 CoinDesk pour expliquer ses priorit\u00e9s. <\/p>\n<p data-beyondwords-marker=\"6b244c6e-3064-407b-9f0a-44fa146dc9d9\">Il a notamment parl\u00e9 de la <strong>r\u00e9serve strat\u00e9gique de Bitcoin<\/strong> et de cryptomonnaies qui doit \u00eatre mise en place par le D\u00e9partement du Tr\u00e9sor am\u00e9ricain et il a d\u00e9clar\u00e9 que c\u2019\u00e9tait un sujet important pour lui et pour l\u2019administration Trump :<\/p>\n<blockquote data-beyondwords-marker=\"13a7720c-0fb5-4500-88ec-fabd7758c8b7\" class=\"wp-block-quote is-layout-flow wp-block-quote-is-layout-flow\">\n<p data-beyondwords-marker=\"b6349d5d-7a09-4511-860c-6b01e2945e3c\"><strong>\u00ab C\u2019est une priorit\u00e9 absolue pour moi, personnellement, pour ce bureau, pour l\u2019administration \u00bb<\/strong><\/p>\n<p data-beyondwords-marker=\"e5b9b6ff-fc1d-4f3d-9ada-657fc7204f3f\"><a href=\"https:\/\/www.coindesk.com\/policy\/2025\/09\/09\/new-white-house-crypto-adviser-patrick-witt-calls-market-structure-bill-top-priority\" target=\"_blank\" rel=\"noreferrer noopener nofollow\" data-wpel-link=\"external\">Source : CoinDesk <\/a><\/p>\n<\/blockquote>\n<p data-beyondwords-marker=\"129043ef-9b30-4877-b8c4-852651cbe08d\">Il a \u00e9galement pr\u00e9cis\u00e9 que les discussions avec le Congr\u00e8s \u00e9taient en cours pour obtenir un soutien l\u00e9gislatif et que son bureau travaillait \u00e0 l\u2019\u00e9laboration d\u2019un projet de loi qui pourrait \u00eatre adopt\u00e9 par la Chambre des repr\u00e9sentants et le S\u00e9nat.<\/p>\n<p>Patrick Witt veut aussi faire avancer la loi sur les stablecoins et le Market Structure Bill<\/p>\n<p data-beyondwords-marker=\"940f9aad-a10f-482f-9ceb-52ac3103a6d5\">Mais ce n\u2019est pas tout ! Le nouveau conseiller crypto de la Maison-Blanche veut \u00e9galement faire avancer deux autres dossiers importants : <\/p>\n<ul data-beyondwords-marker=\"10d59b85-0c29-4ecd-a39c-23ef01306b88\" class=\"wp-block-list\">\n<li data-beyondwords-marker=\"53c6ff8f-65c5-4e04-8c26-84628b185381\">la mise en \u0153uvre de la <strong><a href=\"https:\/\/journalducoin.com\/economie\/stablecoins-genius-act-bonne-nouvelle-emetteurs-stablecoins\/\" data-wpel-link=\"internal\" target=\"_self\" rel=\"follow noopener noreferrer\" class=\"plausible-event-name=Liens+internes\">GENIUS Act<\/a><\/strong>,<\/li>\n<li data-beyondwords-marker=\"53c6ff8f-65c5-4e04-8c26-84628b185381\">l\u2019adoption du <strong>Market Structure Bill<\/strong>. <\/li>\n<\/ul>\n<p data-beyondwords-marker=\"63810294-7dae-43d4-af5c-12d408d814d3\">Concernant la <strong>loi sur les stablecoins<\/strong>, sign\u00e9e par le pr\u00e9sident Trump en juin dernier, Patrick Witt a d\u00e9clar\u00e9 qu\u2019il \u00e9tait en contact r\u00e9gulier avec les agences f\u00e9d\u00e9rales charg\u00e9es de l\u2019appliquer et qu\u2019il esp\u00e9rait voir des progr\u00e8s rapides.<\/p>\n<p data-beyondwords-marker=\"9b14ae0b-e076-4b3f-b5dc-1c62048ae5cd\">Quant au Market Structure Bill, qui vise \u00e0 clarifier le cadre r\u00e9glementaire des cryptomonnaies aux \u00c9tats-Unis, Patrick Witt a salu\u00e9 les <strong>am\u00e9liorations apport\u00e9es au texte par le Comit\u00e9 bancaire du S\u00e9nat<\/strong> et a appel\u00e9 \u00e0 un consensus bipartisan pour le faire passer.<\/p>\n<p data-beyondwords-marker=\"74655b4e-a057-498f-8d4c-9e62ced4e6a7\">Il a notamment r\u00e9pondu aux critiques des d\u00e9mocrates qui accusent Donald Trump de conflit d\u2019int\u00e9r\u00eat en raison de ses investissements personnels dans le secteur crypto. Pour lui, il s\u2019agit d\u2019un argument <strong>\u00ab ill\u00e9gitime \u00bb<\/strong> et il a affirm\u00e9 que <strong>\u00ab c\u2019est une victoire pour l\u2019Am\u00e9rique, pas pour un groupe particulier d\u2019individus \u00bb<\/strong>.<\/p>\n<p data-beyondwords-marker=\"f24bc6ad-fe86-4584-a738-6dd022154f2f\">Patrick Witt a donc du pain sur la planche pour mener \u00e0 bien les initiatives crypto de la Maison-Blanche et il compte bien garder <strong>\u00ab le pied sur l\u2019acc\u00e9l\u00e9rateur \u00bb<\/strong> comme il le dit lui-m\u00eame. Il faut dire que le pr\u00e9sident Trump avait fix\u00e9 un d\u00e9lai au mois d\u2019ao\u00fbt pour faire avancer ces dossiers et que le retard accumul\u00e9 commence \u00e0 agacer certains observateurs.<\/p>\n","protected":false},"excerpt":{"rendered":"Une r\u00e9serve de Bitcoin pour les USA. Le 7 mars dernier, le pr\u00e9sident Donald Trump a sign\u00e9 un&hellip;\n","protected":false},"author":2,"featured_media":379684,"comment_status":"","ping_status":"","sticky":false,"template":"","format":"standard","meta":{"footnotes":""},"categories":[1589],"tags":[11,73,2474,1866,2112,12,316,14444,1864,1865,1863,308],"class_list":{"0":"post-379683","1":"post","2":"type-post","3":"status-publish","4":"format-standard","5":"has-post-thumbnail","7":"category-etats-unis","8":"tag-actualites","9":"tag-etats-unis","10":"tag-etats-unis-usa","11":"tag-etats-unis-damerique","12":"tag-marches-financiers","13":"tag-news","14":"tag-politique","15":"tag-regulation-cryptomonnaie","16":"tag-united-states","17":"tag-united-states-of-america","18":"tag-us","19":"tag-usa"},"share_on_mastodon":{"url":"https:\/\/pubeurope.com\/@fr\/115178766639735205","error":""},"_links":{"self":[{"href":"https:\/\/www.europesays.com\/fr\/wp-json\/wp\/v2\/posts\/379683","targetHints":{"allow":["GET"]}}],"collection":[{"href":"https:\/\/www.europesays.com\/fr\/wp-json\/wp\/v2\/posts"}],"about":[{"href":"https:\/\/www.europesays.com\/fr\/wp-json\/wp\/v2\/types\/post"}],"author":[{"embeddable":true,"href":"https:\/\/www.europesays.com\/fr\/wp-json\/wp\/v2\/users\/2"}],"replies":[{"embeddable":true,"href":"https:\/\/www.europesays.com\/fr\/wp-json\/wp\/v2\/comments?post=379683"}],"version-history":[{"count":0,"href":"https:\/\/www.europesays.com\/fr\/wp-json\/wp\/v2\/posts\/379683\/revisions"}],"wp:featuredmedia":[{"embeddable":true,"href":"https:\/\/www.europesays.com\/fr\/wp-json\/wp\/v2\/media\/379684"}],"wp:attachment":[{"href":"https:\/\/www.europesays.com\/fr\/wp-json\/wp\/v2\/media?parent=379683"}],"wp:term":[{"taxonomy":"category","embeddable":true,"href":"https:\/\/www.europesays.com\/fr\/wp-json\/wp\/v2\/categories?post=379683"},{"taxonomy":"post_tag","embeddable":true,"href":"https:\/\/www.europesays.com\/fr\/wp-json\/wp\/v2\/tags?post=379683"}],"curies":[{"name":"wp","href":"https:\/\/api.w.org\/{rel}","templated":true}]}}