{"id":379689,"date":"2025-09-10T07:16:16","date_gmt":"2025-09-10T07:16:16","guid":{"rendered":"https:\/\/www.europesays.com\/fr\/379689\/"},"modified":"2025-09-10T07:16:16","modified_gmt":"2025-09-10T07:16:16","slug":"en-direct-mouvement-du-10-septembre-des-premiers-blocages-en-cours-a-paris-bordeaux-et-toulouse","status":"publish","type":"post","link":"https:\/\/www.europesays.com\/fr\/379689\/","title":{"rendered":"EN DIRECT &#8211; Mouvement du 10 septembre : des premiers blocages en cours \u00e0 Paris, Bordeaux et Toulouse"},"content":{"rendered":"<p>Lanc\u00e9e sur les r\u00e9seaux sociaux, la mobilisation nationale du 10-Septembre se tient ce mercredi. Cette journ\u00e9e du mouvement \u00ab\u00a0Bloquons tout\u201d, dont les contours sont encore difficiles \u00e0 cerner, inqui\u00e8te particuli\u00e8rement les instances, mais \u00e9galement les commer\u00e7ants. Face \u00e0 cela, 80.000 forces de l\u2019ordre sont d\u00e9ploy\u00e9es. Suivez notre direct.<\/p>\n<p>Une journ\u00e9e \u00e0 haut risque. Ce mercredi, la <a href=\"https:\/\/www.europe1.fr\/politique\/blocages-greves-a-quoi-faut-il-sattendre-pour-la-journee-bloquons-tout-du-10-septembre-771736\" target=\"_blank\" rel=\"noopener\">manifestation du 10-Septembre appelle \u00e0 \u00ab\u00a0tout bloquer\u00a0\u00bb<\/a> afin de faire entendre la col\u00e8re g\u00e9n\u00e9rale des Fran\u00e7ais. Ce mouvement de contestation, appel\u00e9 \u00ab\u00a0Bloquons tout\u00a0\u00bb et lanc\u00e9 sur les r\u00e9seaux sociaux, dont les contours sont encore flous, inqui\u00e8te particuli\u00e8rement les instances, qui s\u2019attendent \u00e0 des op\u00e9rations coup de poing.<\/p>\n<p>    La suite apr\u00e8s cette publicit\u00e9<\/p>\n<p>    La suite apr\u00e8s cette publicit\u00e9<\/p>\n<p>Face aux craintes de d\u00e9bordement, le ministre de l\u2019Int\u00e9rieur d\u00e9missionnaire, <a href=\"https:\/\/www.europe1.fr\/dossiers\/bruno-retailleau\" target=\"_blank\" rel=\"noopener\">Bruno Retailleau<\/a>, a annonc\u00e9 un d\u00e9ploiement massif des forces de l\u2019ordre. Cette mobilisation survient deux jours apr\u00e8s la <a href=\"https:\/\/www.europe1.fr\/politique\/vote-de-confiance-sans-surprise-le-gouvernement-de-francois-bayrou-est-tombe-771877\" target=\"_blank\" rel=\"noopener\">chute du gouvernement Bayrou<\/a>.\u00a0<\/p>\n<p><strong>Les principales informations :\u00a0<\/strong><\/p>\n<ul>\n<li>Quelque 80.000 gendarmes et policiers sont mobilis\u00e9s mercredi dans le cadre du mouvement \u00ab\u00a0Bloquons tout\u00a0\u00bb.\u00a0<\/li>\n<li>Les forces de l&rsquo;ordre \u00e9taient pr\u00e9sentes d\u00e8s mardi soir sur des zones sensibles.\u00a0<\/li>\n<li>Les forces de l&rsquo;ordre \u00ab\u00a0ne tol\u00e8reront aucune d\u00e9gradation, aucun blocage\u00a0\u00bb et \u00ab\u00a0interviendront syst\u00e9matiquement\u00a0\u00bb, a rappel\u00e9\u00a0Laurent Nu\u00f1ez.<\/li>\n<li>Le trafic ferroviaire est perturb\u00e9 sur une partie des lignes nationales et franciliennes.<\/li>\n<\/ul>\n<p>Un bus en feu \u00e0 Rennes<\/p>\n<p>L&rsquo;un des bus du d\u00e9p\u00f4t d\u00e9bloqu\u00e9 ce mercredi matin qui circulait sur la rocade \u00e0 \u00e9t\u00e9 immobilis\u00e9 sous un pont de la rocade de Rennes, saccag\u00e9 par des manifestants, et mis \u00e0 feu, a-t-on appris de source polici\u00e8re.\u00a0<\/p>\n<p>    La suite apr\u00e8s cette publicit\u00e9<\/p>\n<p>    La suite apr\u00e8s cette publicit\u00e9<\/p>\n<p>Blocage en cours \u00e0 proximit\u00e9 d&rsquo;un p\u00e9age de l&rsquo;A10 \u00e0 hauteur de Poitiers<\/p>\n<p>Selon la gendarmerie, environ 300 personnes se trouvent sur le rond-point qui dessert le p\u00e9age Poitiers-Sud sur l&rsquo;autoroute A10. 50 personnes, tout de noir v\u00eatus et casqu\u00e9s ont tent\u00e9 de casser ou de taguer des cabines. Une trentaine de gendarmes se trouvent sur place.<\/p>\n<p>Une situation sous contr\u00f4le mais tr\u00e8s \u00e9volutive<\/p>\n<p>A 7h30, la situation semble \u00eatre sous contr\u00f4le mais tr\u00e8s \u00e9volutive, selon une source de la gendarmerie. Une cinquantaine d&rsquo;actions en Zone de gendarmerie est d\u00e9nombr\u00e9e et plus d&rsquo;un milliers de manifestants semble \u00eatre d\u00e9ploy\u00e9 sur le territoire.<\/p>\n<p>    La suite apr\u00e8s cette publicit\u00e9<\/p>\n<p>    La suite apr\u00e8s cette publicit\u00e9<\/p>\n<p>Les forces de l&rsquo;ordre recensent une trentaine de blocages dont une dizaine sur des axes routiers. A ce propos, le trafic sur l&rsquo;A10 est interrompu dans les deux sens (Potiers, Sud).<\/p>\n<p>Des bloqueurs encagoul\u00e9s<\/p>\n<p>Toujours selon les informations d&rsquo;Europe 1, des tensions ont \u00e9t\u00e9 observ\u00e9es \u00e0 la Porte d&rsquo;Orl\u00e9ans et \u00e0 la Porte de Montreuil \u00e0 Paris. Ici, 250 personnes, dont certaines cagoul\u00e9es, sont r\u00e9unies et une action semble \u00eatre imminente. A Montreuil, en Seine-Saint-Denis, la rue Maryse Hilz est bloqu\u00e9e par une cinquantaines d&rsquo;\u00e9meutiers et de nombres poubelles ont \u00e9t\u00e9 plac\u00e9es devant le lyc\u00e9e Jean Jaur\u00e8s.\u00a0<\/p>\n<p>    La suite apr\u00e8s cette publicit\u00e9<\/p>\n<p>A Paris, c&rsquo;est devant le lyc\u00e9e Montaigne qu&rsquo;une vingtaine de jeunes encagoul\u00e9s tente un blocus.<\/p>\n<p>Pas de mouvement d&rsquo;ampleur au matin<\/p>\n<p>Apr\u00e8s une nuit calme, aucun mouvement d&rsquo;ampleur n&rsquo;est \u00e0 observer au matin. Selon une source politique, sept actions ont eu lieu dans la nuit et \u00e9taient toujours en cours \u00e0 6h30. A la m\u00eame heure, deux rassemblements avaient lieu \u00e0 l&rsquo;a\u00e9roport de Bouguenais \u00e0 Nantes et sur un rond point \u00e0 Langon, en Gironde. Les deux actions ne rassemblaient pas plus de 70 personnes.\u00a0<\/p>\n<p>En termes de d\u00e9gradations, deux radars ont \u00e9t\u00e9 d\u00e9t\u00e9rior\u00e9s dans la Meuse et un tag appelant \u00e0 la destitution d&rsquo;Emmanuel Macron a \u00e9t\u00e9 r\u00e9alis\u00e9 \u00e0 Draillant en Haute-Savoie.\u00a0<\/p>\n<p>\u00c0 Draguignan, les manifestants pr\u00e9sents depuis 5h du matin<\/p>\n<p>Depuis 5h, ce mercredi matin, des manifestants sont install\u00e9s sur un rond-point d&rsquo;une zone artisanale de Draguignan, drapeaux tricolores et ceux de la conf\u00e9d\u00e9ration paysanne \u00e0 la main. Ils r\u00e9clament le d\u00e9part d&rsquo;Emmanuel Macron en proposant de tout blout bloquer. Selon nos informations, il y a des manifestants de gauche, de droite, des souverainistes, des anciens gilets jaunes.<\/p>\n<p>\u00ab\u00a0Le but est de bloquer, de ralentir les flux de voitures, d&rsquo;imputer aussi nos probl\u00e9matiques aux diff\u00e9rents gros acteurs du march\u00e9 fran\u00e7ais, comme sur cette zone Lidl\u00a0\u00bb, a d\u00e9clar\u00e9 Fabien, coordinateur de ce mouvement, \u00e0 notre micro.<\/p>\n<p>Alors tout se passe dans le calme pour l&rsquo;instant, il y a une dizaine de gendarmes pr\u00e9sents pour encadrer les manifestants qui distribuent des tracts aux automobilistes de passage sur le rond-point et il y \u00e0 de nombreux klaxons qui r\u00e9sonnent en soutien.<\/p>\n<p>Des premi\u00e8res actions observ\u00e9es au petit matin<\/p>\n<p>Des premiers incidents sont observ\u00e9s en France, \u00ab\u00a0notamment sur Bordeaux\u00a0\u00bb avec \u00ab\u00a0une tentative de blocage\u00a0\u00bb perp\u00e9tr\u00e9e par \u00ab\u00a0une cinquantaine d&rsquo;individus cagoul\u00e9s\u00a0\u00bb, assure Bruno Retailleau au micro d&rsquo;Europe 1. Seule radio \u00e0 suivre le ministre de l&rsquo;Int\u00e9rieur d\u00e9missionnaire en cette journ\u00e9e de mobilisations, il poursuit en assurant qu&rsquo;il \u00ab\u00a0craignait\u00a0\u00bb que les actions commencent dans la nuit\u00a0\u00bb.<\/p>\n<p>Un \u00ab\u00a0incendie de c\u00e2bles\u00a0\u00bb est \u00e0 d\u00e9plorer sur Toulouse et a \u00ab\u00a0interrompu la circulation entre Toulouse et Auch\u00a0\u00bb.\u00a0<\/p>\n<p>Les forces de l&rsquo;ordre pr\u00e9sentes d\u00e8s mardi soir<\/p>\n<p>Le ministre de l&rsquo;Int\u00e9rieur Bruno Retailleau a indiqu\u00e9 que des forces de s\u00e9curit\u00e9 \u00e9taient d\u00e9ploy\u00e9es d\u00e8s mardi soir sur \u00ab\u00a0des zones sensibles\u00a0\u00bb, \u00e0 la veille de la mobilisation nationale.\u00a0<\/p>\n<p>\u00ab\u00a0Il y a un certain nombre de groupuscules qui sont en train de se pr\u00e9parer et l\u00e0, c&rsquo;est tol\u00e9rance z\u00e9ro et d\u00e8s ce soir (mardi), il faudra occuper le terrain sur des zones sensibles pour ne supporter \u00e9videmment aucune sorte de violence ni de blocage\u00a0\u00bb, a rappel\u00e9 Bruno Retailleau lors d&rsquo;un point presse place Beauvau.<\/p>\n<p>Aucune d\u00e9gradation ni blocage ne seront tol\u00e9r\u00e9s, rappelle Laurent Nu\u00f1ez<\/p>\n<p>Le pr\u00e9fet de police de Paris, Laurent Nu\u00f1ez, a rappel\u00e9 mardi que les forces de l&rsquo;ordre \u00ab\u00a0ne tol\u00e8reront aucune d\u00e9gradation, aucun blocage\u00a0\u00bb et \u00ab\u00a0interviendront syst\u00e9matiquement\u00a0\u00bb ce mercredi lors du mouvement \u00ab\u00a0Bloquons tout\u00a0\u00bb.<\/p>\n<p>Invit\u00e9 de BFMTV\/RMC, le pr\u00e9fet de police a relev\u00e9 que \u00ab\u00a0l&rsquo;appel g\u00e9n\u00e9ral \u2018Bloquons tout\u2019 a \u00e9t\u00e9 repris par l&rsquo;ultragauche\u00a0\u00bb, de sorte que les autorit\u00e9s \u00ab\u00a0s&rsquo;attendent \u00e0 des actions dures\u00a0\u00bb. \u00ab\u00a0On ne pense pas que ce mouvement mobilise la soci\u00e9t\u00e9 civile\u00a0\u00bb, a ajout\u00e9 Laurent Nu\u00f1ez.<\/p>\n<p>Trafic ferroviaire perturb\u00e9 sur une partie des lignes nationales et franciliennes<\/p>\n<p>Le <a href=\"https:\/\/www.europe1.fr\/societe\/manifestations-du-10-septembre-quelles-perturbations-a-prevoir-dans-les-transports-772010\" target=\"_blank\" rel=\"noopener\">trafic sera perturb\u00e9<\/a> sur de nombreuses lignes ferroviaires en Ile-de-France ce mercredi, le ministre des Transports promettant un important dispositif de s\u00e9curit\u00e9 \u00e0 Paris \u00e0 la Gare du Nord, qui pourrait \u00eatre cibl\u00e9e par des manifestants.<\/p>\n<p>A la RATP, le trafic sera \u00ab\u00a0quasi normal\u00a0\u00bb dans le m\u00e9tro avec \u00ab\u00a0plus de neuf trains sur dix\u00a0\u00bb sur les lignes 5, 8, 9 et 13, les autres n&rsquo;\u00e9tant pas affect\u00e9es. En moyenne, \u00ab\u00a0neuf bus sur dix circuleront sur l\u2019ensemble du r\u00e9seau\u00a0\u00bb, tandis que les tramways fonctionneront \u00e0 100%.<\/p>\n<p>La SNCF avait d\u00e9j\u00e0 pr\u00e9venu lundi que le trafic ferroviaire serait affect\u00e9 dans l&rsquo;Hexagone par le mouvement social de mercredi, en particulier celui des TER et des Intercit\u00e9s, mais pas le r\u00e9seau \u00e0 grande vitesse.<\/p>\n","protected":false},"excerpt":{"rendered":"Lanc\u00e9e sur les r\u00e9seaux sociaux, la mobilisation nationale du 10-Septembre se tient ce mercredi. Cette journ\u00e9e du mouvement&hellip;\n","protected":false},"author":2,"featured_media":379690,"comment_status":"","ping_status":"","sticky":false,"template":"","format":"standard","meta":{"footnotes":""},"categories":[1586],"tags":[11,1777,674,1011,27,12,25],"class_list":{"0":"post-379689","1":"post","2":"type-post","3":"status-publish","4":"format-standard","5":"has-post-thumbnail","7":"category-europe","8":"tag-actualites","9":"tag-eu","10":"tag-europe","11":"tag-fr","12":"tag-france","13":"tag-news","14":"tag-republique-francaise"},"share_on_mastodon":{"url":"https:\/\/pubeurope.com\/@fr\/115178778335721994","error":""},"_links":{"self":[{"href":"https:\/\/www.europesays.com\/fr\/wp-json\/wp\/v2\/posts\/379689","targetHints":{"allow":["GET"]}}],"collection":[{"href":"https:\/\/www.europesays.com\/fr\/wp-json\/wp\/v2\/posts"}],"about":[{"href":"https:\/\/www.europesays.com\/fr\/wp-json\/wp\/v2\/types\/post"}],"author":[{"embeddable":true,"href":"https:\/\/www.europesays.com\/fr\/wp-json\/wp\/v2\/users\/2"}],"replies":[{"embeddable":true,"href":"https:\/\/www.europesays.com\/fr\/wp-json\/wp\/v2\/comments?post=379689"}],"version-history":[{"count":0,"href":"https:\/\/www.europesays.com\/fr\/wp-json\/wp\/v2\/posts\/379689\/revisions"}],"wp:featuredmedia":[{"embeddable":true,"href":"https:\/\/www.europesays.com\/fr\/wp-json\/wp\/v2\/media\/379690"}],"wp:attachment":[{"href":"https:\/\/www.europesays.com\/fr\/wp-json\/wp\/v2\/media?parent=379689"}],"wp:term":[{"taxonomy":"category","embeddable":true,"href":"https:\/\/www.europesays.com\/fr\/wp-json\/wp\/v2\/categories?post=379689"},{"taxonomy":"post_tag","embeddable":true,"href":"https:\/\/www.europesays.com\/fr\/wp-json\/wp\/v2\/tags?post=379689"}],"curies":[{"name":"wp","href":"https:\/\/api.w.org\/{rel}","templated":true}]}}