{"id":379691,"date":"2025-09-10T07:17:10","date_gmt":"2025-09-10T07:17:10","guid":{"rendered":"https:\/\/www.europesays.com\/fr\/379691\/"},"modified":"2025-09-10T07:17:10","modified_gmt":"2025-09-10T07:17:10","slug":"des-discussions-entre-larmenie-liran-et-linde-sur-lautoroute-nord-sud-et-linitiative-carrefour-de-la-paix-ont-eu-lieu-a-teheran","status":"publish","type":"post","link":"https:\/\/www.europesays.com\/fr\/379691\/","title":{"rendered":"Des discussions entre l&rsquo;Arm\u00e9nie, l&rsquo;Iran et l&rsquo;Inde sur l&rsquo;autoroute Nord-Sud et l&rsquo;initiative \u00ab Carrefour de la paix \u00bb ont eu lieu \u00e0 T\u00e9h\u00e9ran"},"content":{"rendered":"<p data-start=\"177\" data-end=\"600\">Des repr\u00e9sentants des minist\u00e8res des Affaires \u00e9trang\u00e8res d\u2019Arm\u00e9nie, d\u2019Inde et d\u2019Iran se sont rencontr\u00e9s \u00e0 T\u00e9h\u00e9ran pour tenir des discussions trilat\u00e9rales, visant \u00e0 examiner les perspectives de coop\u00e9ration dans le secteur des communications dans le cadre des projets \u00ab Corridor international de transport Nord-Sud \u00bb et \u00ab Carrefour arm\u00e9nien de la paix \u00bb, en exploitant l\u2019emplacement strat\u00e9gique du port iranien de Chabahar.<\/p>\n<p data-start=\"602\" data-end=\"892\">Cette rencontre constituait la troisi\u00e8me du genre. Selon le minist\u00e8re arm\u00e9nien des Affaires \u00e9trang\u00e8res, les d\u00e9l\u00e9gations ont \u00e9voqu\u00e9 l\u2019avancement obtenu apr\u00e8s les d\u00e9cisions issues de la premi\u00e8re r\u00e9union organis\u00e9e \u00e0 Erevan en avril 2023 et de la seconde, tenue en d\u00e9cembre 2024 \u00e0 Delhi.<\/p>\n<p data-start=\"894\" data-end=\"1227\">Les intervenants ont insist\u00e9 sur la n\u00e9cessit\u00e9 de renforcer et d\u2019approfondir la coop\u00e9ration, particuli\u00e8rement dans le domaine des communications, toujours en lien avec les projets \u00ab Corridor international de transport Nord-Sud \u00bb et \u00ab Carrefour arm\u00e9nien de la paix \u00bb, en mettant en avant l\u2019importance strat\u00e9gique du port de Chabahar.<\/p>\n<p data-start=\"1229\" data-end=\"1453\">Les d\u00e9l\u00e9gations ont \u00e9galement \u00e9chang\u00e9 sur diverses initiatives et ont soulign\u00e9 la valeur du d\u00e9veloppement des relations dans les domaines \u00e9conomique, commercial, culturel, humain et dans d\u2019autres sph\u00e8res d\u2019int\u00e9r\u00eat partag\u00e9.<\/p>\n<p data-start=\"1455\" data-end=\"1568\">Il a \u00e9t\u00e9 d\u00e9cid\u00e9 que la prochaine r\u00e9union trilat\u00e9rale aurait lieu en Arm\u00e9nie l\u2019an prochain.<\/p>\n<p data-start=\"1570\" data-end=\"1953\">La d\u00e9l\u00e9gation iranienne \u00e9tait dirig\u00e9e par Mohammad Reza Bahrami, directeur g\u00e9n\u00e9ral des affaires sud-asiatiques au minist\u00e8re iranien des Affaires \u00e9trang\u00e8res, tandis que la d\u00e9l\u00e9gation indienne \u00e9tait conduite par Anand Prakash, responsable r\u00e9gional pour le Pakistan, l\u2019Afghanistan et l\u2019Iran, et la d\u00e9l\u00e9gation arm\u00e9nienne par Anahit Karapetyan, directrice du d\u00e9partement Asie-Pacifique.<\/p>\n","protected":false},"excerpt":{"rendered":"Des repr\u00e9sentants des minist\u00e8res des Affaires \u00e9trang\u00e8res d\u2019Arm\u00e9nie, d\u2019Inde et d\u2019Iran se sont rencontr\u00e9s \u00e0 T\u00e9h\u00e9ran pour tenir&hellip;\n","protected":false},"author":2,"featured_media":379692,"comment_status":"","ping_status":"","sticky":false,"template":"","format":"standard","meta":{"footnotes":""},"categories":[1586],"tags":[11,5950,312,1777,674,1779,1011,27,5595,3019,12,25,1778,364],"class_list":{"0":"post-379691","1":"post","2":"type-post","3":"status-publish","4":"format-standard","5":"has-post-thumbnail","7":"category-europe","8":"tag-actualites","9":"tag-armenie","10":"tag-diplomatie","11":"tag-eu","12":"tag-europe","13":"tag-european-union","14":"tag-fr","15":"tag-france","16":"tag-inde","17":"tag-iran","18":"tag-news","19":"tag-republique-francaise","20":"tag-ue","21":"tag-union-europeenne"},"share_on_mastodon":{"url":"https:\/\/pubeurope.com\/@fr\/115178782302674786","error":""},"_links":{"self":[{"href":"https:\/\/www.europesays.com\/fr\/wp-json\/wp\/v2\/posts\/379691","targetHints":{"allow":["GET"]}}],"collection":[{"href":"https:\/\/www.europesays.com\/fr\/wp-json\/wp\/v2\/posts"}],"about":[{"href":"https:\/\/www.europesays.com\/fr\/wp-json\/wp\/v2\/types\/post"}],"author":[{"embeddable":true,"href":"https:\/\/www.europesays.com\/fr\/wp-json\/wp\/v2\/users\/2"}],"replies":[{"embeddable":true,"href":"https:\/\/www.europesays.com\/fr\/wp-json\/wp\/v2\/comments?post=379691"}],"version-history":[{"count":0,"href":"https:\/\/www.europesays.com\/fr\/wp-json\/wp\/v2\/posts\/379691\/revisions"}],"wp:featuredmedia":[{"embeddable":true,"href":"https:\/\/www.europesays.com\/fr\/wp-json\/wp\/v2\/media\/379692"}],"wp:attachment":[{"href":"https:\/\/www.europesays.com\/fr\/wp-json\/wp\/v2\/media?parent=379691"}],"wp:term":[{"taxonomy":"category","embeddable":true,"href":"https:\/\/www.europesays.com\/fr\/wp-json\/wp\/v2\/categories?post=379691"},{"taxonomy":"post_tag","embeddable":true,"href":"https:\/\/www.europesays.com\/fr\/wp-json\/wp\/v2\/tags?post=379691"}],"curies":[{"name":"wp","href":"https:\/\/api.w.org\/{rel}","templated":true}]}}