{"id":379694,"date":"2025-09-10T07:19:12","date_gmt":"2025-09-10T07:19:12","guid":{"rendered":"https:\/\/www.europesays.com\/fr\/379694\/"},"modified":"2025-09-10T07:19:12","modified_gmt":"2025-09-10T07:19:12","slug":"direct-bloquons-tout-a-lannion-guingamp-paimpol-un-pont-et-liut-bloques-a-lannion","status":"publish","type":"post","link":"https:\/\/www.europesays.com\/fr\/379694\/","title":{"rendered":"DIRECT &#8211; \u00ab\u00a0Bloquons-tout\u00a0\u00bb \u00e0 Lannion, Guingamp, Paimpol : un pont et l&rsquo;IUT bloqu\u00e9s \u00e0 Lannion"},"content":{"rendered":"<p>Premi\u00e8re action \u00e0 Lannion, blocage du pont de Viarmes<\/p>\n<p>Sur leur messagerie Telegram, les personnes impliqu\u00e9es dans les discussions autour du mouvement \u00ab\u00a0Bloquons-tout\u00a0\u00bb s&rsquo;\u00e9taient donn\u00e9 un rendez-vous tr\u00e8s matinal, ce mercredi 10 septembre, \u00e0 6\u00a0h\u00a015, \u00e0 Lannion, pour d\u00e9cider des actions \u00e0 mener dans la journ\u00e9e. Entre trente et quarante personnes se sont ainsi rassembl\u00e9es devant La Poste de Lannion. Elles ont d\u00e9cid\u00e9 d&rsquo;aller bloquer le pont de Viarmes, \u00e0 l&rsquo;entr\u00e9e de la ville. Des barri\u00e8res des poubelles ont \u00e9t\u00e9 pos\u00e9es pour emp\u00eacher la circulation. Une vieille voiture \u00e0 p\u00e9dales fait le tour des ponts pour ralentir la circulation. La police est sur place. <\/p>\n<p>Beaucoup de manifestants sont masqu\u00e9s. Un livreur leur confie qu&rsquo;il adh\u00e8re mais ne comprend pas pourquoi on le bloque , \u00ab\u00a0Vous perdez du temps, allez bloquer l&rsquo;Elysee\u00a0\u00bb, leur lance-t-il.<\/p>\n<p><img decoding=\"async\" src=\"https:\/\/www.europesays.com\/fr\/wp-content\/uploads\/2025\/09\/68c1134dc5c8be51540905c2.1.jpeg\" width=\"480\" height=\"300\" class=\"web_golden_m\" loading=\"lazy\" alt=\"Les manifestants ne passent pas inaper\u00e7us \u00e0 bord de cette voiture \u00e0 p\u00e9dales.\"\/>Les manifestants ne passent pas inaper\u00e7us \u00e0 bord de cette voiture \u00e0 p\u00e9dales. (Olivier Paris)<img decoding=\"async\" src=\"https:\/\/www.europesays.com\/fr\/wp-content\/uploads\/2025\/09\/68c10977e4ac7f89f40b276c.1.jpeg\" width=\"480\" height=\"300\" class=\"web_golden_m\" loading=\"lazy\" alt=\"Blocage d'un pont \u00e0 Lannion\"\/>Des barri\u00e8res de poubelles ont \u00e9t\u00e9 dress\u00e9es pour bloquer un pont \u00e0 Lannion (Morvan L\u00e9on)<\/p>\n","protected":false},"excerpt":{"rendered":"Premi\u00e8re action \u00e0 Lannion, blocage du pont de Viarmes Sur leur messagerie Telegram, les personnes impliqu\u00e9es dans les&hellip;\n","protected":false},"author":2,"featured_media":379695,"comment_status":"","ping_status":"","sticky":false,"template":"","format":"standard","meta":{"footnotes":""},"categories":[2],"tags":[11,765,1011,27,4044,5862,50747,12,7762,25],"class_list":{"0":"post-379694","1":"post","2":"type-post","3":"status-publish","4":"format-standard","5":"has-post-thumbnail","7":"category-actualites","8":"tag-actualites","9":"tag-en-continu","10":"tag-fr","11":"tag-france","12":"tag-guingamp","13":"tag-lannion","14":"tag-mobilisation-du-10-septembre-2025","15":"tag-news","16":"tag-paimpol","17":"tag-republique-francaise"},"share_on_mastodon":{"url":"https:\/\/pubeurope.com\/@fr\/115178790570835009","error":""},"_links":{"self":[{"href":"https:\/\/www.europesays.com\/fr\/wp-json\/wp\/v2\/posts\/379694","targetHints":{"allow":["GET"]}}],"collection":[{"href":"https:\/\/www.europesays.com\/fr\/wp-json\/wp\/v2\/posts"}],"about":[{"href":"https:\/\/www.europesays.com\/fr\/wp-json\/wp\/v2\/types\/post"}],"author":[{"embeddable":true,"href":"https:\/\/www.europesays.com\/fr\/wp-json\/wp\/v2\/users\/2"}],"replies":[{"embeddable":true,"href":"https:\/\/www.europesays.com\/fr\/wp-json\/wp\/v2\/comments?post=379694"}],"version-history":[{"count":0,"href":"https:\/\/www.europesays.com\/fr\/wp-json\/wp\/v2\/posts\/379694\/revisions"}],"wp:featuredmedia":[{"embeddable":true,"href":"https:\/\/www.europesays.com\/fr\/wp-json\/wp\/v2\/media\/379695"}],"wp:attachment":[{"href":"https:\/\/www.europesays.com\/fr\/wp-json\/wp\/v2\/media?parent=379694"}],"wp:term":[{"taxonomy":"category","embeddable":true,"href":"https:\/\/www.europesays.com\/fr\/wp-json\/wp\/v2\/categories?post=379694"},{"taxonomy":"post_tag","embeddable":true,"href":"https:\/\/www.europesays.com\/fr\/wp-json\/wp\/v2\/tags?post=379694"}],"curies":[{"name":"wp","href":"https:\/\/api.w.org\/{rel}","templated":true}]}}