{"id":379698,"date":"2025-09-10T07:21:17","date_gmt":"2025-09-10T07:21:17","guid":{"rendered":"https:\/\/www.europesays.com\/fr\/379698\/"},"modified":"2025-09-10T07:21:17","modified_gmt":"2025-09-10T07:21:17","slug":"jon-rahm-toujours-tres-evasif-sur-ses-amendes-impayees","status":"publish","type":"post","link":"https:\/\/www.europesays.com\/fr\/379698\/","title":{"rendered":"Jon Rahm, toujours tr\u00e8s \u00e9vasif sur ses amendes impay\u00e9es !"},"content":{"rendered":"<p>\t\t\t\t\t\t<img width=\"770\" height=\"556\" src=\"https:\/\/www.europesays.com\/fr\/wp-content\/uploads\/2025\/09\/jon-rahm-golf-liv-guerre-des-circuits-dp-world-tour-amendes-770x556.jpg\" class=\"img-responsive wp-post-image\" alt=\"Jon Rahm Photo by Isaiah Vazquez \/ GETTY IMAGES NORTH AMERICA \/ Getty Images via AFP\" decoding=\"async\" fetchpriority=\"high\"  \/>\t\t\t\t\t<\/p>\n<p>\t\t\t\t\t\t Partager cet article <\/p>\n<p class=\"screen-reader-text juiz_sps_maybe_hidden_text\">Partager la publication \u00ab\u00a0Jon Rahm, toujours tr\u00e8s \u00e9vasif sur ses amendes impay\u00e9es !\u00a0\u00bb<\/p>\n<p><strong>S\u00e9lectionn\u00e9 par Luke Donald pour repr\u00e9senter l\u2019\u00e9quipe europ\u00e9enne de Ryder Cup \u00e0 Bethpage Black (New York) du 26 au 28 septembre, Jon Rahm, pr\u00e9sent \u00e0 Wentworth (Angleterre) pour le BMW PGA Championship, reste toujours sous le coup d\u2019un appel suspensif concernant ses amendes impay\u00e9es li\u00e9es \u00e0 son d\u00e9part sur le LIV Golf en d\u00e9cembre 2023.\u00a0\u00a0<\/strong><\/p>\n<p>\t\t\t\t\t<a id=\"174987\" href=\"https:\/\/www.sudfrancegolf.com\/fr\/\" target=\"_blank\" rel=\"sponsorised noopener\"><img decoding=\"async\" src=\"data:image\/svg+xml,%3Csvg%20xmlns=\" http:=\"\" class=\"img-responsive\" alt=\"\" data-lazy-src=\"https:\/\/www.europesays.com\/fr\/wp-content\/uploads\/2025\/06\/giesudfrancegolf-e02-egolf-pass-2025-v2-1170x275-1.gif\"\/><\/a><\/p>\n<p>En sursis <strong>Jon Rahm<\/strong> ? Alors qu\u2019il s\u2019appr\u00eate \u00e0 d\u00e9fendre les couleurs europ\u00e9ennes du 26 au 28 septembre \u00e0 <strong>Bethpage Black<\/strong> (New York) dans le cadre de <strong>45e Ryder Cup de l\u2019histoire<\/strong>, l\u2019Espagnol, \u00ab\u00a0transf\u00e9r\u00e9\u00a0\u00bb sur le<strong> LIV Golf<\/strong> en d\u00e9cembre 2023 pour la modique somme de 500 millions de dollars, reste toujours sous le coup d\u2019un appel suspensif concernant ses amendes impay\u00e9es sur le Tour europ\u00e9en.\u00a0<\/p>\n<p>Comme l\u2019Anglais <strong>Tyrrell Hatton<\/strong>, lui aussi d\u00e9sormais membre du circuit dissident saoudien et \u00e9galement retenu dans <a href=\"https:\/\/www.golfplanete.com\/actualites\/luke-donald-annonce-sans-la-moindre-surprise-ses-six-picks-pour-bethpage-black\/\" target=\"_blank\" rel=\"noopener\">les six picks de Luke Donald<\/a>, Jon Rahm avait fait appel des sanctions financi\u00e8res impos\u00e9es par le <strong>DP World Tour<\/strong> pour avoir jou\u00e9 sur le circuit LIV sans autorisation. En avril 2023, \u00e0 la suite d\u2019une longue bataille juridique, plusieurs joueurs pass\u00e9s sur le LIV tels <strong>Sergio Garcia<\/strong>, <strong>Lee Westwood<\/strong> et <strong>Ian Poulter<\/strong> avaient \u00e9t\u00e9 \u00ab\u00a0condamn\u00e9s\u00a0\u00bb \u00e0 r\u00e9gler leurs amendes.<\/p>\n<blockquote><p>&#13;<br \/>\nPour \u00eatre honn\u00eate, j\u2019avais compl\u00e8tement oubli\u00e9 ce d\u00e9tail, ce qui est une bonne chose. J\u2019esp\u00e8re que je l\u2019oublierai jusqu\u2019\u00e0 ce que \u00e7a arrive.&#13;<br \/>\n&#13;<br \/>\nJon Rahm \u00e0 propos de la date de son appel<\/p><\/blockquote>\n<p>Dans ce bras de fer entam\u00e9 avec les instances europ\u00e9ennes, Rahm avait d\u00e9clar\u00e9 qu\u2019il n\u2019avait pas l\u2019intention de payer ces lourdes amendes qui se chiffrent environ \u00e0 plus de 1,5 million de Livres Sterling (presque 2 millions d\u2019euros).\u00a0<\/p>\n<p>Interrog\u00e9 sur cette question embarrassante en marge du <strong>BMW PGA Championship<\/strong> o\u00f9 il est engag\u00e9 comme dix autres de ses co\u00e9quipiers de Ryder Cup (seul l\u2019Autrichien <strong>Sepp Straka<\/strong> est absent pour raisons familiales), le Basque est rest\u00e9 tr\u00e8s \u00e9vasif. Pour ne pas dire plus.\u00a0<\/p>\n<p>\u00ab Concernant la date de cet appel, vous en savez autant que moi, a-t-il ainsi r\u00e9pondu en conf\u00e9rence de presse. Je n\u2019en ai aucune id\u00e9e. Vraiment. Et pour \u00eatre honn\u00eate, j\u2019avais compl\u00e8tement oubli\u00e9 ce d\u00e9tail, ce qui est une bonne chose. J\u2019esp\u00e8re que je l\u2019oublierai jusqu\u2019\u00e0 ce que \u00e7a arrive. Ce que j\u2019esp\u00e8re, c\u2019est d\u2019\u00eatre toujours \u00e9ligible pour l\u2019\u00e9quipe de la Ryder Cup. C\u2019est mon objectif. Je veux faire partie de cette \u00e9quipe. \u00bb<\/p>\n<p>\t\t\t\t\t<a id=\"184458\" href=\"https:\/\/www.lacoste.com\/fr\/lacoste\/decouvrez\/sport-collections\/golf\/\" target=\"_blank\" rel=\"sponsorised noopener\"><img fetchpriority=\"high\" decoding=\"async\" src=\"https:\/\/www.europesays.com\/fr\/wp-content\/uploads\/2025\/09\/lacoste-e02-collection-golf-1170x275-1.gif\" class=\"img-responsive\" alt=\"\"\/><\/a><\/p>\n<p>Photo : Isaiah Vazquez \/ GETTY IMAGES NORTH AMERICA \/ Getty Images via AFP<\/p>\n","protected":false},"excerpt":{"rendered":"Partager cet article Partager la publication \u00ab\u00a0Jon Rahm, toujours tr\u00e8s \u00e9vasif sur ses amendes impay\u00e9es !\u00a0\u00bb S\u00e9lectionn\u00e9 par&hellip;\n","protected":false},"author":2,"featured_media":379699,"comment_status":"","ping_status":"","sticky":false,"template":"","format":"standard","meta":{"footnotes":""},"categories":[1418],"tags":[1011,27,1472,60],"class_list":{"0":"post-379698","1":"post","2":"type-post","3":"status-publish","4":"format-standard","5":"has-post-thumbnail","7":"category-golf","8":"tag-fr","9":"tag-france","10":"tag-golf","11":"tag-sports"},"share_on_mastodon":{"url":"https:\/\/pubeurope.com\/@fr\/115178798002453672","error":""},"_links":{"self":[{"href":"https:\/\/www.europesays.com\/fr\/wp-json\/wp\/v2\/posts\/379698","targetHints":{"allow":["GET"]}}],"collection":[{"href":"https:\/\/www.europesays.com\/fr\/wp-json\/wp\/v2\/posts"}],"about":[{"href":"https:\/\/www.europesays.com\/fr\/wp-json\/wp\/v2\/types\/post"}],"author":[{"embeddable":true,"href":"https:\/\/www.europesays.com\/fr\/wp-json\/wp\/v2\/users\/2"}],"replies":[{"embeddable":true,"href":"https:\/\/www.europesays.com\/fr\/wp-json\/wp\/v2\/comments?post=379698"}],"version-history":[{"count":0,"href":"https:\/\/www.europesays.com\/fr\/wp-json\/wp\/v2\/posts\/379698\/revisions"}],"wp:featuredmedia":[{"embeddable":true,"href":"https:\/\/www.europesays.com\/fr\/wp-json\/wp\/v2\/media\/379699"}],"wp:attachment":[{"href":"https:\/\/www.europesays.com\/fr\/wp-json\/wp\/v2\/media?parent=379698"}],"wp:term":[{"taxonomy":"category","embeddable":true,"href":"https:\/\/www.europesays.com\/fr\/wp-json\/wp\/v2\/categories?post=379698"},{"taxonomy":"post_tag","embeddable":true,"href":"https:\/\/www.europesays.com\/fr\/wp-json\/wp\/v2\/tags?post=379698"}],"curies":[{"name":"wp","href":"https:\/\/api.w.org\/{rel}","templated":true}]}}