{"id":379700,"date":"2025-09-10T07:23:15","date_gmt":"2025-09-10T07:23:15","guid":{"rendered":"https:\/\/www.europesays.com\/fr\/379700\/"},"modified":"2025-09-10T07:23:15","modified_gmt":"2025-09-10T07:23:15","slug":"ubb-maxime-lucu-analyse-la-forte-concurrence-qui-regne-a-son-poste","status":"publish","type":"post","link":"https:\/\/www.europesays.com\/fr\/379700\/","title":{"rendered":"UBB \u2013 Maxime Lucu analyse la forte concurrence qui r\u00e8gne \u00e0 son poste"},"content":{"rendered":"<p>\u00c0 Bordeaux-B\u00e8gles, la rotation des effectifs prend une nouvelle dimension cette saison au poste de demi de m\u00eal\u00e9e.<\/p>\n<p>Capitaine bless\u00e9 mais toujours impliqu\u00e9, Maxime Lucu observe de pr\u00e8s l\u2019int\u00e9gration des recrues et jeunes talents appel\u00e9s \u00e0 prendre leurs responsabilit\u00e9s.<\/p>\n<p>Samedi soir face \u00e0 La Rochelle, c\u2019est Martin Page-Relo (26 ans) qui \u00e9tait align\u00e9.<\/p>\n<p>Une prestation salu\u00e9e par Lucu.<\/p>\n<p><strong> L\u2019international Fran\u00e7ais s\u2019est confi\u00e9 via <a href=\"https:\/\/www.francebleu.fr\/emissions\/100-ubb-l-emission\/rugby-maxime-lucu-est-l-invite-de-100-ubb-2633436\" target=\"_blank\" rel=\"noopener\">100% UBB sur Ici Gironde<\/a> :<\/strong><\/p>\n<p>\u00ab On le savait en le signant que c\u2019\u00e9tait un joueur de qualit\u00e9 et l\u00e0 quand on voit le match qu\u2019il fait, parce que ce n\u2019est pas facile, la pression \u00e9tait sur lui. Matthieu Jalibert n\u2019a pas \u00e9t\u00e9 l\u00e0 de la pr\u00e9paration, difficile donc de trouver des automatismes et force est de constater qu\u2019ils en ont trouv\u00e9 rapidement. \u00c7a veut dire aussi l\u2019intelligence du joueur. C\u2019est quelqu\u2019un de tr\u00e8s gentil humainement donc \u00e7a va nous faire du bien cette ann\u00e9e. \u00bb<\/p>\n<p>Mais l\u2019avenir s\u2019\u00e9crit aussi avec la jeunesse. Valentin Hutteau, 18 ans, issu des Crabos, a int\u00e9gr\u00e9 le groupe professionnel.<\/p>\n<p><strong>Lucu croit au potentiel du jeune homme :<\/strong><\/p>\n<p>\u00ab On voit qu\u2019il a \u00e9norm\u00e9ment de qualit\u00e9s au poste et qu\u2019il faut aussi lui laisser le temps parce qu\u2019il vient des Crabos, et comme tu disais, il a fait \u00e0 peine un match, tout ce qui est la gestion des matchs, la gestion de la pression, c\u2019est \u00e7a qui va faire de lui un bon joueur ou pas. Il a fait une tr\u00e8s bonne pr\u00e9paration, en plus c\u2019est un gamin qui est tr\u00e8s gentil, tr\u00e8s humble et tr\u00e8s timide, donc \u00e7a donne envie aussi de l\u2019aider et de l\u2019amener au plus haut niveau. \u00bb<\/p>\n<p>Entre l\u2019exp\u00e9rience des uns et l\u2019enthousiasme des autres, le staff girondin dispose d\u00e9sormais d\u2019un panel de demis de m\u00eal\u00e9e prometteur, de quoi lancer la saison sur des bases solides malgr\u00e9 l\u2019absence temporaire de son capitaine.<\/p>\n","protected":false},"excerpt":{"rendered":"\u00c0 Bordeaux-B\u00e8gles, la rotation des effectifs prend une nouvelle dimension cette saison au poste de demi de m\u00eal\u00e9e.&hellip;\n","protected":false},"author":2,"featured_media":333030,"comment_status":"","ping_status":"","sticky":false,"template":"","format":"standard","meta":{"footnotes":""},"categories":[1416],"tags":[1011,27,479,1468,60],"class_list":{"0":"post-379700","1":"post","2":"type-post","3":"status-publish","4":"format-standard","5":"has-post-thumbnail","7":"category-rugby","8":"tag-fr","9":"tag-france","10":"tag-rugby","11":"tag-rugby-football","12":"tag-sports"},"share_on_mastodon":{"url":"https:\/\/pubeurope.com\/@fr\/115178805888016049","error":""},"_links":{"self":[{"href":"https:\/\/www.europesays.com\/fr\/wp-json\/wp\/v2\/posts\/379700","targetHints":{"allow":["GET"]}}],"collection":[{"href":"https:\/\/www.europesays.com\/fr\/wp-json\/wp\/v2\/posts"}],"about":[{"href":"https:\/\/www.europesays.com\/fr\/wp-json\/wp\/v2\/types\/post"}],"author":[{"embeddable":true,"href":"https:\/\/www.europesays.com\/fr\/wp-json\/wp\/v2\/users\/2"}],"replies":[{"embeddable":true,"href":"https:\/\/www.europesays.com\/fr\/wp-json\/wp\/v2\/comments?post=379700"}],"version-history":[{"count":0,"href":"https:\/\/www.europesays.com\/fr\/wp-json\/wp\/v2\/posts\/379700\/revisions"}],"wp:featuredmedia":[{"embeddable":true,"href":"https:\/\/www.europesays.com\/fr\/wp-json\/wp\/v2\/media\/333030"}],"wp:attachment":[{"href":"https:\/\/www.europesays.com\/fr\/wp-json\/wp\/v2\/media?parent=379700"}],"wp:term":[{"taxonomy":"category","embeddable":true,"href":"https:\/\/www.europesays.com\/fr\/wp-json\/wp\/v2\/categories?post=379700"},{"taxonomy":"post_tag","embeddable":true,"href":"https:\/\/www.europesays.com\/fr\/wp-json\/wp\/v2\/tags?post=379700"}],"curies":[{"name":"wp","href":"https:\/\/api.w.org\/{rel}","templated":true}]}}