{"id":379701,"date":"2025-09-10T07:24:10","date_gmt":"2025-09-10T07:24:10","guid":{"rendered":"https:\/\/www.europesays.com\/fr\/379701\/"},"modified":"2025-09-10T07:24:10","modified_gmt":"2025-09-10T07:24:10","slug":"us-open-alcaraz-change-encore-de-coupe-de-cheveux-et-ca-vaut-le-detour-we-love-tennis","status":"publish","type":"post","link":"https:\/\/www.europesays.com\/fr\/379701\/","title":{"rendered":"US Open &gt; Alcaraz change encore de coupe de cheveux et \u00e7a vaut le d\u00e9tour &#8211; We Love Tennis"},"content":{"rendered":"<ol>\n<li><a href=\"https:\/\/news.google.com\/rss\/articles\/CBMinwFBVV95cUxQNzJIVWhZUzh6d2Q1WnRUeFBEeGQtdlVRMlB6WUN1N2dyVk1ZdTZRc3U1dkJWNlczeVdnZnpOcXh4M2JRVzFvMk5DOVYxUkROTjVWUmlsYUl0T0tfdWJMcFRhbzFNQ3VmcHhPQ3JieERaVzlkcEpCVlhDYnZ0Wnl5LWliSGZFRDJIcU45QjY5SG1vc0VHU0ZpMzNPSUsyRWs?oc=5\" target=\"_blank\" rel=\"noopener\">US Open &gt; Alcaraz change encore de coupe de cheveux et \u00e7a vaut le d\u00e9tour<\/a>&nbsp;&nbsp;We Love Tennis<\/li>\n<li><a href=\"https:\/\/news.google.com\/rss\/articles\/CBMixgJBVV95cUxPckhlbTdFSXBZaER0MmtsUWp1eHJpMFdZUjFBRk83Q194WTdrTzdPblZ5blJrNVVITVNvR29SUnNpQVFDb0dSWkY4NjhENnlFNnZHOUhBbzJnR0Y4Y2tHUDl6U2xrVlFJRS1pSkpvTUk3Q2ZoNVA5M3AyRjhhVXYzYXRub2VNRG5sT1A4RFVXUzk0VlBoZlNCM05ybFVIS1NvdkJxUlprVFdiNUVqZGc5NXNXYUpzNEptZ3VrZFJma3FsRk9QNVpaQ1hvbjBLbW9vdWppV0hFOEVYSmNTaVB1b25oOTlKUTgyaXpLZUxnaHpiUi1lSnlRcERvQXZidUhmdTB3ZDE4NzM3eTJXbURsVE1KdWg0MjB2anNFcnJtTGItTWJhbTNsWnBjZGZQMjZqTE9rQTMyb3dPMktGSGtybEtZOHB4Zw?oc=5\" target=\"_blank\" rel=\"noopener\">US Open &gt; Jennifer Capriati pose une vraie question sur le \u00ab\u00a0nouveau\u00a0\u00bb Carlos Alcaraz : \u00ab\u00a0Je ne pense pas l&rsquo;avoir d\u00e9j\u00e0 vu comme \u00e7a. Est-ce qu&rsquo;il est devenu plus rapide ou est-ce sa nouvelle coupe de cheveux qui lui donne cette impression ?\u00a0\u00bb<\/a>&nbsp;&nbsp;We Love Tennis<\/li>\n<li><a href=\"https:\/\/news.google.com\/rss\/articles\/CBMigwFBVV95cUxOYlJSRTc0Ri14ZzN3T1RIYVNNNFVpaFFFc2hkZ2hPNnRERUI0Vi1jY293eWdhUngxOWhHYU5lOVZqUUFKcW1uU0szX2dON1ZNU29VWGxBZ0pkTjZnbGc2ZTBDbnlYNjhXZDVxMzhmQm94eUxKUjZ4aEM0eDZsR2h1OGJRaw?oc=5\" target=\"_blank\" rel=\"noopener\">\u00ab Sa plus grande arme est sa coupe de cheveux \u00bb, l\u2019analyse inattendue de Mouratoglou sur la forme d\u2019Alcaraz \u00e0 l\u2019US Open<\/a>&nbsp;&nbsp;Tennis Temple<\/li>\n<li><a href=\"https:\/\/news.google.com\/rss\/articles\/CBMinwJBVV95cUxQZjk2SjhqbUp6Y1RidzhJLXZxUXpYa3NoeGpZM2J6QklfZUtXRHI2Nlk1c3UyZ19YWUszZWhodl9iOXdkcDZUOGRPd3dndE55NXd3Yi0yRmRRSzRoNktiS2FoZzVYemZwZUhJeDF0X1ViajJTZ3lOYlFILXVHZklROVdqQ0F6cjc4MEpWem9pM3hyLUwtYXR5ai15eUxBcVdFMHhFRS1ISVdBMjNXUWVGcW5mSkdUMVBoOVZvMmFoZU5pRUJPSDRKMW45ajF6SWpLX2Y2TFMtdEZlSXZ5R1lVXzZ5ZWhpTWlKLXl0OXRCZ0oxeEJRQ1hGRmxpNTBURnRnRFlNR3NIa0lXazdJRGdUajVDWDJOenI0cEI5blNRQQ?oc=5\" target=\"_blank\" rel=\"noopener\">Alcaraz annonce la couleur en cas de victoire face \u00e0 Sinner en finale : \u00ab Elle sera encore meilleure, vous verrez. Surprise, surprise \u00bb<\/a>&nbsp;&nbsp;MSN<\/li>\n<li><a href=\"https:\/\/news.google.com\/rss\/articles\/CBMizAJBVV95cUxOX0dxOThKSUZVMVhqbG1qZkdNR2ZMeENzU243ejRhakE2b3ZtQzMxbWlnSXRfdTdCZVpFTEx3bk9CRFpaeU1OdVVrb2d3RUQ4UjNvaXZkSVVNNzJQSnN0NjRZc0ozNUtSR3pOY0tsM2l6N2hEVGpFWWg2bE9sNWFzWWhWRmVzWElCcTR4cFpiUzRXS0lBTUxHQlFjbVNvZFhSVWNmOU9xSXlaSlFlc1BpeC1QR1hpb0RsVVZvTDJzUWQ0YVFnNVdFR2xLZ2VGTWpjaGZrU1BYOVFXMHdsczRnREhCQ3llVGx5ZVdrdmlfOEdCZmk4dUxzSVhQRE1EOFNNVHRLNi1LS1BzZEd6eElLWUROLTJTYzdMOTNzalV5SWFYN1RlaVlpWnl5SzJQRDJWdXd2djRnUHJCZVpkVDZFZVRmRlNPQjZzVkZVYg?oc=5\" target=\"_blank\" rel=\"noopener\">Patrick Mouratoglou, avant la demi\u2010finale entre Alcaraz et Djokovic : \u00ab Je pense que l\u2019atout prin\u00adcipal de Carlos sur cet US Open est sa coupe de cheveux. Elle met en valeur sa force physique et son \u00e9nergie brute \u00bb<\/a>&nbsp;&nbsp;We Love Tennis<\/li>\n<\/ol>\n","protected":false},"excerpt":{"rendered":"US Open &gt; Alcaraz change encore de coupe de cheveux et \u00e7a vaut le d\u00e9tour&nbsp;&nbsp;We Love Tennis US&hellip;\n","protected":false},"author":2,"featured_media":375907,"comment_status":"","ping_status":"","sticky":false,"template":"","format":"standard","meta":{"footnotes":""},"categories":[1415],"tags":[1744,1011,27,2127,60,1467],"class_list":{"0":"post-379701","1":"post","2":"type-post","3":"status-publish","4":"format-standard","5":"has-post-thumbnail","7":"category-tennis","8":"tag-alcaraz","9":"tag-fr","10":"tag-france","11":"tag-sinner","12":"tag-sports","13":"tag-tennis"},"share_on_mastodon":{"url":"https:\/\/pubeurope.com\/@fr\/115178809798731758","error":""},"_links":{"self":[{"href":"https:\/\/www.europesays.com\/fr\/wp-json\/wp\/v2\/posts\/379701","targetHints":{"allow":["GET"]}}],"collection":[{"href":"https:\/\/www.europesays.com\/fr\/wp-json\/wp\/v2\/posts"}],"about":[{"href":"https:\/\/www.europesays.com\/fr\/wp-json\/wp\/v2\/types\/post"}],"author":[{"embeddable":true,"href":"https:\/\/www.europesays.com\/fr\/wp-json\/wp\/v2\/users\/2"}],"replies":[{"embeddable":true,"href":"https:\/\/www.europesays.com\/fr\/wp-json\/wp\/v2\/comments?post=379701"}],"version-history":[{"count":0,"href":"https:\/\/www.europesays.com\/fr\/wp-json\/wp\/v2\/posts\/379701\/revisions"}],"wp:featuredmedia":[{"embeddable":true,"href":"https:\/\/www.europesays.com\/fr\/wp-json\/wp\/v2\/media\/375907"}],"wp:attachment":[{"href":"https:\/\/www.europesays.com\/fr\/wp-json\/wp\/v2\/media?parent=379701"}],"wp:term":[{"taxonomy":"category","embeddable":true,"href":"https:\/\/www.europesays.com\/fr\/wp-json\/wp\/v2\/categories?post=379701"},{"taxonomy":"post_tag","embeddable":true,"href":"https:\/\/www.europesays.com\/fr\/wp-json\/wp\/v2\/tags?post=379701"}],"curies":[{"name":"wp","href":"https:\/\/api.w.org\/{rel}","templated":true}]}}