{"id":379702,"date":"2025-09-10T07:26:15","date_gmt":"2025-09-10T07:26:15","guid":{"rendered":"https:\/\/www.europesays.com\/fr\/379702\/"},"modified":"2025-09-10T07:26:15","modified_gmt":"2025-09-10T07:26:15","slug":"moto2-catalogne-nous-faisons-partie-des-plus-forts-le-resultat-natteint-pas-la-confiance-de-barry-baltus","status":"publish","type":"post","link":"https:\/\/www.europesays.com\/fr\/379702\/","title":{"rendered":"Moto2 Catalogne : \u00ab Nous faisons partie des plus forts \u00bb, le r\u00e9sultat n&rsquo;atteint pas la confiance de Barry Baltus"},"content":{"rendered":"<p class=\"my-2 [&amp;+p]:mt-4 [&amp;_strong:has(+br)]:inline-block [&amp;_strong:has(+br)]:pb-2\">\n<strong>Le Grand Prix de Catalogne aura \u00e9t\u00e9 plein de contrastes<br \/>\npour Fantic Racing Lino Sonego. Si la malchance a frapp\u00e9 Aron<br \/>\nCanet, contraint \u00e0 l\u2019abandon apr\u00e8s une chute, Barry Baltus a pour<br \/>\nsa part livr\u00e9 une prestation solide, conclue par une dixi\u00e8me place.<br \/>\nUn r\u00e9sultat qui ne refl\u00e8te pas totalement son potentiel, mais qui<br \/>\nconfirme reste une satisfaction apr\u00e8s la p\u00e9nalit\u00e9 qui lui a \u00e9t\u00e9<br \/>\ninflig\u00e9e.<\/strong><\/p>\n<p class=\"my-2 [&amp;+p]:mt-4 [&amp;_strong:has(+br)]:inline-block [&amp;_strong:has(+br)]:pb-2\">\nCinqui\u00e8me en qualifications, Baltus avait vu sa performance annul\u00e9e<br \/>\npar une p\u00e9nalit\u00e9, qui l\u2019a repouss\u00e9 en quatorzi\u00e8me position sur la<br \/>\ngrille. D\u00e8s le premier tour, le Belge a encore perdu de pr\u00e9cieuses<br \/>\nplaces, se retrouvant 21e. Mais, loin de baisser les bras, il a<br \/>\nentam\u00e9 une remont\u00e9e m\u00e9thodique, alignant un rythme comp\u00e9titif et<br \/>\nencha\u00eenant les d\u00e9passements.<\/p>\n<p class=\"my-2 [&amp;+p]:mt-4 [&amp;_strong:has(+br)]:inline-block [&amp;_strong:has(+br)]:pb-2\">\nSa gestion des pneus a toutefois compliqu\u00e9 les deux derniers tours,<br \/>\no\u00f9 son rythme a chut\u00e9. N\u00e9anmoins, il a su r\u00e9sister suffisamment<br \/>\npour conserver son top-10. \u00ab Ce n\u2019est pas le r\u00e9sultat que nous<br \/>\nvoulions, surtout parce que le premier tour a \u00e9t\u00e9 compliqu\u00e9 : je<br \/>\nsuis parti 14e et je me suis retrouv\u00e9 directement 21e \u00bb,<br \/>\n<a href=\"https:\/\/www.fantic.com\/be-fr\/content-News\/catalan-gp-top-10-for-baltus-crash-for-canet_6p225\" target=\"_blank\" rel=\"noopener\"><br \/>\nreconna\u00eet-il<\/a>. \u00ab La p\u00e9nalit\u00e9 d\u2019hier ne m\u2019a pas aid\u00e9 du tout,<br \/>\nmais les sensations avec la moto \u00e9taient excellentes et le rythme<br \/>\n\u00e9tait bon. J\u2019ai eu un peu de mal avec les pneus dans les deux<br \/>\nderniers tours, mais dans l\u2019ensemble, j\u2019ai fait un grand pas en<br \/>\navant par rapport \u00e0 l\u2019an dernier. La confiance est \u00e9lev\u00e9e pour la<br \/>\nprochaine course : sans le drapeau jaune et la p\u00e9nalit\u00e9 d\u2019hier,<br \/>\nnous aurions pu partir en pole, et cela montre que nous faisons<br \/>\npartie des plus forts. Nous devons garder ce m\u00eame \u00e9tat d\u2019esprit<br \/>\navant Misano, et j\u2019ai h\u00e2te de retrouver la moto vendredi.<br \/>\n\u00bb<\/p>\n<p class=\"my-2 [&amp;+p]:mt-4 [&amp;_strong:has(+br)]:inline-block [&amp;_strong:has(+br)]:pb-2\">\nPour Roberto Locatelli, team manager de Fantic Racing, le bilan est<br \/>\nclair : le rythme de Baltus valait mieux que le r\u00e9sultat brut.<br \/>\n\u00ab La p\u00e9nalit\u00e9 d\u2019hier a vraiment affect\u00e9 sa position au d\u00e9part,<br \/>\nmais son rythme \u00e9tait digne d\u2019un podium et sa course tr\u00e8s positive<br \/>\n\u00bb, analyse-t-il. Une lecture confirm\u00e9e par la prestation en<br \/>\npiste : sans ce d\u00e9part contraint du milieu de grille, le Belge<br \/>\naurait pu se m\u00ealer \u00e0 la lutte pour les places d\u2019honneur.<\/p>\n<p class=\"my-2 [&amp;+p]:mt-4 [&amp;_strong:has(+br)]:inline-block [&amp;_strong:has(+br)]:pb-2\">\nEn parall\u00e8le, l\u2019\u00e9quipe a v\u00e9cu une d\u00e9ception avec Aron Canet, rapide<br \/>\net consistant dans les premiers tours, avant une chute au virage 7<br \/>\ndu 11e tour. Si la frayeur fut grande, les examens m\u00e9dicaux ont<br \/>\nrassur\u00e9 : aucune fracture n\u2019a \u00e9t\u00e9 d\u00e9tect\u00e9e pour l\u2019Espagnol, qui<br \/>\ndevrait \u00eatre apte \u00e0 disputer la course \u00e0 Misano.<\/p>\n<p><a href=\"https:\/\/www.paddock-gp.com\/wp-content\/uploads\/2025\/09\/4ad598051f304214bbda2139f8d544dd.png\" target=\"_blank\" rel=\"noopener\"><br \/>\n<img loading=\"lazy\" decoding=\"async\" aria-describedby=\"caption-attachment-1327920\" class=\"wp-image-1327920 size-large\" src=\"https:\/\/www.europesays.com\/fr\/wp-content\/uploads\/2025\/09\/4ad598051f304214bbda2139f8d544dd-400x400.png\" alt=\"\" width=\"400\" height=\"400\"  \/><\/a><\/p>\n<p id=\"caption-attachment-1327920\" class=\"wp-caption-text\">\u00a9 Fantic<br \/>\nRacing<\/p>\n<p><strong>Photo de couverture : Zelos\u00a0<\/strong><\/p>\n","protected":false},"excerpt":{"rendered":"Le Grand Prix de Catalogne aura \u00e9t\u00e9 plein de contrastes pour Fantic Racing Lino Sonego. Si la malchance&hellip;\n","protected":false},"author":2,"featured_media":379703,"comment_status":"","ping_status":"","sticky":false,"template":"","format":"standard","meta":{"footnotes":""},"categories":[1413],"tags":[1011,27,1457,1456,60],"class_list":{"0":"post-379702","1":"post","2":"type-post","3":"status-publish","4":"format-standard","5":"has-post-thumbnail","7":"category-moto","8":"tag-fr","9":"tag-france","10":"tag-moto","11":"tag-motocycle","12":"tag-sports"},"share_on_mastodon":{"url":"https:\/\/pubeurope.com\/@fr\/115178818062920803","error":""},"_links":{"self":[{"href":"https:\/\/www.europesays.com\/fr\/wp-json\/wp\/v2\/posts\/379702","targetHints":{"allow":["GET"]}}],"collection":[{"href":"https:\/\/www.europesays.com\/fr\/wp-json\/wp\/v2\/posts"}],"about":[{"href":"https:\/\/www.europesays.com\/fr\/wp-json\/wp\/v2\/types\/post"}],"author":[{"embeddable":true,"href":"https:\/\/www.europesays.com\/fr\/wp-json\/wp\/v2\/users\/2"}],"replies":[{"embeddable":true,"href":"https:\/\/www.europesays.com\/fr\/wp-json\/wp\/v2\/comments?post=379702"}],"version-history":[{"count":0,"href":"https:\/\/www.europesays.com\/fr\/wp-json\/wp\/v2\/posts\/379702\/revisions"}],"wp:featuredmedia":[{"embeddable":true,"href":"https:\/\/www.europesays.com\/fr\/wp-json\/wp\/v2\/media\/379703"}],"wp:attachment":[{"href":"https:\/\/www.europesays.com\/fr\/wp-json\/wp\/v2\/media?parent=379702"}],"wp:term":[{"taxonomy":"category","embeddable":true,"href":"https:\/\/www.europesays.com\/fr\/wp-json\/wp\/v2\/categories?post=379702"},{"taxonomy":"post_tag","embeddable":true,"href":"https:\/\/www.europesays.com\/fr\/wp-json\/wp\/v2\/tags?post=379702"}],"curies":[{"name":"wp","href":"https:\/\/api.w.org\/{rel}","templated":true}]}}