{"id":379708,"date":"2025-09-10T07:29:10","date_gmt":"2025-09-10T07:29:10","guid":{"rendered":"https:\/\/www.europesays.com\/fr\/379708\/"},"modified":"2025-09-10T07:29:10","modified_gmt":"2025-09-10T07:29:10","slug":"lavis-fort-de-kylian-mbappe-sur-zinedine-zidane","status":"publish","type":"post","link":"https:\/\/www.europesays.com\/fr\/379708\/","title":{"rendered":"l\u2019avis fort de Kylian Mbapp\u00e9 sur Zinedine Zidane"},"content":{"rendered":"<p>Hier soir, les Bleus ont r\u00e9ussi \u00e0 s\u2019extirper du pi\u00e8ge islandais (victoire 2 \u00e0 1). Buteur sur p\u00e9nalty au Parc des Princes, <a href=\"https:\/\/www.footmercato.net\/joueur\/kylian-mbappe\/\" target=\"_blank\" rel=\"noopener\">Kylian Mbapp\u00e9<\/a> (26 ans) a fini ce rassemblement de septembre sur une belle note. Ce mercredi matin, le Fran\u00e7ais fait parler de lui pour une interview donn\u00e9e au <a href=\"https:\/\/www.lequipe.fr\/Football\/Article\/Grand-recit-kylian-mbappe-si-je-n-avais-pas-cette-passion-le-monde-du-football-m-aurait-degoute-depuis-longtemps\/1591757\" target=\"_blank\" rel=\"noopener\">Magazine L\u2019Equipe<\/a>. Il a \u00e9voqu\u00e9 divers sujets, notamment celui de la succession de Didier Deschamps, avec lequel il entretient une bonne relation. Il a \u00e9t\u00e9 question de Zinedine <a href=\"https:\/\/www.footmercato.net\/entraineur\/zinedine-zidane\" target=\"_blank\" rel=\"noopener\">Zidane<\/a>, qui est le grand favori pour reprendre le flambeau sur le banc tricolore. <\/p>\n<p>            La suite apr\u00e8s cette publicit\u00e9<\/p>\n<p>\u00abAvec lui, pas besoin de faire compliqu\u00e9. C\u2019est Zidane. Personne ne va dire non. Il n\u2019y a que lui qui le peut. Si c\u2019est lui, OK ! Et si c\u2019est un autre, OK aussi. Mais lui, c\u2019est le seul dans l\u2019histoire du foot fran\u00e7ais qui a quasiment tous les droits.\u00bb KM10 a aussi confi\u00e9 au sujet de ZZ. \u00abZidane, par exemple, c\u2019est une histoire qui n\u2019existe qu\u2019une fois. Tu peux juste admirer la grandeur. Personne ne pourra refaire \u00e7a, avoir cette image-l\u00e0. C\u2019\u00e9tait une \u00e9poque particuli\u00e8re, un temps particulier. Un joueur particulier ! C\u2019\u00e9tait compl\u00e8tement diff\u00e9rent. Mais quand on regarde les sportifs fran\u00e7ais, et on a de la chance d\u2019en avoir des grands, tous ont \u00e9t\u00e9 massacr\u00e9s \u00e0 un moment donn\u00e9 par l\u2019opinion publique. Je pense que c\u2019est un passage oblig\u00e9, et je n\u2019ai pas de souci avec \u00e7a.\u00bb<\/p>\n<p>\n    Pub. le 10\/09\/2025 07:18<br \/>\n            &#8211; MAJ le 10\/09\/2025 09:17\n    <\/p>\n","protected":false},"excerpt":{"rendered":"Hier soir, les Bleus ont r\u00e9ussi \u00e0 s\u2019extirper du pi\u00e8ge islandais (victoire 2 \u00e0 1). Buteur sur p\u00e9nalty&hellip;\n","protected":false},"author":2,"featured_media":379709,"comment_status":"","ping_status":"","sticky":false,"template":"","format":"standard","meta":{"footnotes":""},"categories":[1410],"tags":[63,1011,27,60],"class_list":{"0":"post-379708","1":"post","2":"type-post","3":"status-publish","4":"format-standard","5":"has-post-thumbnail","7":"category-football","8":"tag-football","9":"tag-fr","10":"tag-france","11":"tag-sports"},"share_on_mastodon":{"url":"https:\/\/pubeurope.com\/@fr\/115178829501121840","error":""},"_links":{"self":[{"href":"https:\/\/www.europesays.com\/fr\/wp-json\/wp\/v2\/posts\/379708","targetHints":{"allow":["GET"]}}],"collection":[{"href":"https:\/\/www.europesays.com\/fr\/wp-json\/wp\/v2\/posts"}],"about":[{"href":"https:\/\/www.europesays.com\/fr\/wp-json\/wp\/v2\/types\/post"}],"author":[{"embeddable":true,"href":"https:\/\/www.europesays.com\/fr\/wp-json\/wp\/v2\/users\/2"}],"replies":[{"embeddable":true,"href":"https:\/\/www.europesays.com\/fr\/wp-json\/wp\/v2\/comments?post=379708"}],"version-history":[{"count":0,"href":"https:\/\/www.europesays.com\/fr\/wp-json\/wp\/v2\/posts\/379708\/revisions"}],"wp:featuredmedia":[{"embeddable":true,"href":"https:\/\/www.europesays.com\/fr\/wp-json\/wp\/v2\/media\/379709"}],"wp:attachment":[{"href":"https:\/\/www.europesays.com\/fr\/wp-json\/wp\/v2\/media?parent=379708"}],"wp:term":[{"taxonomy":"category","embeddable":true,"href":"https:\/\/www.europesays.com\/fr\/wp-json\/wp\/v2\/categories?post=379708"},{"taxonomy":"post_tag","embeddable":true,"href":"https:\/\/www.europesays.com\/fr\/wp-json\/wp\/v2\/tags?post=379708"}],"curies":[{"name":"wp","href":"https:\/\/api.w.org\/{rel}","templated":true}]}}