{"id":37971,"date":"2025-04-20T04:19:25","date_gmt":"2025-04-20T04:19:25","guid":{"rendered":"https:\/\/www.europesays.com\/fr\/37971\/"},"modified":"2025-04-20T04:19:25","modified_gmt":"2025-04-20T04:19:25","slug":"paray-le-monial-le-salon-du-livre-se-poursuit-ce-dimanche","status":"publish","type":"post","link":"https:\/\/www.europesays.com\/fr\/37971\/","title":{"rendered":"Paray-le-Monial. Le Salon du livre se poursuit ce dimanche"},"content":{"rendered":"<p>D\u00e8s vendredi, les membres de l\u2019association \u201cD\u2019hier et d\u2019aujourd\u2019hui\u201d se sont affair\u00e9s \u00e0 am\u00e9nager la grande salle du Centre culturel et de congr\u00e8s. <a href=\"https:\/\/www.lejsl.com\/pour-sortir\/loisirs\/Salon-foire-concours-agricole\/Autres-salons-foires-concours\/Bourgogne\/Saone-et-loire\/Paray-le-monial\/2025\/04\/19\/2e-salon-du-livre\" target=\"_blank\" rel=\"noopener\">La seconde \u00e9dition du Salon du livre<\/a> s\u2019annon\u00e7ait bien samedi matin, \u00e0 10\u00a0heures, avec 80 auteurs divers qui ont r\u00e9pondu \u00e0 l\u2019invitation du pr\u00e9sident Jean-Paul Rey.<\/p>\n<p>S\u2019adressant aux \u00e9lus et repr\u00e9sentants des corps constitu\u00e9s pr\u00e9sents \u00e0 l\u2019inauguration, Jean-Paul Rey, entour\u00e9 des parrains Albine Novarino et Marc Petit, auteurs, a remerci\u00e9 l\u2019assistance, soulignant que \u00ab\u00a0nous avons environ 20 exposants de plus qu\u2019en 2024, et 40\u00a0% de nouveaux, parfois venus de loin, comme le Pas-de-Calais ou Nice\u00a0\u00bb.\u00a0Ce dimanche, \u00e0 15\u00a0heures, Albine Novarino \u00e9voquera un triste personnage n\u00e9 \u00e0 Paray-le-Monial, \u00c9mile Buisson, ennemi public n\u00b0\u00a01. Marc Petit pr\u00e9sentera quant \u00e0 lui ses articles \u00e0 base de vieux livres et ses projets.<\/p>\n<p class=\"note\">Pratique\u00a0: ouverture des portes \u00e0 10\u00a0heures, cl\u00f4ture \u00e0 18\u00a0heures. Restauration \u00e0 midi\u00a0: 12\u00a0\u20ac. R\u00e9servation au 07.71.10.03.52. Vente de produits faits maison.<\/p>\n","protected":false},"excerpt":{"rendered":"D\u00e8s vendredi, les membres de l\u2019association \u201cD\u2019hier et d\u2019aujourd\u2019hui\u201d se sont affair\u00e9s \u00e0 am\u00e9nager la grande salle du&hellip;\n","protected":false},"author":2,"featured_media":37972,"comment_status":"","ping_status":"","sticky":false,"template":"","format":"standard","meta":{"footnotes":""},"categories":[1357],"tags":[1379,1687,58,3895,59,107,1685,1011,27,1380,12015,12016],"class_list":{"0":"post-37971","1":"post","2":"type-post","3":"status-publish","4":"format-standard","5":"has-post-thumbnail","7":"category-livres","8":"tag-books","9":"tag-culture-loisirs","10":"tag-divertissement","11":"tag-edition-charolais-brionnais","12":"tag-entertainment","13":"tag-fil-info","14":"tag-foire-et-salon","15":"tag-fr","16":"tag-france","17":"tag-livres","18":"tag-paray-le-monial","19":"tag-paray-le-monial-bassin"},"share_on_mastodon":{"url":"https:\/\/pubeurope.com\/@fr\/114368372032425556","error":""},"_links":{"self":[{"href":"https:\/\/www.europesays.com\/fr\/wp-json\/wp\/v2\/posts\/37971","targetHints":{"allow":["GET"]}}],"collection":[{"href":"https:\/\/www.europesays.com\/fr\/wp-json\/wp\/v2\/posts"}],"about":[{"href":"https:\/\/www.europesays.com\/fr\/wp-json\/wp\/v2\/types\/post"}],"author":[{"embeddable":true,"href":"https:\/\/www.europesays.com\/fr\/wp-json\/wp\/v2\/users\/2"}],"replies":[{"embeddable":true,"href":"https:\/\/www.europesays.com\/fr\/wp-json\/wp\/v2\/comments?post=37971"}],"version-history":[{"count":0,"href":"https:\/\/www.europesays.com\/fr\/wp-json\/wp\/v2\/posts\/37971\/revisions"}],"wp:featuredmedia":[{"embeddable":true,"href":"https:\/\/www.europesays.com\/fr\/wp-json\/wp\/v2\/media\/37972"}],"wp:attachment":[{"href":"https:\/\/www.europesays.com\/fr\/wp-json\/wp\/v2\/media?parent=37971"}],"wp:term":[{"taxonomy":"category","embeddable":true,"href":"https:\/\/www.europesays.com\/fr\/wp-json\/wp\/v2\/categories?post=37971"},{"taxonomy":"post_tag","embeddable":true,"href":"https:\/\/www.europesays.com\/fr\/wp-json\/wp\/v2\/tags?post=37971"}],"curies":[{"name":"wp","href":"https:\/\/api.w.org\/{rel}","templated":true}]}}