{"id":379722,"date":"2025-09-10T07:36:12","date_gmt":"2025-09-10T07:36:12","guid":{"rendered":"https:\/\/www.europesays.com\/fr\/379722\/"},"modified":"2025-09-10T07:36:12","modified_gmt":"2025-09-10T07:36:12","slug":"les-gens-qui-prennent-leur-douche-le-soir","status":"publish","type":"post","link":"https:\/\/www.europesays.com\/fr\/379722\/","title":{"rendered":"les gens qui prennent leur douche le soir&#8230;"},"content":{"rendered":"<p class=\"mb-4 text-lg md:leading-8 break-words\">Il y a ceux qu&rsquo;elle r\u00e9veille au saut du lit, et ceux qu&rsquo;elle aide \u00e0 mieux dormir apr\u00e8s une journ\u00e9e \u00e9reintante. En mati\u00e8re de douche, tout le monde a ses propres habitudes. Bien s\u00fbr, on peut la jouer h\u00e9sitant et opter pour les deux solutions, mais ce n&rsquo;est pas tr\u00e8s \u00e9cologique ! Alors, si choix il y a, quelle est la meilleure option ? Le matin, ou le soir ? La question semble simple, mais elle divise. Relay\u00e9e par le m\u00e9dia Noovomoi.ca, la r\u00e9ponse d&rsquo;une dermatologue, justifi\u00e9e scientifiquement, pourrait vous faire revoir votre copie&#8230; et votre routine.<\/p>\n<p>Douche du matin ou douche du soir, les deux \u00e9quipes s&rsquo;opposent<\/p>\n<p class=\"mb-4 text-lg md:leading-8 break-words\">Pour beaucoup, la douche du matin est un moment sacr\u00e9. Elle aide \u00e0 sortir, tout en douceur, des bras de Morph\u00e9e qui nous enveloppent encore, et <strong>donne le coup de fouet n\u00e9cessaire pour d\u00e9marrer la journ\u00e9e<\/strong>. Ceux qui sont de cette \u00e9cole ne pourraient d&rsquo;ailleurs pas commencer leur journ\u00e9e sans un passage sous l&rsquo;eau. Pour d&rsquo;autres, la toilette de chat est de mise de matin, et la douche se prend le soir. Ces m\u00eames personnes assurent \u00e9galement que <strong>cette habitude est plus hygi\u00e9nique<\/strong>. En effet, apr\u00e8s une journ\u00e9e de pollution, de maquillage et d&rsquo;impuret\u00e9s accumul\u00e9s, se laver avant d&rsquo;aller se coucher permet, selon eux, de d\u00e9barrasser la peau de ces \u00e9l\u00e9ments qu&rsquo;on ne souhaite pas garder. Ils affirment enfin que \u00e7a \u00e9vite de \u00ab\u00a0souiller les draps\u00a0\u00bb. Mais alors, qui a raison, qui a tort ?<\/p>\n<p>Comment ce moment influence sur les allergies saisonni\u00e8res<\/p>\n<p class=\"mb-4 text-lg md:leading-8 break-words\">On (&#8230;)<\/p>\n<p class=\"mb-4 text-lg md:leading-8 break-words\"><a href=\"https:\/\/www.grazia.fr\/beaute\/soins-visage-corps\/une-dermatologue-tranche-les-gens-qui-prennent-leur-douche-le-soir-1143614.html?utm_campaign=partenariat&amp;utm_source=yahoo-articles&amp;utm_medium=flux\" rel=\"nofollow noopener\" target=\"_blank\" data-ylk=\"slk:Lire la suite sur Grazia;elm:context_link;itc:0;sec:content-canvas\" class=\"link \">Lire la suite sur Grazia<\/a><\/p>\n<p class=\"mb-4 text-lg md:leading-8 break-words\"><a href=\"https:\/\/www.grazia.fr\/people\/matthew-mcconaughey-55-ans-et-son-fils-levi-17-ans-font-sensation-au-festival-de-toronto-1185450.html?utm_campaign=partenariat&amp;utm_source=yahoo-articles&amp;utm_medium=flux\" rel=\"nofollow noopener\" target=\"_blank\" data-ylk=\"slk:Matthew McConaughey, 55 ans, et son fils Levi, 17 ans, font sensation au Festival de Toronto;elm:context_link;itc:0;sec:content-canvas\" class=\"link \">Matthew McConaughey, 55 ans, et son fils Levi, 17 ans, font sensation au Festival de Toronto<\/a><br \/><a href=\"https:\/\/www.grazia.fr\/beaute\/soins-visage-corps\/carla-bruni-sarkozy-57-ans-methode-anti-age-barbare-pratique-chaque-jour-bien-vieillir-1175266.html?utm_campaign=partenariat&amp;utm_source=yahoo-articles&amp;utm_medium=flux\" rel=\"nofollow noopener\" target=\"_blank\" data-ylk=\"slk:Carla Bruni-Sarkozy (57 ans) : cette m\u00e9thode anti-\u00e2ge &quot;barbare&quot; qu&#039;elle pratique chaque jour pour bien vieillir;elm:context_link;itc:0;sec:content-canvas\" class=\"link \">Carla Bruni-Sarkozy (57 ans) : cette m\u00e9thode anti-\u00e2ge \u00ab\u00a0barbare\u00a0\u00bb qu&rsquo;elle pratique chaque jour pour bien vieillir<\/a><br \/><a href=\"https:\/\/www.grazia.fr\/people\/jai-mal-tout-le-temps-louane-28-ans-souffre-dune-maladie-auto-immune-handicapante-1185412.html?utm_campaign=partenariat&amp;utm_source=yahoo-articles&amp;utm_medium=flux\" rel=\"nofollow noopener\" target=\"_blank\" data-ylk=\"slk:&quot;J&#039;ai mal tout le temps&quot; : Louane, 28 ans, souffre d&#039;une maladie auto-immune handicapante;elm:context_link;itc:0;sec:content-canvas\" class=\"link \">\u00ab\u00a0J&rsquo;ai mal tout le temps\u00a0\u00bb : Louane, 28 ans, souffre d&rsquo;une maladie auto-immune handicapante<\/a><br \/><a href=\"https:\/\/www.grazia.fr\/beaute\/coiffure\/jennifer-aniston-samuse-a-coiffer-courteney-cox-dans-un-moment-de-complicite-1185398.html?utm_campaign=partenariat&amp;utm_source=yahoo-articles&amp;utm_medium=flux\" rel=\"nofollow noopener\" target=\"_blank\" data-ylk=\"slk:Jennifer Aniston s\u2019amuse \u00e0 coiffer Courteney Cox dans un moment de complicit\u00e9;elm:context_link;itc:0;sec:content-canvas\" class=\"link \">Jennifer Aniston s\u2019amuse \u00e0 coiffer Courteney Cox dans un moment de complicit\u00e9<\/a><br \/><a href=\"https:\/\/www.grazia.fr\/mode\/tendances-mode\/mirror-palais-quelle-est-cette-marque-girly-et-sexy-que-les-filles-stylees-tentent-de-garder-confidentielle-1018855.html?utm_campaign=partenariat&amp;utm_source=yahoo-articles&amp;utm_medium=flux\" rel=\"nofollow noopener\" target=\"_blank\" data-ylk=\"slk:Mirror Palais : quelle est cette marque ultra girly et sexy que les filles styl\u00e9es tentent de garder confidentielle ?;elm:context_link;itc:0;sec:content-canvas\" class=\"link \">Mirror Palais : quelle est cette marque ultra girly et sexy que les filles styl\u00e9es tentent de garder confidentielle ?<\/a><\/p>\n","protected":false},"excerpt":{"rendered":"Il y a ceux qu&rsquo;elle r\u00e9veille au saut du lit, et ceux qu&rsquo;elle aide \u00e0 mieux dormir apr\u00e8s&hellip;\n","protected":false},"author":2,"featured_media":379723,"comment_status":"","ping_status":"","sticky":false,"template":"","format":"standard","meta":{"footnotes":""},"categories":[10],"tags":[51309,1011,27,72,44166,71],"class_list":{"0":"post-379722","1":"post","2":"type-post","3":"status-publish","4":"format-standard","5":"has-post-thumbnail","7":"category-sante","8":"tag-bras-de-morphee","9":"tag-fr","10":"tag-france","11":"tag-health","12":"tag-le-matin","13":"tag-sante"},"share_on_mastodon":{"url":"https:\/\/pubeurope.com\/@fr\/115178857229307088","error":""},"_links":{"self":[{"href":"https:\/\/www.europesays.com\/fr\/wp-json\/wp\/v2\/posts\/379722","targetHints":{"allow":["GET"]}}],"collection":[{"href":"https:\/\/www.europesays.com\/fr\/wp-json\/wp\/v2\/posts"}],"about":[{"href":"https:\/\/www.europesays.com\/fr\/wp-json\/wp\/v2\/types\/post"}],"author":[{"embeddable":true,"href":"https:\/\/www.europesays.com\/fr\/wp-json\/wp\/v2\/users\/2"}],"replies":[{"embeddable":true,"href":"https:\/\/www.europesays.com\/fr\/wp-json\/wp\/v2\/comments?post=379722"}],"version-history":[{"count":0,"href":"https:\/\/www.europesays.com\/fr\/wp-json\/wp\/v2\/posts\/379722\/revisions"}],"wp:featuredmedia":[{"embeddable":true,"href":"https:\/\/www.europesays.com\/fr\/wp-json\/wp\/v2\/media\/379723"}],"wp:attachment":[{"href":"https:\/\/www.europesays.com\/fr\/wp-json\/wp\/v2\/media?parent=379722"}],"wp:term":[{"taxonomy":"category","embeddable":true,"href":"https:\/\/www.europesays.com\/fr\/wp-json\/wp\/v2\/categories?post=379722"},{"taxonomy":"post_tag","embeddable":true,"href":"https:\/\/www.europesays.com\/fr\/wp-json\/wp\/v2\/tags?post=379722"}],"curies":[{"name":"wp","href":"https:\/\/api.w.org\/{rel}","templated":true}]}}