{"id":379724,"date":"2025-09-10T07:37:11","date_gmt":"2025-09-10T07:37:11","guid":{"rendered":"https:\/\/www.europesays.com\/fr\/379724\/"},"modified":"2025-09-10T07:37:11","modified_gmt":"2025-09-10T07:37:11","slug":"islande-didier-deschamps-regrette-les-sifflets-insupportables-contre-adrien-rabiot","status":"publish","type":"post","link":"https:\/\/www.europesays.com\/fr\/379724\/","title":{"rendered":"Islande\u00a0: Didier Deschamps regrette les sifflets \u00ab\u00a0insupportables\u00a0\u00bb contre Adrien Rabiot"},"content":{"rendered":"<p>Kylian Mbapp\u00e9, <a href=\"https:\/\/www.20minutes.fr\/sport\/football\/bradley-barcola\/\" class=\"c-link c-link--is-underlined\" target=\"_blank\" rel=\"noopener\">Bradley Barcola<\/a>, Matteo Guendouzi, <a href=\"https:\/\/www.20minutes.fr\/dossier\/lucas_digne\" class=\"c-link c-link--is-underlined\" target=\"_blank\" rel=\"noopener\">Lucas Digne<\/a>, Jonathan Clauss\u2026 et d\u00e9sormais Adrien Rabiot. La liste des <a href=\"https:\/\/www.20minutes.fr\/sport\/football\/ligue-nations\/4109098-20240910-france-belgique-comment-deschamps-mbappe-surtout-barcola-pu-etre-conspues-point-parc-ol\" class=\"c-link c-link--is-underlined\" target=\"_blank\" rel=\"noopener\">joueurs siffl\u00e9s dans un stade fran\u00e7ais<\/a> sous le maillot des Bleus, puis d\u00e9fendus ensuite publiquement par Didier Deschamps, est interminable depuis\u00a02012. Le s\u00e9lectionneur de l\u2019<a href=\"https:\/\/www.20minutes.fr\/sport\/equipe-de-france-de-football\/\" class=\"c-link c-link--is-underlined\" target=\"_blank\" rel=\"noopener\">\u00e9quipe de France<\/a> a endoss\u00e9 de nouveau ce r\u00f4le apr\u00e8s la poussive <a href=\"https:\/\/www.20minutes.fr\/sport\/football\/4172095-20250909-direct-france-islande-apres-polemique-deschamps-vs-psg-place-victoire-sympa-bleus-suivez-match-20-heures\" class=\"c-link c-link--is-underlined\" target=\"_blank\" rel=\"noopener\">victoire contre l\u2019Islande (2-1)<\/a> mardi. Sans surprise, malgr\u00e9 son r\u00e9cent d\u00e9part de l\u2019OM \u00e0 l\u2019AC Milan, l\u2019ancien milieu du PSG <a href=\"https:\/\/www.20minutes.fr\/dossier\/adrien_rabiot\" class=\"c-link c-link--is-underlined\" target=\"_blank\" rel=\"noopener\">Adrien Rabiot<\/a> a \u00e9t\u00e9 pris en grippe +++ par le public du Parc des Princes \u00e0 son entr\u00e9e en jeu \u00e0 la 70e minute, puis \u00e0 chaque ballon touch\u00e9.<\/p>\n<\/p>\n<p>\u00ab\u00a0C\u2019est inacceptable, a regrett\u00e9 DD \u00e0 chaud au micro de TF1. C\u2019est un joueur de l\u2019\u00e9quipe de France, il porte ce maillot. Quand il est en club, cela ne me regarde pas. Adrien est suffisamment solide, il les a retourn\u00e9s sur la derni\u00e8re action [via un tacle d\u00e9terminant]. Si je dois tenir dans mes crit\u00e8res qui joue ici, chez l\u2019adversaire\u2026 Aucun joueur ne devrait subir \u00e7a. C\u2019est l\u2019\u00e9quipe de France, il est Fran\u00e7ais, comme tous les joueurs.\u00a0\u00bb<\/p>\n<p>Deschamps n\u2019a \u00ab\u00a0pas entendu\u00a0\u00bb les sifflets le visant<\/p>\n<p><a href=\"https:\/\/www.20minutes.fr\/sport\/didier_deschamps\/\" class=\"c-link c-link--is-underlined\" target=\"_blank\" rel=\"noopener\">Didier Deschamps<\/a> en a ensuite remis une couche en conf\u00e9rence de presse\u00a0: \u00ab\u00a0\u00c7a ne doit pas arriver, c\u2019est inadmissible, insupportable. Je ne vais pas me plaindre du public car on a un vrai public qui nous soutient mais \u00e7a n\u2019a pas lieu d\u2019\u00eatre, c\u2019est tout\u00a0\u00bb. En avant-match, le s\u00e9lectionneur avait lui aussi \u00e9t\u00e9 la cible de sifflets de nombreux spectateurs du Parc, en pleine <a href=\"https:\/\/www.20minutes.fr\/sport\/football\/4171878-20250908-equipe-france-psg-adversaire-insiste-didier-deschamps\" class=\"c-link c-link--is-underlined\" target=\"_blank\" rel=\"noopener\">pol\u00e9mique post-blessures d\u2019Ousmane Demb\u00e9l\u00e9 et de D\u00e9sir\u00e9 Dou\u00e9<\/a>.<\/p>\n<p>Comme un an plus t\u00f4t apr\u00e8s un <a href=\"https:\/\/www.20minutes.fr\/sport\/football\/ligue-nations\/4108666-20240909-direct-france-belgique-bleus-revanchards-apres-debacle-face-italie-suivez-match-20-heures-parc-ol\" class=\"c-link c-link--is-underlined\" target=\"_blank\" rel=\"noopener\">France-Belgique (2-0) disput\u00e9 au Parc OL<\/a> de Lyon-D\u00e9cines, DD a fourni la m\u00eame r\u00e9ponse \u00e0 ce sujet\u00a0: \u00ab\u00a0Je n\u2019ai pas entendu les miens, j\u2019\u00e9tais dans les vestiaires\u00a0\u00bb. Avant d\u2019encha\u00eener\u00a0: \u00ab\u00a0C\u2019est peut-\u00eatre les m\u00eames par rapport \u00e0 \u00ab\u00a0Adri\u00a0\u00bb [Rabiot]. Ce qui me g\u00eane, c\u2019est pour Adri\u00a0\u00bb.<\/p>\n<p><a href=\"https:\/\/www.20minutes.fr\/sport\/equipe-de-france-de-football\/\" class=\"c-link c-btn c-btn--primary\" target=\"_blank\" rel=\"noopener\">Notre dossier sur l&rsquo;\u00e9quipe de France<\/a><\/p>\n<p>Adrien Rabiot pourrait disputer son premier match dans son nouveau club de l\u2019AC Milan dimanche en affrontant Bologne\u2026 et Jonathan Rowe, <a href=\"https:\/\/www.20minutes.fr\/sport\/football\/ligue-1\/4168829-20250821-crise-om-coup-poing-chaos-malaise-bakola-vraiment-passe-vestiaire-marseillais\" class=\"c-link c-link--is-underlined\" target=\"_blank\" rel=\"noopener\">son ancien co\u00e9quipier avec qui il s\u2019est battu<\/a> apr\u00e8s une d\u00e9faite \u00e0 Rennes le 15\u00a0ao\u00fbt, ce qui a provoqu\u00e9 le d\u00e9part des deux joueurs de l\u2019OM.<\/p>\n","protected":false},"excerpt":{"rendered":"Kylian Mbapp\u00e9, Bradley Barcola, Matteo Guendouzi, Lucas Digne, Jonathan Clauss\u2026 et d\u00e9sormais Adrien Rabiot. La liste des joueurs&hellip;\n","protected":false},"author":2,"featured_media":379725,"comment_status":"","ping_status":"","sticky":false,"template":"","format":"standard","meta":{"footnotes":""},"categories":[9],"tags":[2329,18833,20532,64,6713,63,1011,27,2333,2782,2334,2332,517,60],"class_list":{"0":"post-379724","1":"post","2":"type-post","3":"status-publish","4":"format-standard","5":"has-post-thumbnail","7":"category-sports","8":"tag-adrien-rabiot","9":"tag-coupe-du-monde-2026","10":"tag-didier-deschamps","11":"tag-equipe-de-france","12":"tag-equipe-de-france-de-football","13":"tag-football","14":"tag-fr","15":"tag-france","16":"tag-olympique-de-marseille-om","17":"tag-ousmane-dembele","18":"tag-parc-des-princes","19":"tag-paris-saint-germain-psg","20":"tag-sport","21":"tag-sports"},"share_on_mastodon":{"url":"https:\/\/pubeurope.com\/@fr\/115178861055281461","error":""},"_links":{"self":[{"href":"https:\/\/www.europesays.com\/fr\/wp-json\/wp\/v2\/posts\/379724","targetHints":{"allow":["GET"]}}],"collection":[{"href":"https:\/\/www.europesays.com\/fr\/wp-json\/wp\/v2\/posts"}],"about":[{"href":"https:\/\/www.europesays.com\/fr\/wp-json\/wp\/v2\/types\/post"}],"author":[{"embeddable":true,"href":"https:\/\/www.europesays.com\/fr\/wp-json\/wp\/v2\/users\/2"}],"replies":[{"embeddable":true,"href":"https:\/\/www.europesays.com\/fr\/wp-json\/wp\/v2\/comments?post=379724"}],"version-history":[{"count":0,"href":"https:\/\/www.europesays.com\/fr\/wp-json\/wp\/v2\/posts\/379724\/revisions"}],"wp:featuredmedia":[{"embeddable":true,"href":"https:\/\/www.europesays.com\/fr\/wp-json\/wp\/v2\/media\/379725"}],"wp:attachment":[{"href":"https:\/\/www.europesays.com\/fr\/wp-json\/wp\/v2\/media?parent=379724"}],"wp:term":[{"taxonomy":"category","embeddable":true,"href":"https:\/\/www.europesays.com\/fr\/wp-json\/wp\/v2\/categories?post=379724"},{"taxonomy":"post_tag","embeddable":true,"href":"https:\/\/www.europesays.com\/fr\/wp-json\/wp\/v2\/tags?post=379724"}],"curies":[{"name":"wp","href":"https:\/\/api.w.org\/{rel}","templated":true}]}}